{"id":453188,"date":"2025-10-10T19:00:13","date_gmt":"2025-10-10T19:00:13","guid":{"rendered":"https:\/\/www.europesays.com\/fr\/453188\/"},"modified":"2025-10-10T19:00:13","modified_gmt":"2025-10-10T19:00:13","slug":"lenorme-pave-dans-la-mare-jete-par-toprak-razgatlioglu-concernant-les-pilotes-avec-un-aveu-choc","status":"publish","type":"post","link":"https:\/\/www.europesays.com\/fr\/453188\/","title":{"rendered":"l\u2019\u00e9norme pav\u00e9 dans la mare jet\u00e9 par Toprak Razgatlioglu concernant les pilotes, avec un aveu choc"},"content":{"rendered":"<p>Il est le leader du championnat du monde de superbike. L\u2019ann\u00e9e prochaine Toprak Razgatlioglu sera dans la cat\u00e9gorie MotoGP. Avec toutes les arriv\u00e9es de pilotes Moto2 et MotoGP comme Miguel Oliveira, le pilote turc r\u00e9alise des aveux chocs.<\/p>\n<p><b>Une cat\u00e9gorie diff\u00e9rente\u00a0<\/b><\/p>\n<p>Fervent d\u00e9fenseur de sa cat\u00e9gorie, le pilote r\u00e9alise des aveux chocs sur la diff\u00e9rence entre la MotoGP et le Superbike. \u201cTous les pilotes MotoGP auraient du mal en Superbike. S\u2019ils venaient ici sans la Ducati, ce serait tr\u00e8s difficile pour eux.\u201d via des propos relay\u00e9s par <a href=\"https:\/\/www.paddock-gp.com\/wsbk-le-coup-de-gueule-de-toprak-razgatlioglu-qui-fait-trembler-le-motogp-en-superbike-meme-marquez-serait-perdu-sans-la-ducati\/\" rel=\"nofollow noopener\" target=\"_blank\">paddock-gp.com<\/a> \u201cLe MotoGP est totalement diff\u00e9rent du SBK. Je pourrais finir top 10, voire top 15. 2026 sera une ann\u00e9e pour apprendre, sans attentes. Je sais que si je ne brille pas en MotoGP, tout le monde discr\u00e9ditera le Superbike. Mais les pilotes MotoGP gal\u00e9reraient en Superbike sans Ducati ! C\u2019est mon avis.\u201d conclut-il<\/p>\n<p>En vue de la domination \u00e9crasante de Ducati en MotoGP, Toprak lance un d\u00e9fi : venez en Superbike, sur une moto normale, et on verra qui sont les vrais champions. \u00a0 \u00a0 \u00a0<\/p>\n<p>\u00a0<\/p>\n<p>    Partagez cette info avec vos amis et vos proches en cliquant ici  <\/p>\n<p> Podcasts \u00e0 la une MEN LIFE <\/p>\n<p>    Pour r\u00e9sumer<\/p>\n<p>Toprak Razgatlioglu a lanc\u00e9 des aveux chocs \u00e0 propos de la MotoGP. Le pilote Turc qui doit int\u00e9grer la cat\u00e9gorie reine aux c\u00f4t\u00e9s de Jack Miller dans l&rsquo;\u00e9quipe Pramac ne cesse de d\u00e9fendre le Superbike avec des aveux choquants.<\/p>\n<p>R\u00e9dacteur<\/p>\n<p><img decoding=\"async\" width=\"76\" height=\"76\" loading=\"lazy\" src=\"https:\/\/www.europesays.com\/fr\/wp-content\/uploads\/2025\/04\/avatar-sport-am.png\" alt=\"Cylia Espiau\"\/><\/p>\n","protected":false},"excerpt":{"rendered":"Il est le leader du championnat du monde de superbike. L\u2019ann\u00e9e prochaine Toprak Razgatlioglu sera dans la cat\u00e9gorie&hellip;\n","protected":false},"author":2,"featured_media":453189,"comment_status":"","ping_status":"","sticky":false,"template":"","format":"standard","meta":{"footnotes":""},"categories":[1413],"tags":[1011,27,1457,1456,60],"class_list":{"0":"post-453188","1":"post","2":"type-post","3":"status-publish","4":"format-standard","5":"has-post-thumbnail","7":"category-moto","8":"tag-fr","9":"tag-france","10":"tag-moto","11":"tag-motocycle","12":"tag-sports"},"share_on_mastodon":{"url":"https:\/\/pubeurope.com\/@fr\/115351416823542852","error":""},"_links":{"self":[{"href":"https:\/\/www.europesays.com\/fr\/wp-json\/wp\/v2\/posts\/453188","targetHints":{"allow":["GET"]}}],"collection":[{"href":"https:\/\/www.europesays.com\/fr\/wp-json\/wp\/v2\/posts"}],"about":[{"href":"https:\/\/www.europesays.com\/fr\/wp-json\/wp\/v2\/types\/post"}],"author":[{"embeddable":true,"href":"https:\/\/www.europesays.com\/fr\/wp-json\/wp\/v2\/users\/2"}],"replies":[{"embeddable":true,"href":"https:\/\/www.europesays.com\/fr\/wp-json\/wp\/v2\/comments?post=453188"}],"version-history":[{"count":0,"href":"https:\/\/www.europesays.com\/fr\/wp-json\/wp\/v2\/posts\/453188\/revisions"}],"wp:featuredmedia":[{"embeddable":true,"href":"https:\/\/www.europesays.com\/fr\/wp-json\/wp\/v2\/media\/453189"}],"wp:attachment":[{"href":"https:\/\/www.europesays.com\/fr\/wp-json\/wp\/v2\/media?parent=453188"}],"wp:term":[{"taxonomy":"category","embeddable":true,"href":"https:\/\/www.europesays.com\/fr\/wp-json\/wp\/v2\/categories?post=453188"},{"taxonomy":"post_tag","embeddable":true,"href":"https:\/\/www.europesays.com\/fr\/wp-json\/wp\/v2\/tags?post=453188"}],"curies":[{"name":"wp","href":"https:\/\/api.w.org\/{rel}","templated":true}]}}