{"id":453192,"date":"2025-10-10T19:02:11","date_gmt":"2025-10-10T19:02:11","guid":{"rendered":"https:\/\/www.europesays.com\/fr\/453192\/"},"modified":"2025-10-10T19:02:11","modified_gmt":"2025-10-10T19:02:11","slug":"huit-coureurs-non-conserves-chez-unibet-tietema-rockets-actualite","status":"publish","type":"post","link":"https:\/\/www.europesays.com\/fr\/453192\/","title":{"rendered":"Huit coureurs non-conserv\u00e9s chez Unibet Tietema Rockets &#8211; Actualit\u00e9"},"content":{"rendered":"<p style=\"text-align: justify;\">La ProTeam \u00e0 licence fran\u00e7aise Unibet Tietema Rockets n\u2019a pas reconduit le contrat de huit de ses coureurs pour la saison 2026. C\u2019est le cas du Fran\u00e7ais Baptiste Huyet et du Britannique Charlie Paige. Les deux coureurs \u00e9taient arriv\u00e9s en janvier 2024, en provenance de Bourg-en-Bresse Ain Cyclisme.<\/p>\n<p>Les six autres coureurs concern\u00e9s sont Davide Bomboi, Kevin Inkelaar, Zeb Kyffin, Sebastian Nielsen, Andreas Stokbro et <strong><a href=\"https:\/\/www.directvelo.com\/actualite\/124014\/un-arret-chez-unibet-tietema-rockets\" target=\"_blank\" rel=\"noopener\">Martijn Budding, qui a d\u00e9j\u00e0 annonc\u00e9 mettre un terme \u00e0 sa carri\u00e8re<\/a>.<\/strong><\/p>\n<p>Pour l\u2019heure, Unibet Tietema Rockets <strong><a href=\"https:\/\/www.directvelo.com\/equipe\/9048\/unibet-tietema-rockets\" target=\"_blank\" rel=\"noopener\">a annonc\u00e9 quatre recrues dont le sprinteur Dylan Groenewegen<\/a><\/strong>.<\/p>\n","protected":false},"excerpt":{"rendered":"La ProTeam \u00e0 licence fran\u00e7aise Unibet Tietema Rockets n\u2019a pas reconduit le contrat de huit de ses coureurs&hellip;\n","protected":false},"author":2,"featured_media":453193,"comment_status":"","ping_status":"","sticky":false,"template":"","format":"standard","meta":{"footnotes":""},"categories":[1411],"tags":[834,828,836,829,837,827,83,826,824,823,1154,207,814,817,815,816,822,821,832,211,839,1011,27,820,818,819,835,831,830,833,838,60,212,208,825],"class_list":{"0":"post-453192","1":"post","2":"type-post","3":"status-publish","4":"format-standard","5":"has-post-thumbnail","7":"category-cyclisme","8":"tag-attaque","9":"tag-belgique","10":"tag-braquet","11":"tag-bretagne","12":"tag-chute","13":"tag-competition","14":"tag-coupe-de-france","15":"tag-coureur","16":"tag-course-cyclisme","17":"tag-course-cycliste","18":"tag-cycling","19":"tag-cyclisme","20":"tag-direct","21":"tag-direct-velo","22":"tag-directvelo","23":"tag-directvelo-com","24":"tag-epreuve","25":"tag-epreuve-cycliste","26":"tag-federation-francaise-de-cyclisme","27":"tag-ffc","28":"tag-flandres","29":"tag-fr","30":"tag-france","31":"tag-live","32":"tag-live-course","33":"tag-live-epreuve","34":"tag-peloton","35":"tag-radio-peloton","36":"tag-radio-tour","37":"tag-ravitaillement","38":"tag-relance","39":"tag-sports","40":"tag-uci","41":"tag-velo","42":"tag-velos"},"share_on_mastodon":{"url":"https:\/\/pubeurope.com\/@fr\/115351424091465962","error":""},"_links":{"self":[{"href":"https:\/\/www.europesays.com\/fr\/wp-json\/wp\/v2\/posts\/453192","targetHints":{"allow":["GET"]}}],"collection":[{"href":"https:\/\/www.europesays.com\/fr\/wp-json\/wp\/v2\/posts"}],"about":[{"href":"https:\/\/www.europesays.com\/fr\/wp-json\/wp\/v2\/types\/post"}],"author":[{"embeddable":true,"href":"https:\/\/www.europesays.com\/fr\/wp-json\/wp\/v2\/users\/2"}],"replies":[{"embeddable":true,"href":"https:\/\/www.europesays.com\/fr\/wp-json\/wp\/v2\/comments?post=453192"}],"version-history":[{"count":0,"href":"https:\/\/www.europesays.com\/fr\/wp-json\/wp\/v2\/posts\/453192\/revisions"}],"wp:featuredmedia":[{"embeddable":true,"href":"https:\/\/www.europesays.com\/fr\/wp-json\/wp\/v2\/media\/453193"}],"wp:attachment":[{"href":"https:\/\/www.europesays.com\/fr\/wp-json\/wp\/v2\/media?parent=453192"}],"wp:term":[{"taxonomy":"category","embeddable":true,"href":"https:\/\/www.europesays.com\/fr\/wp-json\/wp\/v2\/categories?post=453192"},{"taxonomy":"post_tag","embeddable":true,"href":"https:\/\/www.europesays.com\/fr\/wp-json\/wp\/v2\/tags?post=453192"}],"curies":[{"name":"wp","href":"https:\/\/api.w.org\/{rel}","templated":true}]}}