{"id":453196,"date":"2025-10-10T19:04:12","date_gmt":"2025-10-10T19:04:12","guid":{"rendered":"https:\/\/www.europesays.com\/fr\/453196\/"},"modified":"2025-10-10T19:04:12","modified_gmt":"2025-10-10T19:04:12","slug":"il-a-arrache-tous-les-fils-de-son-respirateur-la-veuve-dherbert-leonard-livre-un-temoignage-bouleversant-sur-les-derniers-instants-du-chanteur","status":"publish","type":"post","link":"https:\/\/www.europesays.com\/fr\/453196\/","title":{"rendered":"\u00ab\u00a0Il a arrach\u00e9 tous les fils de son respirateur\u2026\u00a0\u00bb La veuve d\u2019Herbert L\u00e9onard livre un t\u00e9moignage bouleversant sur les derniers instants du chanteur"},"content":{"rendered":"<p>\n                                                                    l&rsquo;essentiel<br \/>\n                                                                Huit mois apr\u00e8s la disparition d\u2019Herbert L\u00e9onard, emport\u00e9 par un cancer du poumon \u00e0 80 ans, son \u00e9pouse Cl\u00e9o revient sur ses derniers jours.\n                            <\/p>\n<p>Huit mois se sont \u00e9coul\u00e9s depuis la <a href=\"https:\/\/www.ladepeche.fr\/actu\/societe\/carnet-noir\/\" target=\"_blank\" rel=\"nofollow noopener\">mort<\/a> d\u2019Herbert L\u00e9onard, mais pour Cl\u00e9o, sa veuve, le temps semble s\u2019\u00eatre arr\u00eat\u00e9. Dans un entretien \u00e0\u00a0<a href=\"https:\/\/www.parismatch.com\/People\/cleo-sa-vie-sans-herbert-leonard-258210\" rel=\"nofollow noopener\" target=\"_blank\">Paris Match<\/a>, elle raconte les ultimes instants de son mari, disparu en mars dernier.<\/p>\n<p class=\"std-elt__inline\">\n        <strong>\u00c0 lire aussi :<\/strong><br \/>\n        <a href=\"https:\/\/www.ladepeche.fr\/2025\/03\/03\/mort-dherbert-leonard-passion-pour-les-avions-julien-lepers-et-notre-dame-de-paris-decouvrez-six-infos-meconnues-sur-le-chanteur-12546817.php\" rel=\"nofollow noopener\" target=\"_blank\">Mort d\u2019Herbert L\u00e9onard\u00a0: passion pour les avions, Julien Lepers et Notre-Dame-de-Paris\u2026 d\u00e9couvrez six infos m\u00e9connues sur le chanteur<\/a>\n    <\/p>\n<p>\u00ab\u00a0C\u2019est un blocage c\u0153ur\/poumon qui a eu raison de lui, et un cancer d\u00e9couvert un mois plus t\u00f4t. Il est parti tellement vite\u2026\u00a0\u00bb, confie-t-elle avec \u00e9motion. Le chanteur avait encore donn\u00e9 un gala quelques jours avant sa derni\u00e8re hospitalisation.<\/p>\n<p>\u00ab\u00a0Je crois qu\u2019il a \u00e9t\u00e9 soulag\u00e9\u00a0\u00bb<\/p>\n<p>Cl\u00e9o \u00e9voque \u00e9galement la lucidit\u00e9 d\u2019Herbert face \u00e0 la fin. \u00ab\u00a0La seule chose qui terrorisait Herbert, c\u2019\u00e9tait l\u2019agonie. Il ne voulait pas que \u00e7a s\u2019\u00e9ternise\u00a0\u00bb, dit-elle. Quand le m\u00e9decin lui a annonc\u00e9 qu\u2019il ne lui restait que quelques jours, \u00ab\u00a0je crois qu\u2019il a \u00e9t\u00e9 soulag\u00e9\u00a0\u00bb.<\/p>\n<p>Les derniers moments du couple restent grav\u00e9s dans sa m\u00e9moire. \u00ab\u00a0L\u2019apr\u00e8s-midi a \u00e9t\u00e9 d\u00e9licieux, il m\u2019a charm\u00e9e en me chambrant, a fait rigoler notre fille\u00a0\u00bb, raconte Cl\u00e9o. Puis, soudain, \u00ab\u00a0il s\u2019est \u00e9nerv\u00e9, a arrach\u00e9 tous les fils de son respirateur\u00a0\u00bb. Quand elles sont revenues quinze minutes plus tard, \u00ab\u00a0il somnolait\u2026 Sans comprendre qu\u2019il allait s\u2019endormir d\u00e9finitivement\u00a0\u00bb.<\/p>\n<p>Aujourd\u2019hui, Cl\u00e9o a dispers\u00e9 ses cendres \u00ab\u00a0dans un endroit qui lui tenait \u00e0 c\u0153ur\u00a0\u00bb et a quitt\u00e9 leur maison de Barbizon. \u00ab\u00a0J\u2019ai vendu notre maison, trop grande pour moi toute seule\u00a0\u00bb, confie-t-elle. Elle vit d\u00e9sormais \u00e0 Paris, port\u00e9e par les hommages qui ne cessent de lui parvenir\u00a0: \u00ab\u00a0Personne n\u2019a manqu\u00e9 \u00e0 l\u2019appel.\u00a0\u00bb<\/p>\n","protected":false},"excerpt":{"rendered":"l&rsquo;essentiel Huit mois apr\u00e8s la disparition d\u2019Herbert L\u00e9onard, emport\u00e9 par un cancer du poumon \u00e0 80 ans, son&hellip;\n","protected":false},"author":2,"featured_media":453197,"comment_status":"","ping_status":"","sticky":false,"template":"","format":"standard","meta":{"footnotes":""},"categories":[1359],"tags":[58,59,1011,27,973],"class_list":{"0":"post-453196","1":"post","2":"type-post","3":"status-publish","4":"format-standard","5":"has-post-thumbnail","7":"category-people","8":"tag-divertissement","9":"tag-entertainment","10":"tag-fr","11":"tag-france","12":"tag-people"},"share_on_mastodon":{"url":"https:\/\/pubeurope.com\/@fr\/115351431735714680","error":""},"_links":{"self":[{"href":"https:\/\/www.europesays.com\/fr\/wp-json\/wp\/v2\/posts\/453196","targetHints":{"allow":["GET"]}}],"collection":[{"href":"https:\/\/www.europesays.com\/fr\/wp-json\/wp\/v2\/posts"}],"about":[{"href":"https:\/\/www.europesays.com\/fr\/wp-json\/wp\/v2\/types\/post"}],"author":[{"embeddable":true,"href":"https:\/\/www.europesays.com\/fr\/wp-json\/wp\/v2\/users\/2"}],"replies":[{"embeddable":true,"href":"https:\/\/www.europesays.com\/fr\/wp-json\/wp\/v2\/comments?post=453196"}],"version-history":[{"count":0,"href":"https:\/\/www.europesays.com\/fr\/wp-json\/wp\/v2\/posts\/453196\/revisions"}],"wp:featuredmedia":[{"embeddable":true,"href":"https:\/\/www.europesays.com\/fr\/wp-json\/wp\/v2\/media\/453197"}],"wp:attachment":[{"href":"https:\/\/www.europesays.com\/fr\/wp-json\/wp\/v2\/media?parent=453196"}],"wp:term":[{"taxonomy":"category","embeddable":true,"href":"https:\/\/www.europesays.com\/fr\/wp-json\/wp\/v2\/categories?post=453196"},{"taxonomy":"post_tag","embeddable":true,"href":"https:\/\/www.europesays.com\/fr\/wp-json\/wp\/v2\/tags?post=453196"}],"curies":[{"name":"wp","href":"https:\/\/api.w.org\/{rel}","templated":true}]}}