{"id":453200,"date":"2025-10-10T19:06:18","date_gmt":"2025-10-10T19:06:18","guid":{"rendered":"https:\/\/www.europesays.com\/fr\/453200\/"},"modified":"2025-10-10T19:06:18","modified_gmt":"2025-10-10T19:06:18","slug":"livre-agnes-desarthe-compose-un-roman-comme-une-partition","status":"publish","type":"post","link":"https:\/\/www.europesays.com\/fr\/453200\/","title":{"rendered":"Livre: Agn\u00e8s Desarthe compose un roman comme une partition"},"content":{"rendered":"<p>Sorties livres \u2013 <\/p>\n<p>De l\u2019harmonie et des vitamines pour le bonheur<\/p>\n<p class=\"ContentHead_lead____SsS link_regular__O0hk0 link_externalicon-big__ZdPgo link_externalicon__qcwXs\">Ce \u00abpetit\u00bb livre d\u2019Agn\u00e8s Desarthe est le joli bijou, l\u2019humble perle de cette rentr\u00e9e litt\u00e9raire. Ce roman exigeant est architectur\u00e9 comme une partition et ornement\u00e9 comme un texte musical.<\/p>\n<p><img loading=\"lazy\" decoding=\"async\" src=\"https:\/\/www.europesays.com\/fr\/wp-content\/uploads\/2025\/10\/6swZSLBwKEZ9b7xzSk-RA3.jpg\"  width=\"100\" height=\"100\"  alt=\"Philippe Villard\" class=\"AuthorImage_root__WCxj_ ContentMetaInfo_authorimage__Mp4LD AuthorImage_-content-head__3qDob\" style=\"background-color:#7C7C7C\"\/>Publi\u00e9 aujourd\u2019hui \u00e0 20h46<img decoding=\"async\" loading=\"eager\" fetchpriority=\"high\" src=\"https:\/\/www.europesays.com\/fr\/wp-content\/uploads\/2025\/10\/FbBDx2UrakYBU-dgN3_b2Q.jpg\" alt=\"Portrait d\u2019Agn\u00e8s Desarthe, auteure, avec des cheveux boucl\u00e9s et fonc\u00e9s, portant un pull noir sur un fond bleu fonc\u00e9.\" title=\"Portrait d\u2019Agn\u00e8s Desarthe, auteure, avec des cheveux boucl\u00e9s et fonc\u00e9s, portant un pull noir sur un fond bleu fonc\u00e9.\" class=\"ResponsiveImage_root__ZDz10 responsive-image\" style=\"background-color:#40444B\"\/><\/p>\n<p>Dans \u00abL\u2019oreille absolue\u00bb, Agn\u00e8s Desarthe a \u00e9crit un texte polyphonique et musical.<\/p>\n<p>\u00a9Nieszawer\/Leextra <\/p>\n<p><strong class=\"SummaryList_title__8uifR\">En bref:<\/strong><\/p>\n<ul class=\"SummaryList_list__pEa7M\">\n<li>L\u2019histoire musicale se d\u00e9roule dans une harmonie municipale pr\u00e9parant le concert de No\u00ebl.<\/li>\n<li>Les musiciens partagent leurs joies et leurs peines dans une symphonie humaine.<\/li>\n<li>L\u2019auteure transforme habilement la musique en mots pour c\u00e9l\u00e9brer l\u2019espoir collectif.<\/li>\n<\/ul>\n<p class=\"ArticleParagraph_root__lhFZo ArticleContainer_content-width__FRl7F link_focus__0ZMwx link_externalicon-big__ZdPgo link_externalicon__qcwXs ArticleElement_article-element__q93eL\"><a href=\"https:\/\/www.babelio.com\/auteur\/Agnes-Desarthe\/5606\" class=\"HtmlText_root__A1OSq\" target=\"_blank\" rel=\"noopener noreferrer\">Agn\u00e8s Desarthe<\/a> nous livre une histoire en forme de conte de No\u00ebl qui ne cesse pourtant de tutoyer le drame, ou plut\u00f4t des drames, mais regorge tant d\u2019optimisme qu\u2019elle finit par nous convaincre qu\u2019il existe toujours une raison d\u2019esp\u00e9rer, que le bonheur, l\u2019amour, la joie existent, mais qu\u2019il faut les voir, y croire. M\u00eame s\u2019il est aussi question ici d\u2019accident, de coma, de longue absence, de corde au cou et de souffrances.<\/p>\n<p class=\"ArticleParagraph_root__lhFZo ArticleContainer_content-width__FRl7F link_focus__0ZMwx link_externalicon-big__ZdPgo link_externalicon__qcwXs ArticleElement_article-element__q93eL\">Le propos, d\u00e9licat et humain, s\u2019inscrit dans le microcosme d\u2019une harmonie municipale qui doit donner son traditionnel concert de la Nativit\u00e9. Chaque musicien joue la partition de sa vie et devient aussi l\u2019instrument du destin.<\/p>\n<p class=\"ArticleParagraph_root__lhFZo ArticleContainer_content-width__FRl7F link_focus__0ZMwx link_externalicon-big__ZdPgo link_externalicon__qcwXs ArticleElement_article-element__q93eL\">Sur cette base, Agn\u00e8s Desarthe a \u00e9crit un texte polyphonique et musical, rythm\u00e9 par un leitmotiv rassurant qui dit: \u00abRien ni personne ne mourait.\u00bb Mais, doloroso, il souligne que pour vivre, il faut aussi s\u2019inspirer de Valentin le chat, qui, au long du livre, \u00abse mordait bravement la patte qu\u2019il s\u2019\u00e9tait coinc\u00e9e dans un pi\u00e8ge \u00e0 renard et dont il faudrait bien qu\u2019il s\u2019ampute, avec patience, sans d\u00e9go\u00fbt, buvant \u00e0 mesure le sang qui s\u2019en \u00e9coulait et n\u2019\u00e9tablissant pas de lien entre la douleur qui le faisait trembler d\u2019un bout \u00e0 l\u2019autre de l\u2019\u00e9chine et les coups de dent qu\u2019il infligeait \u00e0 sa chair\u00bb.<\/p>\n<p>La musique en m\u00e9taphore de la vie<\/p>\n<p class=\"ArticleParagraph_root__lhFZo ArticleContainer_content-width__FRl7F link_focus__0ZMwx link_externalicon-big__ZdPgo link_externalicon__qcwXs ArticleElement_article-element__q93eL\">Mais cela et tout le reste, \u00abce n\u2019est pas grave\u00bb, comme ne cesse de se le r\u00e9p\u00e9ter la petite Sonya. Celle qui, avec sa m\u00e8re, s\u2019est greff\u00e9e sur la vie du village. Solitaire et sans moyens, la petite fille est devenue celle qui entendait tout, voyait tout et ne disait jamais rien. Dans ses carnets, elle notait, recoupait, s\u2019informait sur ces liens visibles et invisibles. Et elle a fini par faire ce qu\u2019on lui disait souvent. Elle a \u00e9t\u00e9 loin. Jusqu\u2019\u00e0 devenir une cheffe d\u2019orchestre renomm\u00e9e qui, forte de son oreille absolue, vient se replonger, en d\u00e9pit des discordances, dans l\u2019harmonie de son enfance.<\/p>\n<p class=\"ArticleParagraph_root__lhFZo ArticleContainer_content-width__FRl7F link_focus__0ZMwx link_externalicon-big__ZdPgo link_externalicon__qcwXs ArticleElement_article-element__q93eL\">Qu\u2019importent les m\u00e9andres de la destin\u00e9e, les coups du sort, les traquenards du destin. Pour les musiciens de cette formation, pour ces hommes et ces femmes qui \u00abrespirent d\u2019un m\u00eame souffle\u00bb et s\u2019accompagnent, la vie a des hauts et des bas, des di\u00e8ses et des b\u00e9mols, mais ils s\u2019accordent sur un tempo humble, un legato vibrant qui adoucit leurs m\u0153urs et nos c\u0153urs. Ils sont en harmonie, reli\u00e9s par les notes. Ils forment aussi un poignant ch\u0153ur silencieux qui porte la voix m\u00e9lancolique de leurs \u00e2mes.<\/p>\n<p class=\"ArticleParagraph_root__lhFZo ArticleContainer_content-width__FRl7F link_focus__0ZMwx link_externalicon-big__ZdPgo link_externalicon__qcwXs ArticleElement_article-element__q93eL\">Dans le mouvement andante de ces vies minuscules mais jamais ridicules, Agn\u00e8s Desarthe r\u00e9alise une performance litt\u00e9raire. Avec maestria, elle met la musique en mot pour composer une mosa\u00efque formidable d\u2019humanit\u00e9 et fournit des vitamines pour le bonheur.<\/p>\n<p><img decoding=\"async\" loading=\"lazy\" src=\"https:\/\/www.europesays.com\/fr\/wp-content\/uploads\/2025\/10\/860RtHj_44sB-FdEQ4zuKw.jpg\" alt=\"Couverture du livre \u2019L\u2019oreille absolue\u2019 d\u2019Agn\u00e8s Desarthe, montrant une falaise verdoyante surplombant une plage avec deux personnes marchant au loin.\" title=\"Couverture du livre \u2019L\u2019oreille absolue\u2019 d\u2019Agn\u00e8s Desarthe, montrant une falaise verdoyante surplombant une plage avec deux personnes marchant au loin.\" class=\"ResponsiveImage_root__ZDz10 responsive-image\" style=\"background-color:#567547\"\/><\/p>\n<p>Ce roman pourrait \u00eatre un \u00abfeel good book\u00bb, mais il est encore mieux!<\/p>\n<p>\u00c9ditions de l\u2019Olivier<\/p>\n<p>\u00abL\u2019oreille absolue\u00bb, Agn\u00e8s Desarthe, \u00c9dition de l\u2019Olivier, 144 p.<\/p>\n<p class=\"DynamicTeaser_boxtitle__B6piN\">D\u2019autres romans \u00e0 lire<\/p>\n<p><strong>Philippe Villard<\/strong> est chef d&rsquo;\u00e9dition \u00e0 la Tribune de Gen\u00e8ve. En plus de vingt ans de carri\u00e8re, il a exerc\u00e9 le journalisme au sein de divers m\u00e9dias romands, a \u00e9t\u00e9 enseignant au Centre de formation au journalisme et aux m\u00e9dias, \u00e0 Lausanne. Il est aussi l&rsquo;auteur d&rsquo;un roman intitul\u00e9 \u00abPlume-Patte\u00bb.<a class=\"ArticleAuthorBio_moreinfo__cqyvz link_underlinelink__K5Zr0\" rel=\"author noopener\" href=\"https:\/\/www.24heures.ch\/author\/55018489\/philippe-villard\" target=\"_blank\">Plus d&rsquo;infos<\/a><\/p>\n<p class=\"Feedback_root__fr_Mi ArticleContainer_content-width__FRl7F\">Vous avez trouv\u00e9 une erreur?<a href=\"mailto:tes_correction@tamedia.ch?subject=Avis%20d'erreur%20%7C%20Philippe%20Villard%20%7C%20De%20l%E2%80%99harmonie%20et%20des%20vitamines%20pour%20le%20bonheur&amp;body=J'ai%20trouv%C3%A9%20une%20erreur%20dans%20cet%20article%3A%20https%3A%2F%2Fwww.24heures.ch%2Flivre-agnes-desarthe-compose-un-roman-comme-une-partition-627838976503\" class=\"Feedback_feedbacklink__VyDCi link_underlinelink__K5Zr0\">Merci de nous la signaler.<\/a><\/p>\n<p>0 commentaires<\/p>\n","protected":false},"excerpt":{"rendered":"Sorties livres \u2013 De l\u2019harmonie et des vitamines pour le bonheur Ce \u00abpetit\u00bb livre d\u2019Agn\u00e8s Desarthe est le&hellip;\n","protected":false},"author":2,"featured_media":453201,"comment_status":"","ping_status":"","sticky":false,"template":"","format":"standard","meta":{"footnotes":""},"categories":[1357],"tags":[1379,58,59,1011,27,1380,2300,47564],"class_list":{"0":"post-453200","1":"post","2":"type-post","3":"status-publish","4":"format-standard","5":"has-post-thumbnail","7":"category-livres","8":"tag-books","9":"tag-divertissement","10":"tag-entertainment","11":"tag-fr","12":"tag-france","13":"tag-livres","14":"tag-stats-seo","15":"tag-stats-vibration"},"share_on_mastodon":{"url":"https:\/\/pubeurope.com\/@fr\/115351440212723799","error":""},"_links":{"self":[{"href":"https:\/\/www.europesays.com\/fr\/wp-json\/wp\/v2\/posts\/453200","targetHints":{"allow":["GET"]}}],"collection":[{"href":"https:\/\/www.europesays.com\/fr\/wp-json\/wp\/v2\/posts"}],"about":[{"href":"https:\/\/www.europesays.com\/fr\/wp-json\/wp\/v2\/types\/post"}],"author":[{"embeddable":true,"href":"https:\/\/www.europesays.com\/fr\/wp-json\/wp\/v2\/users\/2"}],"replies":[{"embeddable":true,"href":"https:\/\/www.europesays.com\/fr\/wp-json\/wp\/v2\/comments?post=453200"}],"version-history":[{"count":0,"href":"https:\/\/www.europesays.com\/fr\/wp-json\/wp\/v2\/posts\/453200\/revisions"}],"wp:featuredmedia":[{"embeddable":true,"href":"https:\/\/www.europesays.com\/fr\/wp-json\/wp\/v2\/media\/453201"}],"wp:attachment":[{"href":"https:\/\/www.europesays.com\/fr\/wp-json\/wp\/v2\/media?parent=453200"}],"wp:term":[{"taxonomy":"category","embeddable":true,"href":"https:\/\/www.europesays.com\/fr\/wp-json\/wp\/v2\/categories?post=453200"},{"taxonomy":"post_tag","embeddable":true,"href":"https:\/\/www.europesays.com\/fr\/wp-json\/wp\/v2\/tags?post=453200"}],"curies":[{"name":"wp","href":"https:\/\/api.w.org\/{rel}","templated":true}]}}