{"id":453204,"date":"2025-10-10T19:08:14","date_gmt":"2025-10-10T19:08:14","guid":{"rendered":"https:\/\/www.europesays.com\/fr\/453204\/"},"modified":"2025-10-10T19:08:14","modified_gmt":"2025-10-10T19:08:14","slug":"sa-somptueuse-villa-a-saint-tropez-en-details","status":"publish","type":"post","link":"https:\/\/www.europesays.com\/fr\/453204\/","title":{"rendered":"sa somptueuse villa \u00e0 Saint-Tropez en d\u00e9tails"},"content":{"rendered":"<p>Apr\u00e8s 60 ans de carri\u00e8re, Enrico Macias, a annon\u00e7\u00e9 au mois de<br \/>\nf\u00e9vrier 2025 au micro de l\u2019\u00e9mission D\u00e9cibels sur<br \/>\nFrance Bleu, sa volont\u00e9 de sortir <strong>son tout dernier<br \/>\nalbum<\/strong>. Un choc pour l\u2019ensemble de ses fans. Toutefois, le<br \/>\nchanteur \u00e2g\u00e9 de 86 ans a tenu \u00e0 les rassurer : \u00ab J\u2019ai beaucoup<br \/>\nchant\u00e9 dans ma vie. Cet album, ce sera le dernier, mais attention,<br \/>\nje ne fais pas mes adieux. Tant que j\u2019ai la voix, je chanterai<br \/>\n! \u00bb. Pour cet ultime album, Enrico Macias n\u2019a pas non plus<br \/>\nl\u2019intention de miser sur le m\u00e9lodramatique : \u00ab Un spectacle,<br \/>\nc\u2019est une f\u00eate. J\u2019aime voir les cuivres, les violons, les ch\u0153urs.<br \/>\nC\u2019est \u00e7a, ma musique \u00bb. L\u2019artiste ajoute \u00ab Ce sera un album<br \/>\nsinc\u00e8re, avec des textes qui me ressemblent. <strong>Je veux que ce<br \/>\nsoit un beau dernier chapitr<\/strong>e \u00bb.<\/p>\n<p>Une villa \u00e0 Saint-Tropez, symbole de son amour avec Suzy<\/p>\n<p>Des chapitres, Enrico Macias en a connu beaucoup. Des bons comme<br \/>\ndes mauvais. Au sommet de sa carri\u00e8re, Enrico Macias s\u2019\u00e9tait offert<br \/>\n<a href=\"https:\/\/www.lejournaldelamaison.fr\/le-journal-de-la-maison\/reportages-maisons\/maisons-reportages-maisons\/chantal-ladesou-sublime-maison-deux-pas-saint-tropez-487047.html\" rel=\"nofollow noopener\" target=\"_blank\"><br \/>\nune r\u00e9sidence d\u2019exception sur les hauteurs de Saint-Tropez<\/a>,<br \/>\nbaptis\u00e9e <strong>L\u2019Accadia<\/strong>. Plus qu\u2019une simple maison,<br \/>\ncette propri\u00e9t\u00e9 repr\u00e9sentait plus de quarante ann\u00e9es d\u2019amour avec<br \/>\nson \u00e9pouse Suzy, disparue en 2008 apr\u00e8s une longue maladie.<\/p>\n<p>Mais derri\u00e8re l\u2019image de carte postale, une ombre planait d\u00e9j\u00e0 :<br \/>\nl\u2019artiste avait contract\u00e9 un pr\u00eat aupr\u00e8s de la banque islandaise<br \/>\nLandsbanki, mettant en garantie ses biens estim\u00e9s \u00e0 <strong>pr\u00e8s de<br \/>\n35 millions d\u2019euros<\/strong>. Une d\u00e9cision qui allait bouleverser<br \/>\nsa vie.<\/p>\n<p>Le r\u00eave bris\u00e9 par un pr\u00eat toxique<\/p>\n<p>Pour financer l\u2019achat, Enrico Macias avait apport\u00e9 <strong>9<br \/>\nmillions d\u2019euros de sa poche<\/strong> et confi\u00e9 les 26 millions<br \/>\nrestants \u00e0 des placements sp\u00e9culatifs. \u00ab J\u2019avais besoin d\u2019une<br \/>\ncertaine somme pour faire des travaux. Cette banque m\u2019a escroqu\u00e9 en<br \/>\nm\u2019obligeant \u00e0 emprunter une grosse somme contre une hypoth\u00e8que de<br \/>\nma maison de Saint-Tropez. Elle a ensuite utilis\u00e9 cet argent \u00e0 mon<br \/>\ninsu pour faire des malversations, c\u2019est-\u00e0-dire des placements<br \/>\n\u00bb, avait ainsi d\u00e9clar\u00e9 le chanteur dans les colonnes de Paris<br \/>\nMatch. Lorsque le syst\u00e8me bancaire islandais s\u2019est effondr\u00e9,<br \/>\nl\u2019\u00e9tablissement lui a r\u00e9clam\u00e9 le <strong>remboursement<br \/>\nint\u00e9gral<\/strong>.<\/p>\n<p>\u00ab Cela fait dix ans que je vis avec la peur au ventre de<br \/>\nperdre mon seul bien. <strong>J\u2019ai travaill\u00e9 pr\u00e8s de cinquante ans<br \/>\npour obtenir ce privil\u00e8ge<\/strong>\u2026 Et d\u2019un seul coup, je risque de<br \/>\ntout perdre \u00bb, avait-il confi\u00e9 am\u00e8rement. Malheureusement, en<br \/>\nao\u00fbt 2017, le tribunal correctionnel de Paris a fini par d\u00e9bouter<br \/>\nle chanteur, estimant qu\u2019aucune fraude n\u2019avait \u00e9t\u00e9 commise par la<br \/>\nbanque et scellant par le verdict la perte de sa villa trop\u00e9zienne.<br \/>\nUn coup dur pour celui qui consid\u00e9rait cette demeure comme<br \/>\n<strong>le fruit de toute une vie<\/strong>.<\/p>\n<blockquote class=\"instagram-media\" style=\"background: #ffffff;border: 0;margin: 1px;width: 100%;padding: 0;max-width: 500px;\" data-instgrm-permalink=\"https:\/\/www.instagram.com\/p\/DJRzSwyiTWU\/?hl=fr&amp;img_index=1\" data-instgrm-version=\"14\"\/><p>\nSon havre de paix au centre de<br \/>\nParis<\/p>\n<p>Comme si le sort s\u2019acharnait, Enrico Macias a d\u00fb affronter un<br \/>\nautre drame en 2020 : une lourde chute dans son <a href=\"https:\/\/www.lejournaldelamaison.fr\/le-journal-de-la-maison\/reportages-maisons\/appartements\/kendji-girac-son-appartement-parisien-484637.html\" rel=\"nofollow noopener\" target=\"_blank\"><br \/>\nappartement parisien<\/a>. Op\u00e9r\u00e9 d\u2019urgence, l\u2019interpr\u00e8te de \u00ab<br \/>\nFilles de mon pays \u00bb a alors mis sa carri\u00e8re en pause.<br \/>\nPour se remettre, il a choisi de s\u2019appuyer sur le calme de son<br \/>\nlogement situ\u00e9 dans le quartier des <a href=\"http:\/\/lejournaldelamaison.fr\/le-journal-de-la-maison\/nouveautes\/lieux-boutiques\/ladresse-deco-lhotel-grands-boulevards-a-paris-188698.html\" rel=\"nofollow noopener\" target=\"_blank\"><br \/>\nGrands Boulevards<\/a>, \u00e0 Paris.<\/p>\n<p>Une adresse discr\u00e8te o\u00f9, malgr\u00e9 l\u2019agitation de la capitale, il<br \/>\navait su recr\u00e9er un cocon de s\u00e9r\u00e9nit\u00e9. Aujourd\u2019hui encore, c\u2019est<br \/>\ndans ce cadre intimiste que le chanteur, qui f\u00eatera <strong>ses 87<br \/>\nans le 11 d\u00e9cembre<\/strong>, puise sa force, en attendant de<br \/>\nretrouver pleinement la sc\u00e8ne.<\/p>\n<p><script async src=\"\/\/www.instagram.com\/embed.js\"><\/script><\/p>\n","protected":false},"excerpt":{"rendered":"Apr\u00e8s 60 ans de carri\u00e8re, Enrico Macias, a annon\u00e7\u00e9 au mois de f\u00e9vrier 2025 au micro de l\u2019\u00e9mission&hellip;\n","protected":false},"author":2,"featured_media":453205,"comment_status":"","ping_status":"","sticky":false,"template":"","format":"standard","meta":{"footnotes":""},"categories":[1355],"tags":[58,59,1011,27,1361,873],"class_list":{"0":"post-453204","1":"post","2":"type-post","3":"status-publish","4":"format-standard","5":"has-post-thumbnail","7":"category-musique","8":"tag-divertissement","9":"tag-entertainment","10":"tag-fr","11":"tag-france","12":"tag-music","13":"tag-musique"},"share_on_mastodon":{"url":"https:\/\/pubeurope.com\/@fr\/115351448241828626","error":""},"_links":{"self":[{"href":"https:\/\/www.europesays.com\/fr\/wp-json\/wp\/v2\/posts\/453204","targetHints":{"allow":["GET"]}}],"collection":[{"href":"https:\/\/www.europesays.com\/fr\/wp-json\/wp\/v2\/posts"}],"about":[{"href":"https:\/\/www.europesays.com\/fr\/wp-json\/wp\/v2\/types\/post"}],"author":[{"embeddable":true,"href":"https:\/\/www.europesays.com\/fr\/wp-json\/wp\/v2\/users\/2"}],"replies":[{"embeddable":true,"href":"https:\/\/www.europesays.com\/fr\/wp-json\/wp\/v2\/comments?post=453204"}],"version-history":[{"count":0,"href":"https:\/\/www.europesays.com\/fr\/wp-json\/wp\/v2\/posts\/453204\/revisions"}],"wp:featuredmedia":[{"embeddable":true,"href":"https:\/\/www.europesays.com\/fr\/wp-json\/wp\/v2\/media\/453205"}],"wp:attachment":[{"href":"https:\/\/www.europesays.com\/fr\/wp-json\/wp\/v2\/media?parent=453204"}],"wp:term":[{"taxonomy":"category","embeddable":true,"href":"https:\/\/www.europesays.com\/fr\/wp-json\/wp\/v2\/categories?post=453204"},{"taxonomy":"post_tag","embeddable":true,"href":"https:\/\/www.europesays.com\/fr\/wp-json\/wp\/v2\/tags?post=453204"}],"curies":[{"name":"wp","href":"https:\/\/api.w.org\/{rel}","templated":true}]}}