{"id":453210,"date":"2025-10-10T19:11:11","date_gmt":"2025-10-10T19:11:11","guid":{"rendered":"https:\/\/www.europesays.com\/fr\/453210\/"},"modified":"2025-10-10T19:11:11","modified_gmt":"2025-10-10T19:11:11","slug":"une-attaque-mbappe-ekitike-changement-de-systeme-de-deschamps-les-dernieres-infos","status":"publish","type":"post","link":"https:\/\/www.europesays.com\/fr\/453210\/","title":{"rendered":"une attaque Mbapp\u00e9-Ekitik\u00e9, changement de syst\u00e8me de Deschamps&#8230; Les derni\u00e8res infos"},"content":{"rendered":"<p>\n    Pour son troisi\u00e8me match de qualification \u00e0 la coupe du monde 2026, l\u2019\u00e9quipe de France re\u00e7oit l\u2019Azerba\u00efdjan vendredi soir au Parc des Princes. La composition des Bleus est tomb\u00e9e.<\/p>\n<p class=\"fig-paragraph\"><a href=\"http:\/\/www.lefigaro.fr\/sports\/football\/equipe-de-france\/l-optimisme-pour-mbappe-l-humilite-avant-l-azerbaidjan-la-rotation-les-sifflets-envers-rabiot-les-reponses-de-deschamps-20251009\" data-fig-type=\"NewsFlash\" data-gtm-custom-categorie=\"navigation\" data-gtm-custom-action=\"crossclick\" data-gtm-custom-label=\"Contextuel\" data-gtm-event=\"customEventSPE\" data-fig-domain=\"LEFIGARO\" target=\"_blank\" rel=\"noopener\">Didier Deschamps<\/a>\u00a0sait \u00e0 quoi s\u2019attendre. Face \u00e0 un bloc bas et une nation az\u00e9rie qui d\u00e9barque au Parc des Princes pour ne pas se faire humilier,\u00a0<a href=\"https:\/\/www.lefigaro.fr\/sports\/football\/qualif-coupe-du-monde-zone-euro\/classement\" target=\"_blank\" rel=\"sponsored noopener\" data-gtm-custom-categorie=\"navigation\" data-gtm-custom-action=\"crossclick\" data-gtm-custom-label=\"Contextuel\" data-gtm-event=\"customEventSPE\">le s\u00e9lectionneur des Bleus<\/a>\u00a0change quelque peu ses habitudes. Et notamment son syst\u00e8me de jeu en 4-2-3-1, mis en place depuis mars, pour un 4-4-2 plus classique. La doublette d\u2019attaquants est occup\u00e9e par\u00a0<a href=\"http:\/\/www.lefigaro.fr\/sports\/football\/coupe-du-monde\/mbappe-titulaire-thuram-avec-rabiot-les-dernieres-infos-avant-france-azerbaidjan-20251009\" data-fig-type=\"NewsFlash\" data-gtm-custom-categorie=\"navigation\" data-gtm-custom-action=\"crossclick\" data-gtm-custom-label=\"Contextuel\" data-gtm-event=\"customEventSPE\" data-fig-domain=\"LEFIGARO\" target=\"_blank\" rel=\"noopener\">Kylian Mbapp\u00e9<\/a>\u00a0et Hugo Ekitik\u00e9, les deux postes sur les c\u00f4t\u00e9s \u00e9tant d\u00e9volus \u00e0\u00a0<a href=\"http:\/\/www.lefigaro.fr\/sports\/football\/coupe-du-monde\/tout-ce-qu-il-fait-a-l-air-facile-comment-michael-olise-est-devenu-le-nouveau-chef-d-orchestre-des-bleus-20251010\" data-fig-type=\"Article\" data-gtm-custom-categorie=\"navigation\" data-gtm-custom-action=\"crossclick\" data-gtm-custom-label=\"Contextuel\" data-gtm-event=\"customEventSPE\" data-fig-domain=\"LEFIGARO\" target=\"_blank\" rel=\"noopener\">Michael Olise<\/a>\u00a0\u00e0 droite et Kingsley Coman \u00e0 gauche. L\u2019id\u00e9e est d\u2019\u00e9tirer le bloc adverse et de proposer du mouvement et des solutions dans l\u2019axe, souvent dans les petits espaces.<\/p>\n<p class=\"fig-body-link\">\n            \u00c0 lire aussi<br \/>\n        <a class=\"fig-body-link__link fig-premium-mark\" href=\"http:\/\/www.lefigaro.fr\/sports\/football\/equipe-de-france\/que-devient-zinedine-zidane-le-figaro-est-parti-sur-les-traces-du-successeur-annonce-de-didier-deschamps-a-la-tete-des-bleus-20251009\" data-fig-type=\"NewsFlash\" data-gtm-custom-categorie=\"navigation\" data-gtm-custom-action=\"crossclick\" data-gtm-custom-label=\"Contextuel\" data-gtm-event=\"customEventSPE\" data-fig-domain=\"LEFIGARO\" target=\"_blank\" rel=\"noopener\">Que devient Zin\u00e9dine Zidane\u00a0? Le Figaro est parti sur les traces du successeur annonc\u00e9 de Didier Deschamps \u00e0 la t\u00eate des Bleus<br \/>\n    <\/a>\n<\/p>\n<p class=\"fig-paragraph\">Au milieu de terrain,\u00a0<a href=\"http:\/\/www.lefigaro.fr\/sports\/football\/coupe-du-monde\/kylian-mbappe-encore-preserve-les-dernieres-infos-des-bleus-a-clairefontaine-20251008\" data-fig-type=\"NewsFlash\" data-gtm-custom-categorie=\"navigation\" data-gtm-custom-action=\"crossclick\" data-gtm-custom-label=\"Contextuel\" data-gtm-event=\"customEventSPE\" data-fig-domain=\"LEFIGARO\" target=\"_blank\" rel=\"noopener\">comme nous l\u2019indiquions jeudi soir,<\/a>\u00a0le duo Adrien Rabiot et Kh\u00e9phren Thuram est align\u00e9. Le fr\u00e8re de Marcus, fils de Lilian et surtout joueur de la Juventus Turin, joue gros dans cette rencontre et a int\u00e9r\u00eat \u00e0 se montrer sous son meilleur jour. La concurrence est rude \u00e0 son poste (Kon\u00e9, Camavinga, sans oublier Tchouam\u00e9ni suspendu, mais aussi Za\u00efre-Emery, Fofana, Kamara, Guendouzi, Tolisso, Kant\u00e9&#8230;) et s\u2019il veut \u00eatre du voyage en Am\u00e9rique, il ferait bien de marquer les esprits vendredi soir. Le tr\u00e8s haut niveau offre peu souvent plusieurs chances de briller.<\/p>\n<p>Certains joueurs jouent gros vendredi soir<\/p>\n<p class=\"fig-body-link\">\n            \u00c0 lire aussi<br \/>\n        <a class=\"fig-body-link__link fig-premium-mark\" href=\"http:\/\/www.lefigaro.fr\/sports\/football\/equipe-de-france\/j-essaie-toujours-d-etre-humble-et-bien-eduque-adrien-rabiot-au-figaro-sort-du-silence-apres-son-depart-de-l-om-20251007\" data-fig-type=\"Article\" data-gtm-custom-categorie=\"navigation\" data-gtm-custom-action=\"crossclick\" data-gtm-custom-label=\"Contextuel\" data-gtm-event=\"customEventSPE\" data-fig-domain=\"LEFIGARO\" target=\"_blank\" rel=\"noopener\">\u00ab\u00a0J\u2019essaie toujours d\u2019\u00eatre humble et bien \u00e9duqu\u00e9\u00a0\u00bb\u00a0: Adrien Rabiot, au Figaro, sort du silence apr\u00e8s son d\u00e9part de l\u2019OM<br \/>\n    <\/a>\n<\/p>\n<p>                                    <a class=\"fig-a11y-skip a11y-hidden\" href=\"#fig-a11y-skip-main-inarticle\"><br \/>\n        Passer la publicit\u00e9<br \/>\n    <\/a><\/p>\n<p class=\"fig-paragraph\">En d\u00e9fense, devant Mike Maignan, le quatuor est compos\u00e9 de Malo Gusto \u00e0 droite, Th\u00e9o Hernandez \u00e0 gauche et une charni\u00e8re William Saliba-Dayot Upamecao. Les deux lat\u00e9raux sont choisis pour leurs qualit\u00e9s offensives et, sauf blessure, Jules Kound\u00e9 ainsi que Lucas Digne sont attendus titulaires lundi en Islande. L\u2019ancien Milanais, qui \u00e9volue d\u00e9sormais en Arabie saoudite, a tout int\u00e9r\u00eat aussi \u00e0 se montrer apr\u00e8s des derni\u00e8res prestations d\u00e9cevantes en \u00e9quipe de France. Coup d\u2019envoi 20h45.<\/p>\n<p class=\"fig-paragraph\">Le onze des Bleus:\u00a0<br \/>Maignan &#8211; Gusto, Saliba, Upamecano, T. Hernandez &#8211; Olise, Thuram, Rabiot, Coman &#8211; Mbapp\u00e9 (cap), Ekitik\u00e9<\/p>\n","protected":false},"excerpt":{"rendered":"Pour son troisi\u00e8me match de qualification \u00e0 la coupe du monde 2026, l\u2019\u00e9quipe de France re\u00e7oit l\u2019Azerba\u00efdjan vendredi&hellip;\n","protected":false},"author":2,"featured_media":453211,"comment_status":"","ping_status":"","sticky":false,"template":"","format":"standard","meta":{"footnotes":""},"categories":[9],"tags":[20532,6713,1011,27,6477,60],"class_list":{"0":"post-453210","1":"post","2":"type-post","3":"status-publish","4":"format-standard","5":"has-post-thumbnail","7":"category-sports","8":"tag-didier-deschamps","9":"tag-equipe-de-france-de-football","10":"tag-fr","11":"tag-france","12":"tag-kylian-mbappe","13":"tag-sports"},"share_on_mastodon":{"url":"https:\/\/pubeurope.com\/@fr\/115351459290461952","error":""},"_links":{"self":[{"href":"https:\/\/www.europesays.com\/fr\/wp-json\/wp\/v2\/posts\/453210","targetHints":{"allow":["GET"]}}],"collection":[{"href":"https:\/\/www.europesays.com\/fr\/wp-json\/wp\/v2\/posts"}],"about":[{"href":"https:\/\/www.europesays.com\/fr\/wp-json\/wp\/v2\/types\/post"}],"author":[{"embeddable":true,"href":"https:\/\/www.europesays.com\/fr\/wp-json\/wp\/v2\/users\/2"}],"replies":[{"embeddable":true,"href":"https:\/\/www.europesays.com\/fr\/wp-json\/wp\/v2\/comments?post=453210"}],"version-history":[{"count":0,"href":"https:\/\/www.europesays.com\/fr\/wp-json\/wp\/v2\/posts\/453210\/revisions"}],"wp:featuredmedia":[{"embeddable":true,"href":"https:\/\/www.europesays.com\/fr\/wp-json\/wp\/v2\/media\/453211"}],"wp:attachment":[{"href":"https:\/\/www.europesays.com\/fr\/wp-json\/wp\/v2\/media?parent=453210"}],"wp:term":[{"taxonomy":"category","embeddable":true,"href":"https:\/\/www.europesays.com\/fr\/wp-json\/wp\/v2\/categories?post=453210"},{"taxonomy":"post_tag","embeddable":true,"href":"https:\/\/www.europesays.com\/fr\/wp-json\/wp\/v2\/tags?post=453210"}],"curies":[{"name":"wp","href":"https:\/\/api.w.org\/{rel}","templated":true}]}}