{"id":453212,"date":"2025-10-10T19:12:09","date_gmt":"2025-10-10T19:12:09","guid":{"rendered":"https:\/\/www.europesays.com\/fr\/453212\/"},"modified":"2025-10-10T19:12:09","modified_gmt":"2025-10-10T19:12:09","slug":"mort-de-jean-pormanove-enquete-ouverte-apres-le-lancement-dune-nouvelle-chaine-du-lokal-sur-twitch-le-monde-fr","status":"publish","type":"post","link":"https:\/\/www.europesays.com\/fr\/453212\/","title":{"rendered":"Mort de Jean Pormanove : enqu\u00eate ouverte apr\u00e8s le lancement d\u2019une nouvelle cha\u00eene du Lokal sur Twitch &#8211; Le Monde.fr"},"content":{"rendered":"<ol>\n<li><a href=\"https:\/\/news.google.com\/rss\/articles\/CBMi_gFBVV95cUxOUFVKQnN5TkhZZ3JwQ0VpQUFaSmhTZU9YdTJkZnUzMUkxZ1BWQmVZakNLcU43YXRQVjBESnlta0k4WkgtWVZ0LVIxY3hzMHpmRFh5QzM0NGxHUFBRTHU4R1J5SmVuancyYkhHallxTUZQYmZCM29pZkxocmZVSzI3ZG5KbG9wTERFRk1mZDRuWGRnYWtYWDR3cnFqMEk5eDdMMFZxcHdFdEpjTmdRZXdfN0hQUGRKRUxSTXhuQndHNkllWV9Mb0VhLUotZks3TGdKSGNoYkRZVzZzMUkzem1HTmh5cjZOVC1fbm1iVHpTTGxkTVJ2RlpKTVRiaWlKQQ?oc=5\" target=\"_blank\" rel=\"nofollow noopener\">Mort de Jean Pormanove : enqu\u00eate ouverte apr\u00e8s le lancement d\u2019une nouvelle cha\u00eene du Lokal sur Twitch<\/a>&nbsp;&nbsp;Le Monde.fr<\/li>\n<li><a href=\"https:\/\/news.google.com\/rss\/articles\/CBMi1gFBVV95cUxQLU5kNkxyR3o4V1ZORjlNeU1FcnV1cHZDcDFnYW9xNWhDanI1MXdGdHFoRUMwcG8xd0VlRkhReGtKY3FpWkdneERKdjBtNXQ0MTJZdTdaYTZzZzZILWVsRnpITzg2YkRoQnNnTEZpTjVtVDNWSUtjNEtqS0lQYjY4eEdLdnU4elN2YS1pUHEyOWxtUmJmbGlUZHZyVnhMeGVsMkctbDNXZ3hNVzh4TDJNTktfc1JzU2QwR2RjZW1mTXNQNFJqLXhZRmV6YW1sVzRvU2o5NllB?oc=5\" target=\"_blank\" rel=\"nofollow noopener\">Affaire Jean Pormanove : les violences en direct reprennent, la justice perquisitionne le \u00ab Lokal<\/a>&nbsp;&nbsp;mediapart.fr<\/li>\n<li><a href=\"https:\/\/news.google.com\/rss\/articles\/CBMi7wFBVV95cUxOXzZVN1dGZjRsUkw5YU5EdWFuOVJrVHRaUFAtVEtZYjd3NG8tMlJFV0V5dm9JQVlMSi1ZQ2h5S3pQRzQzcHZCazB1dFNBVmZJdFFZajd6dGNKU0hhTUQ5WWtQR3NQRFBYd3RPZU56VjRTcDZZNE5lMEszcUtpWGhhdEZzVnFYa2JlSWFNSmFfWnFPekZpLUlIamRPYkdReXFWUlhIYjBWd0szZkpBWTRUMk5ZUFBDTWtFcXVMYmEwM3NsWElQSXNyYlVOVS1fakFfWDVXVE9LbHpYTVgzTW05c25YX0lULUZobWJudGxRNA?oc=5\" target=\"_blank\" rel=\"nofollow noopener\">Mort de Jean Pormanove : insultes, coups\u2026 le \u00ab\u00a0Lokal\u00a0\u00bb de nouveau perquisitionn\u00e9 apr\u00e8s la reprise de streams violents<\/a>&nbsp;&nbsp;ladepeche.fr<\/li>\n<li><a href=\"https:\/\/news.google.com\/rss\/articles\/CBMilAJBVV95cUxNcnltVXNTdWhHbHdESnVnTDZzZ25fMlgyTlNVVFJDcUlnUTR2Z3Nya19USEJpWUxORDBCMXJONzJpUlQ3RzZzZWppSnNhNEQ0U0hvcXlsVkJ3YzBmRVFVUXNOcW1aaVlhM01IdlNqc0tpSXk5VHp1OWJReFlIT05tNE1kc3V3T3paVFJva0VLMU0zeGQxaXFzaG5DT1Rub3Jwb0FVRjN1b3JTdFZtQVp5VW1IaUVDbVBkeUs5djQ0X0JKSVQyYjU1ODgtcWFfTG1KMG95VmRpTG5iY3ktNVRuUllvTUU0VGo0SzczR2YwSTFLeThXcnpvM0xEaVl2M3Ntcm4tLW9udUJ1WWFVaVdid3liMGY?oc=5\" target=\"_blank\" rel=\"nofollow noopener\">Mort de Jean Pormanove : une nouvelle enqu\u00eate ouverte pour \u00abviolences\u00bb contre l\u2019\u00e9quipe du \u00abLokal\u00bb, perquisitionn\u00e9 apr\u00e8s la reprise des directs<\/a>&nbsp;&nbsp;Le Figaro<\/li>\n<li><a href=\"https:\/\/news.google.com\/rss\/articles\/CBMijgJBVV95cUxOOFZreV9qSG15RWR1VmdoYmRyY3lkWC1FTFByVDFSd0lRZnFqRmViQi0ySFlZUE5wQkpkOW9ScUhRVFUxSDdnMW9IRE03Y1htQjhqTUNBb2RsZVN5RkhtbGVzUWRFekVxRENGRTVxTFVGVHQyeWlBREF1WmR1OFctVVFlTU1kWV9wZDdUZHVoYzNZZThOVWptM0lJM1BZSkZXb254MnFxbHhKU1NOVjNDSlRheXJFT2ZTRlhLQWxVX1l2S3RuWkQ1VG1QMDQ4OFNNaDY0Mk5sdUx3SEo4bjBxWm04WmZTVTgtenNzd0ZNODhHdGF2VHNpUG5YRXkzNGUyRnJ6NUlLU0ZqRFFLeUE?oc=5\" target=\"_blank\" rel=\"nofollow noopener\">Mort de Jean Pormanove : le \u00ab Lokal \u00bb plac\u00e9 sous scell\u00e9s apr\u00e8s de nouvelles violences en direct sur Twitch<\/a>&nbsp;&nbsp;Le Parisien<\/li>\n<\/ol>\n","protected":false},"excerpt":{"rendered":"Mort de Jean Pormanove : enqu\u00eate ouverte apr\u00e8s le lancement d\u2019une nouvelle cha\u00eene du Lokal sur Twitch&nbsp;&nbsp;Le Monde.fr&hellip;\n","protected":false},"author":2,"featured_media":395849,"comment_status":"","ping_status":"","sticky":false,"template":"","format":"standard","meta":{"footnotes":""},"categories":[8],"tags":[58,59,1011,27],"class_list":{"0":"post-453212","1":"post","2":"type-post","3":"status-publish","4":"format-standard","5":"has-post-thumbnail","7":"category-divertissement","8":"tag-divertissement","9":"tag-entertainment","10":"tag-fr","11":"tag-france"},"share_on_mastodon":{"url":"https:\/\/pubeurope.com\/@fr\/115351463322255801","error":""},"_links":{"self":[{"href":"https:\/\/www.europesays.com\/fr\/wp-json\/wp\/v2\/posts\/453212","targetHints":{"allow":["GET"]}}],"collection":[{"href":"https:\/\/www.europesays.com\/fr\/wp-json\/wp\/v2\/posts"}],"about":[{"href":"https:\/\/www.europesays.com\/fr\/wp-json\/wp\/v2\/types\/post"}],"author":[{"embeddable":true,"href":"https:\/\/www.europesays.com\/fr\/wp-json\/wp\/v2\/users\/2"}],"replies":[{"embeddable":true,"href":"https:\/\/www.europesays.com\/fr\/wp-json\/wp\/v2\/comments?post=453212"}],"version-history":[{"count":0,"href":"https:\/\/www.europesays.com\/fr\/wp-json\/wp\/v2\/posts\/453212\/revisions"}],"wp:featuredmedia":[{"embeddable":true,"href":"https:\/\/www.europesays.com\/fr\/wp-json\/wp\/v2\/media\/395849"}],"wp:attachment":[{"href":"https:\/\/www.europesays.com\/fr\/wp-json\/wp\/v2\/media?parent=453212"}],"wp:term":[{"taxonomy":"category","embeddable":true,"href":"https:\/\/www.europesays.com\/fr\/wp-json\/wp\/v2\/categories?post=453212"},{"taxonomy":"post_tag","embeddable":true,"href":"https:\/\/www.europesays.com\/fr\/wp-json\/wp\/v2\/tags?post=453212"}],"curies":[{"name":"wp","href":"https:\/\/api.w.org\/{rel}","templated":true}]}}