{"id":453213,"date":"2025-10-10T19:13:20","date_gmt":"2025-10-10T19:13:20","guid":{"rendered":"https:\/\/www.europesays.com\/fr\/453213\/"},"modified":"2025-10-10T19:13:20","modified_gmt":"2025-10-10T19:13:20","slug":"il-y-a-eu-une-anomalie-dans-la-gravite-terrestre-il-y-a-20-ans","status":"publish","type":"post","link":"https:\/\/www.europesays.com\/fr\/453213\/","title":{"rendered":"Il y a eu une anomalie dans la gravit\u00e9 terrestre il y a 20 ans"},"content":{"rendered":"<p>La Terre a connu une anomalie gravitationnelle durant une br\u00e8ve p\u00e9riode dans les ann\u00e9es 2000. Indiscernable pour nous, ce ph\u00e9nom\u00e8ne a pourtant pu \u00eatre observ\u00e9 par des satellites en orbite autour de la plan\u00e8te.<\/p>\n<p>Entre 2006 et 2008, le champ gravitationnel de la Terre \u00e9tait un peu diff\u00e9rent de d\u2019habitude. Une \u00e9tude parue dans la revue <a href=\"https:\/\/agupubs.onlinelibrary.wiley.com\/doi\/10.1029\/2025GL116408\" target=\"_blank\" rel=\"noreferrer noopener\">Geophysical Research Letters<\/a> et rep\u00e9r\u00e9e par <a href=\"https:\/\/www.livescience.com\/planet-earth\/geology\/satellites-detected-strange-gravity-signal-coming-from-deep-within-earth-almost-20-years-ago-study-reveals\" target=\"_blank\" rel=\"noreferrer noopener\">LiveScience<\/a> revient sur des mesures faites \u00e0 l\u2019\u00e9poque par les satellites GRACE. Les engins avaient rep\u00e9r\u00e9 ce qui fut interpr\u00e9t\u00e9 plus tard comme un changement abrupt dans le champ gravitationnel terrestre.<\/p>\n<p>Mais que s\u2019est-il pass\u00e9 ? Pour commencer, il faut savoir que<a href=\"https:\/\/www.numerama.com\/sciences\/705768-si-la-gravite-disparaissait-que-se-passerait-il.html\" target=\"_blank\" rel=\"noopener\"> le champ gravitationnel<\/a> est l\u2019espace dans lequel un astre (ici, la Terre) exerce sa force de gravitation. Et s\u2019il varie peu, il est tout de m\u00eame susceptible de conna\u00eetre quelques changements si la distribution de la masse \u00e9volue.<\/p>\n<p>Deux ans d\u2019anomalie sur la c\u00f4te africaine<\/p>\n<p>C\u2019\u00e9tait justement la mission de GRACE. Ces deux satellites affectivement surnomm\u00e9s Tom et Jerry ont \u00e9t\u00e9 plac\u00e9s sur la m\u00eame orbite polaire en 2002. Leur but \u00e9tait d\u2019analyser la r\u00e9partition de la masse au sein de la plan\u00e8te et voir comment elle \u00e9voluait dans le temps. Les satellites sont rest\u00e9s en service jusqu\u2019en 2017, puis ont connu deux successeurs, les satellites GRACE-FO mis en orbite en 2018.<\/p>\n<p><a href=\"https:\/\/www.numerama.com\/wp-content\/uploads\/2025\/10\/sans-titre.jpg\" target=\"_blank\" rel=\"noopener\"><img decoding=\"async\" width=\"1024\" height=\"576\" loading=\"lazy\" alt=\"Sans titre\" title=\"Sans titre\" class=\"wp-image-2091937 placeholder-default wp-image\" src=\"https:\/\/www.europesays.com\/fr\/wp-content\/uploads\/2025\/10\/sans-titre-1024x576.jpg\" \/><\/a>Le rectangle bleu repr\u00e9sente l\u2019anomalie gravitationnelle. Source : Etude<\/p>\n<p>Ici, l\u2019\u00e9tude s\u2019int\u00e9resse aux donn\u00e9es prises entre 2003 et 2015, et tout particuli\u00e8rement sur une p\u00e9riode d\u2019environ deux ans qui fut un peu particuli\u00e8re. \u00c0 partir de 2006, l\u2019est de l\u2019oc\u00e9an Atlantique, le long de la c\u00f4te africaine, fut marqu\u00e9 par un changement assez brusque avant un retour \u00e0 la normale en 2008. Le signal \u00e9tait si \u00e9trange que les scientifiques pensaient, avant v\u00e9rification, avoir affaire \u00e0 un faux positif, ce qui n\u2019\u00e9tait pas le cas.<\/p>\n<p>Le pic a \u00e9t\u00e9 atteint au d\u00e9but de l\u2019ann\u00e9e 2007, avec un signal particuli\u00e8rement fort. Pendant ce temps, la France se passionnait pour le duel \u00e0 venir entre S\u00e9gol\u00e8ne Royal et Nicolas Sarkozy pour la pr\u00e9sidentielle et personne n\u2019a remarqu\u00e9 ces changements qui ont pourtant bien eu lieu.<\/p>\n<p>Un changement de masse loin sous nos pieds<\/p>\n<p>D\u2019ailleurs, cette anomalie <a href=\"https:\/\/www.numerama.com\/sciences\/1980525-et-si-la-gravite-etait-le-bug-qui-trahissait-notre-univers-simule.html\" target=\"_blank\" rel=\"noopener\">gravitationnelle<\/a> \u00e9tait bien trop l\u00e9g\u00e8re pour \u00eatre capt\u00e9e par qui que ce soit. Mais il y a un point int\u00e9ressant : elle serait due \u00e0 un ph\u00e9nom\u00e8ne g\u00e9ologique jusque-l\u00e0 m\u00e9connu. Il s\u2019agirait, selon les auteurs, d\u2019une redistribution de masse au sein du manteau terrestre, si profond\u00e9ment sous la surface qu\u2019il serait \u00e0 la limite du noyau de notre plan\u00e8te.<\/p>\n<p>La pr\u00e9sence inhabituelle d\u2019une masse importante concentr\u00e9e \u00e0 un seul endroit peut causer des diff\u00e9rences dans le champ gravitationnel d\u2019une plan\u00e8te. Par exemple, si <a href=\"https:\/\/www.numerama.com\/sciences\/1181288-inlandsis-calotte-glaciaire-quest-ce-quun-glacier.html\" data-popover-target=\"definition\" data-tag=\"Inlandsis, calotte glaciaire\u2026 qu\u2019est-ce qu\u2019un glacier\u00a0?\" data-chapo=\"Les glaciers sont au c\u0153ur des enjeux du changement climatique. Plusieurs termes y sont li\u00e9s (et parfois confondus) : inlandsis, calotte glaciaire, calotte polaire, banquise, iceberg. Mais, quelle est vraiment la d\u00e9finition d&#039;un glacier ? Quel est l&#039;impact du r\u00e9chauffement sur eux ?\" data-image=\"https:\/\/c0.lestechnophiles.com\/www.numerama.com\/wp-content\/uploads\/2019\/07\/glacier-de-thwaites-antarctique-glace-1024x575.jpg?key=d0b2501b\" target=\"_blank\" rel=\"noopener\">un glacier<\/a> particuli\u00e8rement massif \u00e9tait emport\u00e9 ailleurs par le courant de l\u2019eau, son d\u00e9placement entra\u00eenerait un l\u00e9ger changement dans la distribution de la masse terrestre, et donc de sa gravitation.<\/p>\n<p><a href=\"https:\/\/www.numerama.com\/wp-content\/uploads\/2021\/03\/noyau_terre.jpg\" target=\"_blank\" rel=\"noopener\"><img decoding=\"async\" width=\"1024\" height=\"576\" loading=\"lazy\" alt=\"Couches terrestres : manteau, cro\u00fbte, noyau externe, noyau interne. \/\/ Source : Flickr\/CC\/AgonneNationalLaborartory\" title=\"Couches terrestres : manteau, cro\u00fbte, noyau externe, noyau interne. \/\/ Source : Flickr\/CC\/AgonneNationalLaborartory\" class=\"wp-image-693096 placeholder-default wp-image\" src=\"https:\/\/www.europesays.com\/fr\/wp-content\/uploads\/2025\/10\/noyau_terre-1024x576.jpg\" \/><\/a>Couches terrestres : manteau, cro\u00fbte, noyau externe, noyau interne. \/\/ Source : <a target=\"_blank\" href=\"https:\/\/www.flickr.com\/photos\/argonne\/14259873660\" rel=\"noopener\">Flickr\/CC\/AgonneNationalLaborartory<\/a><\/p>\n<p>C\u2019est donc ce qui se serait pass\u00e9, mais profond\u00e9ment dans <a href=\"https:\/\/www.numerama.com\/sciences\/2023429-des-pulsations-semblables-a-des-battements-de-coeur-au-centre-de-la-terre-vont-former-un-nouvel-ocean.html\" target=\"_blank\" rel=\"noopener\">le manteau terrestre<\/a>, et non pas \u00e0 la surface. Cette zone souterraine est compos\u00e9e en majorit\u00e9 de p\u00e9rovskite, un min\u00e9ral \u00e0 l\u2019aspect m\u00e9tallique et les auteurs pensent que le d\u00e9placement est d\u00fb \u00e0 une transformation de cet \u00e9l\u00e9ment.<\/p>\n<p>L\u2019hypoth\u00e8se faite est que dans les conditions de pression, le p\u00e9rovskite se transforme en post-p\u00e9rovskite, \u00e0 l\u2019interface entre le manteau et le noyau. Ce changement aurait provoqu\u00e9 un d\u00e9placement brusque d\u2019une grande quantit\u00e9 de mat\u00e9riaux, provoquant cette anomalie. D\u00e9sormais, les auteurs comptent sur les donn\u00e9es prises les ann\u00e9es suivantes par GRACE-FO pour voir si des ph\u00e9nom\u00e8nes similaires se d\u00e9clenchent souvent sous nos pieds.<\/p>\n<p>            <img decoding=\"async\" src=\"https:\/\/www.europesays.com\/fr\/wp-content\/uploads\/2025\/04\/iPhone-16-pro.png\" alt=\"Toute l'actu tech en un clien d'oeil\"\/><\/p>\n<p class=\"card-install-pwa__title\">Toute l&rsquo;actu tech en un clin d&rsquo;\u0153il<\/p>\n<p class=\"card-install-pwa__description\">Ajoutez Numerama \u00e0 votre \u00e9cran d&rsquo;accueil et restez connect\u00e9s au futur !<\/p>\n<p>            <img decoding=\"async\" src=\"https:\/\/www.numerama.com\/wp-content\/themes\/numerama-next\/assets\/images\/premium\/logo-card-pwa-coupe.svg\" alt=\"Logo PWA\"\/><\/p>\n<p>       Installer Numerama<\/p>\n<p class=\"title\">\n            Regardez le monde depuis l&rsquo;            <a href=\"https:\/\/www.numerama.com\/sciences\/espace\/\" target=\"_blank\" rel=\"noopener\"><br \/>\n                Espace            <\/a>\n        <\/p>\n","protected":false},"excerpt":{"rendered":"La Terre a connu une anomalie gravitationnelle durant une br\u00e8ve p\u00e9riode dans les ann\u00e9es 2000. Indiscernable pour nous,&hellip;\n","protected":false},"author":2,"featured_media":453214,"comment_status":"","ping_status":"","sticky":false,"template":"","format":"standard","meta":{"footnotes":""},"categories":[7],"tags":[57870,1011,27,5435,4313,43,40,41,39,42,44],"class_list":{"0":"post-453213","1":"post","2":"type-post","3":"status-publish","4":"format-standard","5":"has-post-thumbnail","7":"category-sciences-et-technologies","8":"tag-champ-magnetique","9":"tag-fr","10":"tag-france","11":"tag-gravite","12":"tag-satellite","13":"tag-science","14":"tag-science-and-technology","15":"tag-sciences","16":"tag-sciences-et-technologies","17":"tag-technologies","18":"tag-technology"},"share_on_mastodon":{"url":"https:\/\/pubeurope.com\/@fr\/115351468748829899","error":""},"_links":{"self":[{"href":"https:\/\/www.europesays.com\/fr\/wp-json\/wp\/v2\/posts\/453213","targetHints":{"allow":["GET"]}}],"collection":[{"href":"https:\/\/www.europesays.com\/fr\/wp-json\/wp\/v2\/posts"}],"about":[{"href":"https:\/\/www.europesays.com\/fr\/wp-json\/wp\/v2\/types\/post"}],"author":[{"embeddable":true,"href":"https:\/\/www.europesays.com\/fr\/wp-json\/wp\/v2\/users\/2"}],"replies":[{"embeddable":true,"href":"https:\/\/www.europesays.com\/fr\/wp-json\/wp\/v2\/comments?post=453213"}],"version-history":[{"count":0,"href":"https:\/\/www.europesays.com\/fr\/wp-json\/wp\/v2\/posts\/453213\/revisions"}],"wp:featuredmedia":[{"embeddable":true,"href":"https:\/\/www.europesays.com\/fr\/wp-json\/wp\/v2\/media\/453214"}],"wp:attachment":[{"href":"https:\/\/www.europesays.com\/fr\/wp-json\/wp\/v2\/media?parent=453213"}],"wp:term":[{"taxonomy":"category","embeddable":true,"href":"https:\/\/www.europesays.com\/fr\/wp-json\/wp\/v2\/categories?post=453213"},{"taxonomy":"post_tag","embeddable":true,"href":"https:\/\/www.europesays.com\/fr\/wp-json\/wp\/v2\/tags?post=453213"}],"curies":[{"name":"wp","href":"https:\/\/api.w.org\/{rel}","templated":true}]}}