{"id":453215,"date":"2025-10-10T19:14:12","date_gmt":"2025-10-10T19:14:12","guid":{"rendered":"https:\/\/www.europesays.com\/fr\/453215\/"},"modified":"2025-10-10T19:14:12","modified_gmt":"2025-10-10T19:14:12","slug":"trump-a-mis-sa-menace-a-execution-pour-un-nombre-important-de-fonctionnaires","status":"publish","type":"post","link":"https:\/\/www.europesays.com\/fr\/453215\/","title":{"rendered":"Trump a mis sa menace \u00e0 ex\u00e9cution pour un nombre \u00ab\u00a0important\u00a0\u00bb de fonctionnaires"},"content":{"rendered":"<p>        <img decoding=\"async\" loading=\"lazy\" src=\"https:\/\/www.europesays.com\/fr\/wp-content\/uploads\/2025\/10\/2546f56_upload-1-o0ejxxjxfutu-afp-20251007-77zc7b7-v1-highres-uspresidentdonaldtrumpmeetscanadianpri.jpeg\"  width=\"728\" height=\"409\" alt=\"Donald Trump avait menac\u00e9 de proc\u00e9der \u00e0 des licenciements massifs en cas de shutdown.\"\/>  <\/p>\n<p>JIM WATSON \/ AFP<\/p>\n<p>Donald Trump avait menac\u00e9 de proc\u00e9der \u00e0 des licenciements massifs en cas de shutdown.<\/p>\n<p class=\"asset asset-text\">\u00c9TATS-UNIS &#8211; La menace \u00e9tait <a href=\"https:\/\/www.huffingtonpost.fr\/international\/video\/trump-annonce-la-premiere-vague-de-licenciements-apres-cinq-jours-de-shutdown_255641.html\" target=\"_blank\" rel=\"noopener\">brandie par le pr\u00e9sident am\u00e9ricain Donald Trump<\/a> depuis plusieurs semaines. Le directeur du Budget de la Maison Blanche, <a href=\"https:\/\/www.huffingtonpost.fr\/international\/article\/russell-vought-architecte-du-project-2025-confirme-au-poste-de-directeur-du-budget-de-trump_245906.html\" target=\"_blank\" rel=\"noopener\">Russ Vought<\/a>, a annonc\u00e9 ce vendredi 10\u00a0octobre sur X que les \u00ab\u00a0r\u00e9ductions d\u2019effectifs avaient commenc\u00e9\u00a0\u00bb pour les fonctionnaires f\u00e9d\u00e9raux alors que les \u00c9tats-Unis sont en situation de paralysie budg\u00e9taire.<\/p>\n<p class=\"asset asset-text\">Ses services ont pr\u00e9cis\u00e9 \u00e0 l\u2019AFP qu\u2019il s\u2019agissait de renvois \u00ab\u00a0importants\u00a0\u00bb, sans donner de chiffres ni d\u2019\u00e9l\u00e9ments sur le profil des personnes concern\u00e9es.<\/p>\n<p class=\"asset asset-text\">Depuis le d\u00e9but, le 1er octobre, du blocage budg\u00e9taire dont la majorit\u00e9 r\u00e9publicaine et l\u2019opposition d\u00e9mocrate se renvoient la faute, Donald Trump avait pr\u00e9venu qu\u2019il proc\u00e9derait \u00e0 des licenciements massifs.<\/p>\n<p class=\"asset asset-text\">Le \u00ab\u00a0shutdown\u00a0\u00bb a plac\u00e9 des centaines de milliers de fonctionnaires am\u00e9ricains en cong\u00e9 d\u2019office, car consid\u00e9r\u00e9s comme occupant des fonctions non essentielles \u00e0 la marche quotidienne du pays. C\u2019est dans ce vivier que l\u2019ex\u00e9cutif am\u00e9ricain mena\u00e7ait de provoquer des licenciements, affirmant qu\u2019ils seraient imputables au camp d\u00e9mocrate, qui refuse de c\u00e9der au Congr\u00e8s.<\/p>\n<p>                     2,3\u00a0millions de fonctionnaires    <\/p>\n<p class=\"asset asset-text\">Les r\u00e9publicains proposent une prolongation du budget actuel, avec les m\u00eames niveaux de d\u00e9penses, tandis que les d\u00e9mocrates r\u00e9clament une prolongation de subventions pour des programmes d\u2019assurance sant\u00e9 \u00e0 destination de m\u00e9nages \u00e0 bas revenus.<\/p>\n<p class=\"asset asset-text\">Le parti de Donald Trump dispose de la majorit\u00e9 aux deux chambres du Congr\u00e8s, mais en raison des r\u00e8gles du S\u00e9nat, 60 voix sur 100 y sont n\u00e9cessaires pour adopter un budget. En l\u2019\u00e9tat actuel des forces, au moins huit membres de l\u2019opposition devraient se rallier au texte r\u00e9publicain, mais seulement trois l\u2019ont fait jusque-l\u00e0. Les responsables de la majorit\u00e9 pr\u00e9sidentielle esp\u00e8rent cependant r\u00e9ussir \u00e0 en faire c\u00e9der davantage au fil des jours.<\/p>\n<p class=\"asset asset-text\">Pendant toute la dur\u00e9e du blocage, l\u2019ensemble des plus de 2,3 millions de fonctionnaires f\u00e9d\u00e9raux ne sont pas pay\u00e9s, de m\u00eame que les plus de 1,3 million de militaires. Ces derniers devraient manquer leur premi\u00e8re solde mercredi prochain, une \u00e9ch\u00e9ance qui devrait accentuer la pression populaire sur le Congr\u00e8s et l\u2019ex\u00e9cutif, au vu de l\u2019importance des forces arm\u00e9es dans la culture des \u00c9tats-Unis.<\/p>\n","protected":false},"excerpt":{"rendered":"JIM WATSON \/ AFP Donald Trump avait menac\u00e9 de proc\u00e9der \u00e0 des licenciements massifs en cas de shutdown.&hellip;\n","protected":false},"author":2,"featured_media":453216,"comment_status":"","ping_status":"","sticky":false,"template":"","format":"standard","meta":{"footnotes":""},"categories":[6],"tags":[55322,35,75,33,34,73,1011,27,14],"class_list":{"0":"post-453215","1":"post","2":"type-post","3":"status-publish","4":"format-standard","5":"has-post-thumbnail","7":"category-economie","8":"tag-shutdown","9":"tag-business","10":"tag-donald-trump","11":"tag-economie","12":"tag-economy","13":"tag-etats-unis","14":"tag-fr","15":"tag-france","16":"tag-international"},"share_on_mastodon":{"url":"https:\/\/pubeurope.com\/@fr\/115351471031040583","error":""},"_links":{"self":[{"href":"https:\/\/www.europesays.com\/fr\/wp-json\/wp\/v2\/posts\/453215","targetHints":{"allow":["GET"]}}],"collection":[{"href":"https:\/\/www.europesays.com\/fr\/wp-json\/wp\/v2\/posts"}],"about":[{"href":"https:\/\/www.europesays.com\/fr\/wp-json\/wp\/v2\/types\/post"}],"author":[{"embeddable":true,"href":"https:\/\/www.europesays.com\/fr\/wp-json\/wp\/v2\/users\/2"}],"replies":[{"embeddable":true,"href":"https:\/\/www.europesays.com\/fr\/wp-json\/wp\/v2\/comments?post=453215"}],"version-history":[{"count":0,"href":"https:\/\/www.europesays.com\/fr\/wp-json\/wp\/v2\/posts\/453215\/revisions"}],"wp:featuredmedia":[{"embeddable":true,"href":"https:\/\/www.europesays.com\/fr\/wp-json\/wp\/v2\/media\/453216"}],"wp:attachment":[{"href":"https:\/\/www.europesays.com\/fr\/wp-json\/wp\/v2\/media?parent=453215"}],"wp:term":[{"taxonomy":"category","embeddable":true,"href":"https:\/\/www.europesays.com\/fr\/wp-json\/wp\/v2\/categories?post=453215"},{"taxonomy":"post_tag","embeddable":true,"href":"https:\/\/www.europesays.com\/fr\/wp-json\/wp\/v2\/tags?post=453215"}],"curies":[{"name":"wp","href":"https:\/\/api.w.org\/{rel}","templated":true}]}}