{"id":453219,"date":"2025-10-10T19:16:12","date_gmt":"2025-10-10T19:16:12","guid":{"rendered":"https:\/\/www.europesays.com\/fr\/453219\/"},"modified":"2025-10-10T19:16:12","modified_gmt":"2025-10-10T19:16:12","slug":"chez-les-republicains-la-menace-rampante-dune-scission","status":"publish","type":"post","link":"https:\/\/www.europesays.com\/fr\/453219\/","title":{"rendered":"Chez Les R\u00e9publicains, la menace rampante d\u2019une scission"},"content":{"rendered":"<p>\n    <strong>D\u00c9CRYPTAGE <\/strong>&#8211; \u00c0 l\u2019issue de la r\u00e9union \u00e0 l\u2019\u00c9lys\u00e9e, Bruno Retailleau et Laurent Wauquiez se divisent toujours sur la perspective de participer \u00e0 un gouvernement issu du \u00ab\u00a0socle commun\u00a0\u00bb.<\/p>\n<p class=\"fig-paragraph\">Pour la droite, l\u2019affaire est plut\u00f4t mal engag\u00e9e lorsque Les R\u00e9publicains (LR) prennent acte de l\u2019invitation \u00e0 l\u2019\u00c9lys\u00e9e transmise dans la nuit par les services de la pr\u00e9sidence. Si deux figures du parti sont bien invit\u00e9es \u00e0 participer \u00e0 ce moment de \u00ab\u00a0responsabilit\u00e9 collective\u00a0\u00bb, ainsi que le qualifie\u00a0<a href=\"http:\/\/www.lefigaro.fr\/politique\/crise-politique-gabriel-attal-appelle-emmanuel-macron-a-partager-le-pouvoir-20251010\" data-fig-type=\"NewsFlash\" data-gtm-custom-categorie=\"navigation\" data-gtm-custom-action=\"crossclick\" data-gtm-custom-label=\"Contextuel\" data-gtm-event=\"customEventSPE\" data-fig-domain=\"LEFIGARO\" target=\"_blank\" rel=\"noopener\">Emmanuel Macron<\/a>, le format de la rencontre est jug\u00e9 incomplet.<\/p>\n<p class=\"fig-paragraph\">Vendredi matin,\u00a0<a href=\"http:\/\/www.lefigaro.fr\/politique\/crise-politique-bruno-retailleau-evoque-son-depart-de-beauvau-lors-du-congres-national-des-pompiers-20251010\" data-fig-type=\"NewsFlash\" data-gtm-custom-categorie=\"navigation\" data-gtm-custom-action=\"crossclick\" data-gtm-custom-label=\"Contextuel\" data-gtm-event=\"customEventSPE\" data-fig-domain=\"LEFIGARO\" target=\"_blank\" rel=\"noopener\">Bruno Retailleau<\/a>, pr\u00e9sident du parti, comme<a href=\"http:\/\/www.lefigaro.fr\/politique\/laurent-wauquiez-n-entre-pas-au-gouvernement-mais-son-ambition-presidentielle-reste-intacte-20251005\" data-fig-type=\"Article\" data-gtm-custom-categorie=\"navigation\" data-gtm-custom-action=\"crossclick\" data-gtm-custom-label=\"Contextuel\" data-gtm-event=\"customEventSPE\" data-fig-domain=\"LEFIGARO\" target=\"_blank\" rel=\"noopener\">\u00a0Laurent Wauquiez<\/a>, patron du groupe Droite r\u00e9publicaine (DR) \u00e0 l\u2019Assembl\u00e9e nationale, sont bien pr\u00e9sents \u00e0 l\u2019\u00c9lys\u00e9e \u00e0 14\u00a0h\u00a030. Mais avant leur arriv\u00e9e, les s\u00e9nateurs manifestent leur \u00e9tonnement via la pr\u00e9sidence de la Haute Chambre. \u00c0 12\u00a0h\u00a050, G\u00e9rard Larcher d\u00e9cide d\u2019envoyer un SMS directement \u00e0 Emmanuel Macron, avec les pr\u00e9sidences des groupes s\u00e9natoriaux en copie\u00a0: \u00ab\u00a0Monsieur le Pr\u00e9sident de la R\u00e9publique, \u00e9crit G\u00e9rard Larcher, j\u2019ai \u00e9t\u00e9 inform\u00e9 de la r\u00e9union que vous convoquez \u00e0 14\u00a0h\u00a030 \u00e0 l\u2019\u00c9lys\u00e9e avec les chefs de parti hors RN et LFI et les pr\u00e9sidents des groupes\u2026<\/p>\n<p class=\"fig-premium-paywall__infos\">\n        Cet article est r\u00e9serv\u00e9 aux abonn\u00e9s.        Il vous reste 84% \u00e0 d\u00e9couvrir.\n    <\/p>\n<p>                <img  data- alt=\"Le Figaro\" class=\"fig-img--complete fig-img\"\/><\/p>\n<p class=\"fig-premium-paywall__title\">J-100, Le Figaro f\u00eate ses 200 ans<\/p>\n<p class=\"fig-premium-paywall__subtitle\">Offre anniversaire : 2\u20ac\/mois pendant 200 semaines<\/p>\n<p class=\"fig-premium-paywall__connect\">\n                D\u00e9j\u00e0 abonn\u00e9\u00a0?                <a class=\"fig-premium-paywall__connect-link\" href=\"https:\/\/connect.lefigaro.fr\/login?client=horizon_web&amp;type=main&amp;redirect_uri=https%3A%2F%2Fwww.lefigaro.fr%2Fpolitique%2Fchez-les-republicains-la-menace-rampante-d-une-scission-20251010\" data-js-gtm=\"{&quot;customCategorie&quot;: &quot;conversion&quot;, &quot;customAction&quot;: &quot;before_Landing_Connexion_paywall_auto&quot;, &quot;customLabel&quot;: &quot;bGVmaWdhcm8uZnJfXzFmMGE1ZDcxLWQ1ZjItNjUzYS1iMjAyLTVkZDlkNjAwN2ZmOV9fQXJ0aWNsZQ==_Chez Les R\u00e9publicains, la menace rampante d\u2019une scission_630&quot;, &quot;customIDSPE&quot;: &quot;bGVmaWdhcm8uZnJfXzFmMGE1ZDcxLWQ1ZjItNjUzYS1iMjAyLTVkZDlkNjAwN2ZmOV9fQXJ0aWNsZQ==&quot;, &quot;event&quot;: &quot;customEventSPE&quot;}\" target=\"_blank\" rel=\"noopener\"><br \/>\n                    Connectez-vous<br \/>\n                <\/a>\n            <\/p>\n","protected":false},"excerpt":{"rendered":"D\u00c9CRYPTAGE &#8211; \u00c0 l\u2019issue de la r\u00e9union \u00e0 l\u2019\u00c9lys\u00e9e, Bruno Retailleau et Laurent Wauquiez se divisent toujours sur&hellip;\n","protected":false},"author":2,"featured_media":453220,"comment_status":"","ping_status":"","sticky":false,"template":"","format":"standard","meta":{"footnotes":""},"categories":[4],"tags":[11,1013,1011,27,5639,6319,12,25],"class_list":{"0":"post-453219","1":"post","2":"type-post","3":"status-publish","4":"format-standard","5":"has-post-thumbnail","7":"category-france","8":"tag-actualites","9":"tag-bruno-retailleau","10":"tag-fr","11":"tag-france","12":"tag-laurent-wauquiez","13":"tag-les-republicains","14":"tag-news","15":"tag-republique-francaise"},"share_on_mastodon":{"url":"https:\/\/pubeurope.com\/@fr\/115351478872337952","error":""},"_links":{"self":[{"href":"https:\/\/www.europesays.com\/fr\/wp-json\/wp\/v2\/posts\/453219","targetHints":{"allow":["GET"]}}],"collection":[{"href":"https:\/\/www.europesays.com\/fr\/wp-json\/wp\/v2\/posts"}],"about":[{"href":"https:\/\/www.europesays.com\/fr\/wp-json\/wp\/v2\/types\/post"}],"author":[{"embeddable":true,"href":"https:\/\/www.europesays.com\/fr\/wp-json\/wp\/v2\/users\/2"}],"replies":[{"embeddable":true,"href":"https:\/\/www.europesays.com\/fr\/wp-json\/wp\/v2\/comments?post=453219"}],"version-history":[{"count":0,"href":"https:\/\/www.europesays.com\/fr\/wp-json\/wp\/v2\/posts\/453219\/revisions"}],"wp:featuredmedia":[{"embeddable":true,"href":"https:\/\/www.europesays.com\/fr\/wp-json\/wp\/v2\/media\/453220"}],"wp:attachment":[{"href":"https:\/\/www.europesays.com\/fr\/wp-json\/wp\/v2\/media?parent=453219"}],"wp:term":[{"taxonomy":"category","embeddable":true,"href":"https:\/\/www.europesays.com\/fr\/wp-json\/wp\/v2\/categories?post=453219"},{"taxonomy":"post_tag","embeddable":true,"href":"https:\/\/www.europesays.com\/fr\/wp-json\/wp\/v2\/tags?post=453219"}],"curies":[{"name":"wp","href":"https:\/\/api.w.org\/{rel}","templated":true}]}}