{"id":453223,"date":"2025-10-10T19:18:11","date_gmt":"2025-10-10T19:18:11","guid":{"rendered":"https:\/\/www.europesays.com\/fr\/453223\/"},"modified":"2025-10-10T19:18:11","modified_gmt":"2025-10-10T19:18:11","slug":"dans-les-entreprises-on-ne-change-pas-de-direction-tous-les-quinze-jours","status":"publish","type":"post","link":"https:\/\/www.europesays.com\/fr\/453223\/","title":{"rendered":"\u00ab Dans les entreprises, on ne change pas de direction tous les quinze jours\u00a0\u00bb"},"content":{"rendered":"<blockquote class=\"question\"><p>Qu\u2019est-ce qui vous a incit\u00e9 \u00e0 prendre la parole et \u00e0 appeler \u00e0 une mobilisation du monde \u00e9conomique\u00a0?<\/p><\/blockquote>\n<p>\u00ab\u00a0La mobilisation du monde \u00e9conomique, elle est l\u00e0. Car si le pays tient, c\u2019est uniquement gr\u00e2ce au monde \u00e9conomique, aux entreprises et \u00e0 l\u2019\u00e9nergie de ses collaborateurs. Et, ce, depuis des mois. Mais c\u2019est ahurissant d\u2019\u00eatre oblig\u00e9 d\u2019avancer dans cette succession d\u2019atermoiements politiques incompr\u00e9hensibles. J\u2019appelle \u00e0 ce que les entreprises soient reconnues pour ce qu\u2019elles sont et de sortir de ce jeu politique irresponsable.\u00a0\u00bb<\/p>\n<blockquote class=\"question\"><p>En quoi cela impacte-t-il l\u2019activit\u00e9 des entreprises\u00a0?<\/p><\/blockquote>\n<p>\u00ab\u00a0Cela rend l\u2019activit\u00e9 \u00e0 l\u2019international plus difficile or c\u2019est gr\u00e2ce \u00e0 nos exportations \u2013 qui repr\u00e9sentent 62\u00a0% de l\u2019activit\u00e9 de Thuasne \u2013 que nous tenons le coup. Cela rend l\u2019investissement plus difficile. On est en train de stresser les entreprises et, notamment, les ETI (Entreprises de taille interm\u00e9diaire, NDLR) comme la n\u00f4tre. Et, bien s\u00fbr, cela a un impact sur l\u2019emploi car on cr\u00e9e des emplois quand on a une visibilit\u00e9.\u00a0\u00bb<\/p>\n<p>\u00ab\u00a0On ne sait pas quelles vont \u00eatre les r\u00e8gles du jeu\u00a0\u00bb<\/p>\n<blockquote class=\"question\"><p>Des difficult\u00e9s n\u00e9es par cette instabilit\u00e9 politique, c\u2019est ce qui vous contrarie aujourd\u2019hui\u00a0?<\/p><\/blockquote>\n<p>\u00ab\u00a0C\u2019est plus que de la contrari\u00e9t\u00e9. La contrari\u00e9t\u00e9, on la surmonte. Mais ab\u00eemer, voire d\u00e9truire des entreprises est un risque durable pour le pays. Cela fait malheureusement des ann\u00e9es qu\u2019on a oubli\u00e9 l\u2019industrie des territoires, or c\u2019est elle qui tient le pays. Mon appel, il est l\u00e0\u00a0: cesser ce jeu politique permanent qui occupe l\u2019espace m\u00e9diatique.\u00a0\u00bb<\/p>\n<blockquote class=\"question\"><p>En quoi la situation politique actuelle acc\u00e9l\u00e8re les difficult\u00e9s des entreprises\u00a0?<\/p><\/blockquote>\n<p>\u00ab\u00a0On n\u2019a pas de budget. On ne sait pas quelles vont \u00eatre les r\u00e8gles du jeu. Cela augmente les difficult\u00e9s et les inconnues des entreprises qui n\u2019ont pas besoin de \u00e7a. Il y a quelque chose d\u2019irrationnel. Nous, dans les entreprises, on ne change pas de direction tous les quinze jours.\u00a0\u00bb<\/p>\n<p>  \u00ab\u00a0Ce qu\u2019on ne fait pas en ce moment, c\u2019est lourd de cons\u00e9quences\u00a0\u00bb<\/p>\n<blockquote class=\"question\"><p><a href=\"https:\/\/www.leprogres.fr\/p\/emmanuel-macron\" target=\"_blank\" rel=\"nofollow noopener\">Emmanuel Macron<\/a> a, depuis qu\u2019il est \u00e0 la t\u00eate de l\u2019\u00c9tat, cette image \u201cpro business\u201d. Est-ce qu\u2019il vous d\u00e9\u00e7oit\u00a0?<\/p><\/blockquote>\n<p>\u00ab\u00a0C\u2019est vrai qu\u2019Emmanuel Macron et ses gouvernements successifs ont \u00e9t\u00e9 attentifs \u00e0 l\u2019entreprise. Mais ils ont laiss\u00e9 partir l\u2019industrie. L\u2019industrie, \u00e7a se construit sur le temps long. Ce qu\u2019on ne fait pas en ce moment, c\u2019est lourd de cons\u00e9quences.\u00a0\u00bb<\/p>\n<blockquote class=\"question\"><p>Pour votre entreprise, <a href=\"https:\/\/www.leprogres.fr\/economie\/2023\/04\/20\/175-ans-de-thuasne-notre-metier-c-est-soigner-mais-il-faut-le-faire-differemment\" target=\"_blank\" rel=\"nofollow noopener\">Thuasne<\/a>, vous \u00eates inqui\u00e8te\u00a0?<\/p><\/blockquote>\n<p>\u00ab\u00a0Bien s\u00fbr, comme tout le monde. Je suis admirative de l\u2019\u00e9nergie de mes collaborateurs. Mais on est en train de jouer avec la p\u00e9rennit\u00e9 et la transmission des entreprises, notre capacit\u00e9 \u00e0 avoir des \u00e9changes de bon niveau avec d\u2019autres pays\u2026 Les circonstances li\u00e9es \u00e0 l\u2019instabilit\u00e9 politique ou sur les droits de douane cr\u00e9ent des moments de tension. Mais on a choisi de ne pas arr\u00eater nos projets. Sur la transformation digitale, par exemple, qui a un impact dans toutes les fonctions de l\u2019entreprise et les dispositifs m\u00e9dicaux. \u00bb<\/p>\n","protected":false},"excerpt":{"rendered":"Qu\u2019est-ce qui vous a incit\u00e9 \u00e0 prendre la parole et \u00e0 appeler \u00e0 une mobilisation du monde \u00e9conomique\u00a0?&hellip;\n","protected":false},"author":2,"featured_media":453224,"comment_status":"","ping_status":"","sticky":false,"template":"","format":"standard","meta":{"footnotes":""},"categories":[9653],"tags":[1111,11,2430,33,7539,1777,674,1011,27,3367,12,25,4001,7538,216],"class_list":{"0":"post-453223","1":"post","2":"type-post","3":"status-publish","4":"format-standard","5":"has-post-thumbnail","7":"category-saint-etienne","8":"tag-actu","9":"tag-actualites","10":"tag-auvergne-rhone-alpes","11":"tag-economie","12":"tag-edition-loire-sud","13":"tag-eu","14":"tag-europe","15":"tag-fr","16":"tag-france","17":"tag-loire","18":"tag-news","19":"tag-republique-francaise","20":"tag-saint-etienne","21":"tag-saint-etienne-ville","22":"tag-vie-des-entreprises"},"share_on_mastodon":{"url":"https:\/\/pubeurope.com\/@fr\/115351486718871751","error":""},"_links":{"self":[{"href":"https:\/\/www.europesays.com\/fr\/wp-json\/wp\/v2\/posts\/453223","targetHints":{"allow":["GET"]}}],"collection":[{"href":"https:\/\/www.europesays.com\/fr\/wp-json\/wp\/v2\/posts"}],"about":[{"href":"https:\/\/www.europesays.com\/fr\/wp-json\/wp\/v2\/types\/post"}],"author":[{"embeddable":true,"href":"https:\/\/www.europesays.com\/fr\/wp-json\/wp\/v2\/users\/2"}],"replies":[{"embeddable":true,"href":"https:\/\/www.europesays.com\/fr\/wp-json\/wp\/v2\/comments?post=453223"}],"version-history":[{"count":0,"href":"https:\/\/www.europesays.com\/fr\/wp-json\/wp\/v2\/posts\/453223\/revisions"}],"wp:featuredmedia":[{"embeddable":true,"href":"https:\/\/www.europesays.com\/fr\/wp-json\/wp\/v2\/media\/453224"}],"wp:attachment":[{"href":"https:\/\/www.europesays.com\/fr\/wp-json\/wp\/v2\/media?parent=453223"}],"wp:term":[{"taxonomy":"category","embeddable":true,"href":"https:\/\/www.europesays.com\/fr\/wp-json\/wp\/v2\/categories?post=453223"},{"taxonomy":"post_tag","embeddable":true,"href":"https:\/\/www.europesays.com\/fr\/wp-json\/wp\/v2\/tags?post=453223"}],"curies":[{"name":"wp","href":"https:\/\/api.w.org\/{rel}","templated":true}]}}