{"id":453251,"date":"2025-10-10T19:32:12","date_gmt":"2025-10-10T19:32:12","guid":{"rendered":"https:\/\/www.europesays.com\/fr\/453251\/"},"modified":"2025-10-10T19:32:12","modified_gmt":"2025-10-10T19:32:12","slug":"hoenheim-une-galerie-dart-a-la-salle-des-fetes","status":"publish","type":"post","link":"https:\/\/www.europesays.com\/fr\/453251\/","title":{"rendered":"Hoenheim. Une galerie d\u2019art \u00e0 la salle des f\u00eates"},"content":{"rendered":"<p>\u00ab\u00a0La salle des f\u00eates se transforme ce week-end en galerie d\u2019art\u00a0\u00bb, annonce Gaby Wurtz, adjointe \u00e0 la culture de la Ville.<\/p>\n<p>Cet \u00e9v\u00e9nement n\u2019avait pas eu lieu depuis 2022. Du 10 au 12\u00a0octobre, plus de mille visiteurs sont attendus et pourront d\u00e9couvrir des \u0153uvres fascinantes de cr\u00e9ateurs, majoritairement de Hoenheim.<\/p>\n<p>La Ville organise l\u2019Expo Art et Artisanat avec Le Petit Clou, association d\u2019anciens menuisiers et artisans du bois. Son&#8230;<\/p>\n","protected":false},"excerpt":{"rendered":"\u00ab\u00a0La salle des f\u00eates se transforme ce week-end en galerie d\u2019art\u00a0\u00bb, annonce Gaby Wurtz, adjointe \u00e0 la culture&hellip;\n","protected":false},"author":2,"featured_media":453252,"comment_status":"","ping_status":"","sticky":false,"template":"","format":"standard","meta":{"footnotes":""},"categories":[2820],"tags":[1111,11,1687,2880,1777,674,1011,27,775,15899,12,25,640,3265],"class_list":{"0":"post-453251","1":"post","2":"type-post","3":"status-publish","4":"format-standard","5":"has-post-thumbnail","7":"category-strasbourg","8":"tag-actu","9":"tag-actualites","10":"tag-culture-loisirs","11":"tag-edition-strasbourg","12":"tag-eu","13":"tag-europe","14":"tag-fr","15":"tag-france","16":"tag-grand-est","17":"tag-hoenheim","18":"tag-news","19":"tag-republique-francaise","20":"tag-strasbourg","21":"tag-strasbourg-nord"},"share_on_mastodon":{"url":"https:\/\/pubeurope.com\/@fr\/115351541781059683","error":""},"_links":{"self":[{"href":"https:\/\/www.europesays.com\/fr\/wp-json\/wp\/v2\/posts\/453251","targetHints":{"allow":["GET"]}}],"collection":[{"href":"https:\/\/www.europesays.com\/fr\/wp-json\/wp\/v2\/posts"}],"about":[{"href":"https:\/\/www.europesays.com\/fr\/wp-json\/wp\/v2\/types\/post"}],"author":[{"embeddable":true,"href":"https:\/\/www.europesays.com\/fr\/wp-json\/wp\/v2\/users\/2"}],"replies":[{"embeddable":true,"href":"https:\/\/www.europesays.com\/fr\/wp-json\/wp\/v2\/comments?post=453251"}],"version-history":[{"count":0,"href":"https:\/\/www.europesays.com\/fr\/wp-json\/wp\/v2\/posts\/453251\/revisions"}],"wp:featuredmedia":[{"embeddable":true,"href":"https:\/\/www.europesays.com\/fr\/wp-json\/wp\/v2\/media\/453252"}],"wp:attachment":[{"href":"https:\/\/www.europesays.com\/fr\/wp-json\/wp\/v2\/media?parent=453251"}],"wp:term":[{"taxonomy":"category","embeddable":true,"href":"https:\/\/www.europesays.com\/fr\/wp-json\/wp\/v2\/categories?post=453251"},{"taxonomy":"post_tag","embeddable":true,"href":"https:\/\/www.europesays.com\/fr\/wp-json\/wp\/v2\/tags?post=453251"}],"curies":[{"name":"wp","href":"https:\/\/api.w.org\/{rel}","templated":true}]}}