{"id":453253,"date":"2025-10-10T19:33:16","date_gmt":"2025-10-10T19:33:16","guid":{"rendered":"https:\/\/www.europesays.com\/fr\/453253\/"},"modified":"2025-10-10T19:33:16","modified_gmt":"2025-10-10T19:33:16","slug":"le-team-strasbourg-veut-continuer-la-recolte","status":"publish","type":"post","link":"https:\/\/www.europesays.com\/fr\/453253\/","title":{"rendered":"le Team Strasbourg veut continuer la r\u00e9colte"},"content":{"rendered":"<p>Avec un championnat \u00c9lite \u00e0 neuf \u00e9quipes, le calendrier n\u2019est pas bien muscl\u00e9. Si l\u2019on y ajoute des week-ends consacr\u00e9s aux diff\u00e9rentes Coupes d\u2019Europe (que le Team Strasbourg ne joue pas cette saison), des coupures se produisent \u00e0 intervalles r\u00e9guliers dans le planning.<\/p>\n<p>Ainsi, depuis les trois coups du championnat \u00c9lite (le 13\u00a0septembre), le Team Strasbourg n\u2019a jou\u00e9 que trois matches qu\u2019il a eu la bonne id\u00e9e de gagner de fa\u00e7on autoritaire\u00a0: 19-4 contre Bordeaux, 16-8 \u00e0 Nice et un hallucinant 25-14 face \u00e0 Montpellier (MWP).<\/p>\n<p>\u00ab\u00a0On a fait le job\u00a0\u00bb<\/p>\n<p>\u00ab\u00a0Le compte est bon, on a fait le job, se r\u00e9jouit Hugo Fontani, gardien de but et&#8230;<\/p>\n","protected":false},"excerpt":{"rendered":"Avec un championnat \u00c9lite \u00e0 neuf \u00e9quipes, le calendrier n\u2019est pas bien muscl\u00e9. Si l\u2019on y ajoute des&hellip;\n","protected":false},"author":2,"featured_media":453254,"comment_status":"","ping_status":"","sticky":false,"template":"","format":"standard","meta":{"footnotes":""},"categories":[2820],"tags":[1111,11,2389,2649,2880,1777,674,107,1011,27,775,12,25,517,640,2879,43653,7488],"class_list":{"0":"post-453253","1":"post","2":"type-post","3":"status-publish","4":"format-standard","5":"has-post-thumbnail","7":"category-strasbourg","8":"tag-actu","9":"tag-actualites","10":"tag-alsace","11":"tag-bas-rhin","12":"tag-edition-strasbourg","13":"tag-eu","14":"tag-europe","15":"tag-fil-info","16":"tag-fr","17":"tag-france","18":"tag-grand-est","19":"tag-news","20":"tag-republique-francaise","21":"tag-sport","22":"tag-strasbourg","23":"tag-strasbourg-ville","24":"tag-team-strasbourg","25":"tag-water-polo"},"share_on_mastodon":{"url":"https:\/\/pubeurope.com\/@fr\/115351545757607763","error":""},"_links":{"self":[{"href":"https:\/\/www.europesays.com\/fr\/wp-json\/wp\/v2\/posts\/453253","targetHints":{"allow":["GET"]}}],"collection":[{"href":"https:\/\/www.europesays.com\/fr\/wp-json\/wp\/v2\/posts"}],"about":[{"href":"https:\/\/www.europesays.com\/fr\/wp-json\/wp\/v2\/types\/post"}],"author":[{"embeddable":true,"href":"https:\/\/www.europesays.com\/fr\/wp-json\/wp\/v2\/users\/2"}],"replies":[{"embeddable":true,"href":"https:\/\/www.europesays.com\/fr\/wp-json\/wp\/v2\/comments?post=453253"}],"version-history":[{"count":0,"href":"https:\/\/www.europesays.com\/fr\/wp-json\/wp\/v2\/posts\/453253\/revisions"}],"wp:featuredmedia":[{"embeddable":true,"href":"https:\/\/www.europesays.com\/fr\/wp-json\/wp\/v2\/media\/453254"}],"wp:attachment":[{"href":"https:\/\/www.europesays.com\/fr\/wp-json\/wp\/v2\/media?parent=453253"}],"wp:term":[{"taxonomy":"category","embeddable":true,"href":"https:\/\/www.europesays.com\/fr\/wp-json\/wp\/v2\/categories?post=453253"},{"taxonomy":"post_tag","embeddable":true,"href":"https:\/\/www.europesays.com\/fr\/wp-json\/wp\/v2\/tags?post=453253"}],"curies":[{"name":"wp","href":"https:\/\/api.w.org\/{rel}","templated":true}]}}