{"id":453259,"date":"2025-10-10T19:36:24","date_gmt":"2025-10-10T19:36:24","guid":{"rendered":"https:\/\/www.europesays.com\/fr\/453259\/"},"modified":"2025-10-10T19:36:24","modified_gmt":"2025-10-10T19:36:24","slug":"malgre-la-greve-des-facteurs-ce-centre-de-courrier-pres-de-nantes-fermera-bien-ses-portes","status":"publish","type":"post","link":"https:\/\/www.europesays.com\/fr\/453259\/","title":{"rendered":"Malgr\u00e9 la gr\u00e8ve des facteurs, ce centre de courrier pr\u00e8s de Nantes fermera bien ses portes"},"content":{"rendered":"<p>            Par<br \/>\n        <strong><br \/>\n            <a href=\"https:\/\/actu.fr\/auteur\/journaliste-cp\" title=\"Consulter tous les articles de R\u00e9daction Courrier du Pays de Retz\" rel=\"nofollow noopener\" target=\"_blank\">R\u00e9daction Courrier du Pays de Retz<\/a><br \/>\n        <\/strong><\/p>\n<p>        Publi\u00e9 le<\/p>\n<p>            10 oct. 2025 \u00e0 16h23        <\/p>\n<p>Apr\u00e8s avoir protest\u00e9 \u00e0 <b>Bouaye (Loire-Atlantique),<\/b> \u00e0 Bouguenais, ou encore devant la direction de la Poste \u00e0 Nantes, et obtenu un fort soutien des habitants de Bouaye, ainsi que du conseil municipal de Bouaye, les 15 facteurs et factrices des sites de Bouaye et Bouguenais ont finalement repris le travail le <b>mercredi 8 octobre 2025.<\/b><\/p>\n<p class=\" wall-content\">Pour rappel, le mouvement qui avait d\u00e9marr\u00e9 le 30 septembre, faisait suite \u00e0 la d\u00e9cision de la Poste de fermer le centre de courrier de Bouaye, de relocaliser les agents de Bouaye sur les sites de <b>Bouguenais et de Sainte-Pazanne<\/b>, et de leur confier la gestion des colis en plus du courrier habituel et des imprim\u00e9s publicitaires.\u00a0<\/p>\n<p>Embauches et changements de tourn\u00e9es<\/p>\n<p class=\" wall-content\">En d\u00e9pit de la d\u00e9termination du collectif de gr\u00e9vistes et le soutien de la mairie de Bouaye, la direction de la Poste n\u2019a pas c\u00e9d\u00e9 au sujet de la<b> fermeture du centre de courrier de Bouaye. <\/b><\/p>\n<p class=\" wall-content\">Quatre des anciens facteurs de Bouaye ont ainsi int\u00e9gr\u00e9 la plateforme de Sainte-Pazanne, tandis que cinq sont d\u00e9sormais sur Bouguenais.<\/p>\n<p class=\" wall-content\">Les gr\u00e9vistes ont cependant obtenu l\u2019embauche de 9 personnes <b>jusqu\u2019au 31 janvier 2026<\/b> sur ces deux sites.<\/p>\n<blockquote class=\"ac-article-quote wall-content\">\n<p>\u00a0\u00bb Ces emplois, qui pourraient devenir p\u00e9rennes, vont permettre d\u2019all\u00e9ger les charges des positions de travail et une meilleure qualit\u00e9 de service rendu \u00e0 la population \u00ab\u00a0<\/p>\n<p>Nathalie Jamin, d\u00e9l\u00e9gu\u00e9e syndicale Sud-PTT<\/p><\/blockquote>\n<p>Vid\u00e9os : en ce moment sur ActuPrendre en compte la r\u00e9alit\u00e9 du terrain<\/p>\n<p class=\" wall-content\">Ils ont \u00e9galement pu obtenir \u00a0\u00bb la restructuration de leurs nouvelles tourn\u00e9es selon leurs r\u00e9alit\u00e9s de terrain. La direction a 1 mois pour assurer la mise en place de cette nouvelle organisation d\u00e9cid\u00e9e par les agent.es. \u00ab\u00a0<\/p>\n<p class=\" wall-content\">C\u2019\u00e9tait l\u2019une des principales revendications du collectif : que la Poste prenne enfin en compte leurs r\u00e9alit\u00e9s du terrain qu\u2019ils rencontrent chaque jour, et modifie en cons\u00e9quence leurs tourn\u00e9es.<\/p>\n<p>Votre r\u00e9gion, votre actu !<\/p>\n<p>Recevez chaque jour les infos qui comptent pour vous.<\/p>\n<p>\t<a href=\"https:\/\/actu.fr\/newsletter\" class=\"ac-btn ac-btn--corner ac-btn--medium ac-btn--blue800\" rel=\"nofollow noopener\" target=\"_blank\">S&rsquo;incrire<\/a><\/p>\n<p class=\" wall-content\">Des embauches et des changements de tourn\u00e9es indispensables pour que le travail soit effectu\u00e9 correctement, car <b>selon les syndicats :<\/b> \u00a0\u00bb Alors que la Poste a communiqu\u00e9 une continuit\u00e9 inchang\u00e9e du service, Bouguenais compte \u00e0 ce jour environ 10 000 plis en souffrance sur le site. \u00a0\u00bb\u00a0<\/p>\n<p>Inqui\u00e9tudes pour le bureau de Poste de Bouaye<\/p>\n<p class=\" wall-content\">Malgr\u00e9 cette victoire, la fermeture du centre de tri de Bouaye rend l\u2019avenir du bureau de Poste en lui-m\u00eame pr\u00e9occupant, m\u00eame si la Poste affirme \u00e0 nouveau dans son dernier communiqu\u00e9 que \u00a0\u00bb\u00a0ce d\u00e9m\u00e9nagement du centre courrier n\u2019a pas d\u2019impact <b>sur le bureau de poste de Bouaye<\/b> qui continue d\u2019accueillir les clients normalement\u00a0\u00ab\u00a0.<\/p>\n<p class=\" wall-content\">De son c\u00f4t\u00e9, Nathalie Jamin rappelle qu\u2019une <b>p\u00e9tition avec plus de 700 signatures se trouve sur le bureau du pr\u00e9fet <\/b>et que celle-ci \u00a0\u00bb\u00a0conteste \u00e9galement par anticipation<b> la potentielle fermeture du bureau de poste<\/b> de la commune car nous gageons que lorsque des facteurs sont expuls\u00e9s d\u2019un b\u00e2timent commun au guichet, ce dernier a une dur\u00e9e de vie limit\u00e9e \u00ab\u00a0.<\/p>\n<p>Un collectif solidaire<\/p>\n<p class=\" wall-content\">M\u00eame si les agents ont repris le travail, les syndicats restent sur leurs gardes concernant les nouvelles conditions de travail\u00a0des facteurs et factrices \u00a0\u00bb\u00a0au regard de l\u2019exigu\u00eft\u00e9 et de la mutualisation de tous les flux en un m\u00eame lieu\u00a0: courriers, imprim\u00e9s publicitaires et colis \u00ab\u00a0. Ils pr\u00e9cisent de plus : \u00a0\u00bb Nous saurons utiliser tous les leviers pour assurer la sant\u00e9 physique et mentale et la s\u00e9curit\u00e9 des agent.es. \u00ab\u00a0<\/p>\n<p class=\" wall-content\">De son c\u00f4t\u00e9, la Poste assure :<\/p>\n<blockquote class=\"ac-article-quote wall-content\">\n<p>Ce r\u00e9am\u00e9nagement, motiv\u00e9 par l\u2019\u00e9volution du r\u00e9seau logistique de La Poste, vise \u00e0 am\u00e9liorer les conditions de travail, \u00e0 maintenir l\u2019emploi, tout en maintenant un service de qualit\u00e9. La distribution reste assur\u00e9e 6 jours sur 7, sans impact pour les clients. \u00ab\u00a0<\/p>\n<p>La Poste<\/p><\/blockquote>\n<p class=\" wall-content\">Ce qui est s\u00fbr, c\u2019est que tout au long de ces journ\u00e9es de gr\u00e8ve, facteurs et factrices sont rest\u00e9s unis, faisant preuve d\u2019une belle solidarit\u00e9 et d\u2019une forte d\u00e9termination.<\/p>\n<p class=\" wall-content\">Personnalisez votre actualit\u00e9 en ajoutant vos villes et m\u00e9dias en favori avec <a href=\"https:\/\/moncompte.actu.fr\" title=\"D\u00e9couvez Mon Actu\" rel=\"nofollow noopener\" data-trk=\"{&quot;cta&quot;:{&quot;action&quot;:&quot;https:\\\/\\\/moncompte.actu.fr&quot;,&quot;category&quot;:&quot;mon compte&quot;,&quot;from&quot;:&quot;article footer&quot;,&quot;name&quot;:&quot;Mon actu&quot;,&quot;type&quot;:&quot;cta&quot;}}\" target=\"_blank\">Mon Actu<\/a>.<\/p>\n","protected":false},"excerpt":{"rendered":"Par R\u00e9daction Courrier du Pays de Retz Publi\u00e9 le 10 oct. 2025 \u00e0 16h23 Apr\u00e8s avoir protest\u00e9 \u00e0&hellip;\n","protected":false},"author":2,"featured_media":453260,"comment_status":"","ping_status":"","sticky":false,"template":"","format":"standard","meta":{"footnotes":""},"categories":[2818],"tags":[1111,11,1777,674,1011,27,3316,766,12,2636,25,104],"class_list":{"0":"post-453259","1":"post","2":"type-post","3":"status-publish","4":"format-standard","5":"has-post-thumbnail","7":"category-nantes","8":"tag-actu","9":"tag-actualites","10":"tag-eu","11":"tag-europe","12":"tag-fr","13":"tag-france","14":"tag-la-poste","15":"tag-nantes","16":"tag-news","17":"tag-pays-de-la-loire","18":"tag-republique-francaise","19":"tag-societe"},"share_on_mastodon":{"url":"https:\/\/pubeurope.com\/@fr\/115351557509014662","error":""},"_links":{"self":[{"href":"https:\/\/www.europesays.com\/fr\/wp-json\/wp\/v2\/posts\/453259","targetHints":{"allow":["GET"]}}],"collection":[{"href":"https:\/\/www.europesays.com\/fr\/wp-json\/wp\/v2\/posts"}],"about":[{"href":"https:\/\/www.europesays.com\/fr\/wp-json\/wp\/v2\/types\/post"}],"author":[{"embeddable":true,"href":"https:\/\/www.europesays.com\/fr\/wp-json\/wp\/v2\/users\/2"}],"replies":[{"embeddable":true,"href":"https:\/\/www.europesays.com\/fr\/wp-json\/wp\/v2\/comments?post=453259"}],"version-history":[{"count":0,"href":"https:\/\/www.europesays.com\/fr\/wp-json\/wp\/v2\/posts\/453259\/revisions"}],"wp:featuredmedia":[{"embeddable":true,"href":"https:\/\/www.europesays.com\/fr\/wp-json\/wp\/v2\/media\/453260"}],"wp:attachment":[{"href":"https:\/\/www.europesays.com\/fr\/wp-json\/wp\/v2\/media?parent=453259"}],"wp:term":[{"taxonomy":"category","embeddable":true,"href":"https:\/\/www.europesays.com\/fr\/wp-json\/wp\/v2\/categories?post=453259"},{"taxonomy":"post_tag","embeddable":true,"href":"https:\/\/www.europesays.com\/fr\/wp-json\/wp\/v2\/tags?post=453259"}],"curies":[{"name":"wp","href":"https:\/\/api.w.org\/{rel}","templated":true}]}}