{"id":453264,"date":"2025-10-10T19:39:14","date_gmt":"2025-10-10T19:39:14","guid":{"rendered":"https:\/\/www.europesays.com\/fr\/453264\/"},"modified":"2025-10-10T19:39:14","modified_gmt":"2025-10-10T19:39:14","slug":"lelu-karfa-diallo-evoque-des-deferlements-de-racisme-et-retropedale","status":"publish","type":"post","link":"https:\/\/www.europesays.com\/fr\/453264\/","title":{"rendered":"l&rsquo;\u00e9lu Karfa Diallo \u00e9voque des \u00ab\u00a0d\u00e9ferlements de racisme\u00a0\u00bb et r\u00e9trop\u00e9dale"},"content":{"rendered":"<p>            Par<br \/>\n        <strong><br \/>\n            <a href=\"https:\/\/actu.fr\/auteur\/charlotte-lesprit\" title=\"Consulter tous les articles de Charlotte Lesprit\" rel=\"nofollow noopener\" target=\"_blank\">Charlotte Lesprit<\/a><br \/>\n        <\/strong><\/p>\n<p>        Publi\u00e9 le<\/p>\n<p>            10 oct. 2025 \u00e0 17h35        <\/p>\n<p>Fin septembre, Karfa Diallo r\u00e9affirmait aupr\u00e8s d\u2019<a href=\"https:\/\/actu.fr\/bordeaux\/\" rel=\"nofollow noopener\" target=\"_blank\">actu Bordeaux<\/a> sa volont\u00e9 d\u2019entrer dans la course aux<a href=\"https:\/\/actu.fr\/tag\/municipales-2026\" rel=\"nofollow noopener\" target=\"_blank\"> \u00e9lections municipales de 2026<\/a>. Ce vendredi 10 octobre, c\u2019est sur ses r\u00e9seaux sociaux qu\u2019il fait part de son renoncement\u2009: \u00ab\u2009J\u2019ai pris la d\u00e9cision de retirer ma candidature\u2009\u00bb.<\/p>\n<p class=\" wall-content\">Un \u00ab\u2009choix\u2009\u00bb que l\u2019\u00e9lu, qui <strong>si\u00e8ge avec les \u00e9cologistes<\/strong> au conseil r\u00e9gional de Nouvelle-Aquitaine, estime \u00ab\u2009difficile mais n\u00e9cessaire\u2009\u00bb. Ce dernier \u00ab\u2009r\u00e9pond \u00e0 plusieurs r\u00e9alit\u00e9s que je souhaite assumer avec transparence et responsabilit\u00e9\u2009\u00bb, \u00e9crit-il.<\/p>\n<p>Manque de \u00ab\u2009ressources\u2009\u00bb<\/p>\n<p class=\" wall-content\">Premi\u00e8rement, Karfa Diallo \u00e9voque \u00ab\u2009la difficult\u00e9 \u00e0 r\u00e9unir les ressources humaines et financi\u00e8res indispensables pour mener une <strong>campagne exigeante<\/strong> et fid\u00e8le \u00e0 [ses] valeurs\u2009\u00bb. L\u2019\u00e9lu, \u00e9galement connu pour les actions de son association <a href=\"https:\/\/actu.fr\/nouvelle-aquitaine\/bordeaux_33063\/passe-negrier-de-bordeaux-les-plaques-de-rues-explicatives-font-debat_34244029.html\" rel=\"nofollow noopener\" target=\"_blank\">M\u00e9moires &amp; Partages<\/a>, \u00e9voque un manque d\u2019int\u00e9r\u00eat, voire un rejet, envers la classe politique.<\/p>\n<blockquote class=\"ac-article-quote wall-content\">\n<p>\u00ab\u2009Contrairement \u00e0 2001 o\u00f9 l\u2019engagement politique \u00e9tait plus valorisant, la d\u00e9saffection \u00e0 l\u2019endroit de la classe politique est grande aujourd\u2019hui\u2009\u00bb<\/p>\n<p>    <strong>Karfa Diallo<\/strong><br \/>\n        ancien candidat \u00e0 la mairie de Bordeaux     <\/p><\/blockquote>\n<p>Racisme<\/p>\n<p class=\" wall-content\">L\u2019\u00e9lu mentionne \u00e9galement vouloir \u00ab\u2009pr\u00e9server [sa] sant\u00e9 et [sa] vie de famille\u2009\u00bb tout en \u00e9voquant des \u00ab\u2009<strong>d\u00e9ferlements de racisme<\/strong> sur les r\u00e9seaux sociaux suite \u00e0 cette d\u00e9claration de candidature\u2009\u00bb. Et d\u2019ajouter\u2009: \u00ab\u2009Ces derniers mois, mes diff\u00e9rents engagements ont \u00e9t\u00e9 particuli\u00e8rement ext\u00e9nuants.\u2009\u00bb Outre ce projet de campagne, Karfa Diallo pr\u00e9cise avoir re\u00e7u de violentes attaques racistes suite \u00e0 son engagement pour <a href=\"https:\/\/actu.fr\/nouvelle-aquitaine\/biarritz_64122\/quartier-de-la-negresse-a-biarritz-le-tribunal-administratif-decide-du-changement-de-nom_62219683.html\" rel=\"nofollow noopener\" target=\"_blank\">renommer le quartier de La N\u00e9gresse \u00e0 Biarritz<\/a>.<\/p>\n<p>    <a href=\"https:\/\/www.facebook.com\/plugins\/post.php?href=https%3A%2F%2Fwww.facebook.com%2Fkarfa.diallo%2Fposts%2Fpfbid024cLy5EEqHadotsuHt1CKrLhJZjaA3LtkfGeUFM4NWDDQmqxnSxDZkd53Z237yCswl&amp;show_text=true&amp;width=350\" title=\"Ouvrie le lien\" rel=\"nofollow noopener\" target=\"_blank\">Cliquez ici pour visualiser le contenu<\/a><\/p>\n<p class=\" wall-content\">Outre cet \u00e9puisement, l\u2019\u00e9lu \u00e9voque \u00ab\u2009un contexte politique plus large\u2009\u00bb et lance un appel pour une <strong>union de la gauche\u2009<\/strong>: \u00ab\u2009Notre responsabilit\u00e9 collective est de rassembler, de d\u00e9fendre les valeurs d\u2019\u00e9galit\u00e9, de solidarit\u00e9 et de justice sociale.\u2009\u00bb<\/p>\n<p>Votre r\u00e9gion, votre actu !<\/p>\n<p>Recevez chaque jour les infos qui comptent pour vous.<\/p>\n<p>\t<a href=\"https:\/\/actu.fr\/newsletter\" class=\"ac-btn ac-btn--corner ac-btn--medium ac-btn--blue800\" rel=\"nofollow noopener\" target=\"_blank\">S&rsquo;incrire<\/a><\/p>\n<p class=\" wall-content\">\u00ab\u2009Mon retrait \u00e9lectoral ne signifie<strong> pas un retrait de l\u2019action<\/strong>. Je continuerai, comme je l\u2019ai toujours fait, \u00e0 agir pour la m\u00e9moire, la citoyennet\u00e9 et le vivre-ensemble \u00e0 Bordeaux et ailleurs\u2009\u00bb, poursuit-il dans son communiqu\u00e9.<\/p>\n<p class=\" wall-content\">Personnalisez votre actualit\u00e9 en ajoutant vos villes et m\u00e9dias en favori avec <a href=\"https:\/\/moncompte.actu.fr\" title=\"D\u00e9couvez Mon Actu\" rel=\"nofollow noopener\" data-trk=\"{&quot;cta&quot;:{&quot;action&quot;:&quot;https:\\\/\\\/moncompte.actu.fr&quot;,&quot;category&quot;:&quot;mon compte&quot;,&quot;from&quot;:&quot;article footer&quot;,&quot;name&quot;:&quot;Mon actu&quot;,&quot;type&quot;:&quot;cta&quot;}}\" target=\"_blank\">Mon Actu<\/a>.<\/p>\n","protected":false},"excerpt":{"rendered":"Par Charlotte Lesprit Publi\u00e9 le 10 oct. 2025 \u00e0 17h35 Fin septembre, Karfa Diallo r\u00e9affirmait aupr\u00e8s d\u2019actu Bordeaux&hellip;\n","protected":false},"author":2,"featured_media":453265,"comment_status":"","ping_status":"","sticky":false,"template":"","format":"standard","meta":{"footnotes":""},"categories":[2817],"tags":[1111,11,1997,4188,1777,674,1011,27,3434,12,2219,316,25],"class_list":{"0":"post-453264","1":"post","2":"type-post","3":"status-publish","4":"format-standard","5":"has-post-thumbnail","7":"category-bordeaux","8":"tag-actu","9":"tag-actualites","10":"tag-bordeaux","11":"tag-elections-municipales","12":"tag-eu","13":"tag-europe","14":"tag-fr","15":"tag-france","16":"tag-municipales-2026","17":"tag-news","18":"tag-nouvelle-aquitaine","19":"tag-politique","20":"tag-republique-francaise"},"share_on_mastodon":{"url":"","error":""},"_links":{"self":[{"href":"https:\/\/www.europesays.com\/fr\/wp-json\/wp\/v2\/posts\/453264","targetHints":{"allow":["GET"]}}],"collection":[{"href":"https:\/\/www.europesays.com\/fr\/wp-json\/wp\/v2\/posts"}],"about":[{"href":"https:\/\/www.europesays.com\/fr\/wp-json\/wp\/v2\/types\/post"}],"author":[{"embeddable":true,"href":"https:\/\/www.europesays.com\/fr\/wp-json\/wp\/v2\/users\/2"}],"replies":[{"embeddable":true,"href":"https:\/\/www.europesays.com\/fr\/wp-json\/wp\/v2\/comments?post=453264"}],"version-history":[{"count":0,"href":"https:\/\/www.europesays.com\/fr\/wp-json\/wp\/v2\/posts\/453264\/revisions"}],"wp:featuredmedia":[{"embeddable":true,"href":"https:\/\/www.europesays.com\/fr\/wp-json\/wp\/v2\/media\/453265"}],"wp:attachment":[{"href":"https:\/\/www.europesays.com\/fr\/wp-json\/wp\/v2\/media?parent=453264"}],"wp:term":[{"taxonomy":"category","embeddable":true,"href":"https:\/\/www.europesays.com\/fr\/wp-json\/wp\/v2\/categories?post=453264"},{"taxonomy":"post_tag","embeddable":true,"href":"https:\/\/www.europesays.com\/fr\/wp-json\/wp\/v2\/tags?post=453264"}],"curies":[{"name":"wp","href":"https:\/\/api.w.org\/{rel}","templated":true}]}}