{"id":453284,"date":"2025-10-10T19:50:15","date_gmt":"2025-10-10T19:50:15","guid":{"rendered":"https:\/\/www.europesays.com\/fr\/453284\/"},"modified":"2025-10-10T19:50:15","modified_gmt":"2025-10-10T19:50:15","slug":"le-leader-de-lextreme-droite-suspend-sa-campagne-affirmant-avoir-ete-la-cible-dun-attentat-dejoue","status":"publish","type":"post","link":"https:\/\/www.europesays.com\/fr\/453284\/","title":{"rendered":"le leader de l&rsquo;extr\u00eame droite suspend sa campagne, affirmant avoir \u00e9t\u00e9 la cible d&rsquo;un attentat d\u00e9jou\u00e9"},"content":{"rendered":"\n<p class=\"c-chapo \">\n  Trois personnes ont \u00e9t\u00e9 arr\u00eat\u00e9es, jeudi, pour des soup\u00e7ons de pr\u00e9paration d'\u00a0\u00bbattentat terroriste d&rsquo;inspiration jihadiste \u00e0 l&rsquo;encontre d&rsquo;hommes politiques\u00a0\u00bb.\n<\/p>\n<p>      lire plus tard<\/p>\n<p id=\"dialog__title\" class=\"dialog__title\">Pour sauvegarder cet article, connectez-vous ou cr\u00e9ez un compte franceinfo<\/p>\n<p class=\"dialog__description\">Sans paiement. Sans abonnement.<\/p>\n<p>        Fermer la fen\u00eatre d\u2019activation des notifications France Info<\/p>\n<p>      cr\u00e9er votre compte<\/p>\n<p>      se connecter<\/p>\n<p>        Fermer la fen\u00eatre de pr\u00e9sentation<\/p>\n<p>    <img loading=\"lazy\" decoding=\"async\" class=\"signature__image lazyload\" width=\"100\" height=\"100\" data- alt=\"\" src=\"https:\/\/www.europesays.com\/fr\/wp-content\/uploads\/2025\/05\/64a68815cd1a7_placeholder-36b69ec8.png\"\/><\/p>\n<p>    Publi\u00e9 le 10\/10\/2025 20:41<\/p>\n<p>        Temps de lecture : 1min<\/p>\n<p>    <img decoding=\"async\"  alt=\"Geert Wilders, candidat du PVV aux l\u00e9gislatives n\u00e9erlandaises, \u00e0 La Haye, aux Pays-Bas, le 25 septembre 2025. (REMKO DE WAAL \/ ANP MAG \/ AFP)\" width=\"432\" height=\"243\" src=\"https:\/\/www.europesays.com\/fr\/wp-content\/uploads\/2025\/10\/043-537437824-68e952a243dff667666878.jpg\" fetchpriority=\"high\"\/><\/p>\n<p>      Geert Wilders, candidat du PVV aux l\u00e9gislatives n\u00e9erlandaises, \u00e0 La Haye, aux Pays-Bas, le 25 septembre 2025. (REMKO DE WAAL \/ ANP MAG \/ AFP)<\/p>\n<p>Geert Wilders suspend sa campagne. Vendredi 10 octobre, le dirigeant d&rsquo;extr\u00eame droite n\u00e9erlandais a annonc\u00e9 qu&rsquo;il interrompait ses activit\u00e9s \u00e9lectorales en vue des l\u00e9gislatives du 29 octobre aux Pays-Bas, apr\u00e8s avoir appris qu&rsquo;il avait \u00e9galement \u00e9t\u00e9 la cible d&rsquo;un attentat d\u00e9jou\u00e9, <a href=\"https:\/\/www.franceinfo.fr\/monde\/europe\/belgique\/la-police-belge-dejoue-un-possible-attentat-jihadiste-avec-un-drone-contre-le-premier-ministre-bart-de-wever_7542553.html\" target=\"_blank\" rel=\"noopener\">qui visait \u00e9galement le Premier ministre belge, Bart De Wever<\/a>.<\/p>\n<p>Dans un message <a href=\"https:\/\/x.com\/geertwilderspvv\/status\/1976689558281441458\" target=\"_blank\" rel=\"noopener\">sur X<\/a>, le candidat nationaliste a expliqu\u00e9 avoir \u00e9t\u00e9 inform\u00e9 par l&rsquo;agence de renseignement n\u00e9erlandaise. \u00ab\u00a0La NCTV ne pr\u00e9voit pas de &lsquo;menace r\u00e9siduelle&rsquo; mais j&rsquo;ai un mauvais pressentiment et je suspends donc toutes mes activit\u00e9s de campagne pour le moment\u00a0\u00bb, a-t-il ajout\u00e9.<\/p>\n<p>Quelques heures plus t\u00f4t, Geert Wilders avait renonc\u00e9 \u00e0 la derni\u00e8re minute \u00e0 participer \u00e0 un d\u00e9bat \u00e9lectoral diffus\u00e9 \u00e0 la radio n\u00e9erlandaise. Il avait expliqu\u00e9 sa d\u00e9cision en mettant en avant des informations du m\u00e9dia belge VTM Nieuws, selon lesquelles il faisait partie des personnalit\u00e9s politiques auxquelles des personnes arr\u00eat\u00e9es jeudi en Belgique projetaient de s&rsquo;attaquer.\u00a0D&rsquo;apr\u00e8s VTM Nieuws, la maire d&rsquo;Anvers, Els van Doesburg, \u00e9tait aussi vis\u00e9e.<\/p>\n<p>Le parti de Geert Wilders, le PVV, caracole en t\u00eate des sondages pour les l\u00e9gislatives anticip\u00e9es. Ce d\u00e9tracteur de l&rsquo;islam et de l&rsquo;immigration est r\u00e9guli\u00e8rement la cible de menaces de mort. Il est sous protection polici\u00e8re constante depuis 2004.<\/p>\n","protected":false},"excerpt":{"rendered":"Trois personnes ont \u00e9t\u00e9 arr\u00eat\u00e9es, jeudi, pour des soup\u00e7ons de pr\u00e9paration d&rsquo;\u00a0\u00bbattentat terroriste d&rsquo;inspiration jihadiste \u00e0 l&rsquo;encontre d&rsquo;hommes&hellip;\n","protected":false},"author":2,"featured_media":453285,"comment_status":"","ping_status":"","sticky":false,"template":"","format":"standard","meta":{"footnotes":""},"categories":[1888],"tags":[1111,1928,11,1927,1777,674,1011,27,12,1926,626,1925,25],"class_list":{"0":"post-453284","1":"post","2":"type-post","3":"status-publish","4":"format-standard","5":"has-post-thumbnail","7":"category-paris","8":"tag-actu","9":"tag-actu-paris","10":"tag-actualites","11":"tag-actualites-paris","12":"tag-eu","13":"tag-europe","14":"tag-fr","15":"tag-france","16":"tag-news","17":"tag-news-paris","18":"tag-paris","19":"tag-paris-news","20":"tag-republique-francaise"},"share_on_mastodon":{"url":"https:\/\/pubeurope.com\/@fr\/115351613366006589","error":""},"_links":{"self":[{"href":"https:\/\/www.europesays.com\/fr\/wp-json\/wp\/v2\/posts\/453284","targetHints":{"allow":["GET"]}}],"collection":[{"href":"https:\/\/www.europesays.com\/fr\/wp-json\/wp\/v2\/posts"}],"about":[{"href":"https:\/\/www.europesays.com\/fr\/wp-json\/wp\/v2\/types\/post"}],"author":[{"embeddable":true,"href":"https:\/\/www.europesays.com\/fr\/wp-json\/wp\/v2\/users\/2"}],"replies":[{"embeddable":true,"href":"https:\/\/www.europesays.com\/fr\/wp-json\/wp\/v2\/comments?post=453284"}],"version-history":[{"count":0,"href":"https:\/\/www.europesays.com\/fr\/wp-json\/wp\/v2\/posts\/453284\/revisions"}],"wp:featuredmedia":[{"embeddable":true,"href":"https:\/\/www.europesays.com\/fr\/wp-json\/wp\/v2\/media\/453285"}],"wp:attachment":[{"href":"https:\/\/www.europesays.com\/fr\/wp-json\/wp\/v2\/media?parent=453284"}],"wp:term":[{"taxonomy":"category","embeddable":true,"href":"https:\/\/www.europesays.com\/fr\/wp-json\/wp\/v2\/categories?post=453284"},{"taxonomy":"post_tag","embeddable":true,"href":"https:\/\/www.europesays.com\/fr\/wp-json\/wp\/v2\/tags?post=453284"}],"curies":[{"name":"wp","href":"https:\/\/api.w.org\/{rel}","templated":true}]}}