{"id":453302,"date":"2025-10-10T20:00:17","date_gmt":"2025-10-10T20:00:17","guid":{"rendered":"https:\/\/www.europesays.com\/fr\/453302\/"},"modified":"2025-10-10T20:00:17","modified_gmt":"2025-10-10T20:00:17","slug":"jai-eu-assez-peur-estelle-denis-se-confie-suite-a-laffaire-des-colis-pieges-zaptv","status":"publish","type":"post","link":"https:\/\/www.europesays.com\/fr\/453302\/","title":{"rendered":"\u00ab\u00a0J\u2019ai eu assez peur\u00a0\u00bb : Estelle Denis se confie suite \u00e0 l\u2019affaire des colis pi\u00e9g\u00e9s (ZAPTV)"},"content":{"rendered":"<p>L\u2019affaire a commenc\u00e9 le samedi 4 octobre 2025, \u00e0 la mi-journ\u00e9e. En pleine tourn\u00e9e, un facteur en Dordogne voit sa fourgonnette exploser. Dans un autre bureau de poste, quelques heures apr\u00e8s, <a href=\"https:\/\/www.voici.fr\/celebrites\/affaire-des-colis-pieges-visant-estelle-denis-elodie-poux-et-manuel-bompard-un-suspect-a-ete-arrete-812853\" target=\"_blank\" rel=\"noopener\">deux autres colis pi\u00e9g\u00e9s sont identifi\u00e9s<\/a>. Deux paquets d\u00e9samorc\u00e9s par une \u00e9quipe de d\u00e9minage de la gendarmerie. Une fois l\u2019information r\u00e9v\u00e9l\u00e9e, <strong>les enqu\u00eateurs identifient le nom des trois personnalit\u00e9s vis\u00e9es<\/strong>\u00a0: le chef des Insoumis <a href=\"https:\/\/www.voici.fr\/bios-people\/manuel-bompard\" data-link-people=\"9e3114e1-7a0d-49a1-b140-c47e56efbb82\" target=\"_blank\" rel=\"noopener\">Manuel Bompard<\/a>, <a href=\"https:\/\/www.voici.fr\/news-people\/estelle-denis-le-role-que-jouera-la-journaliste-lors-des-jeux-olympiques-de-paris-785801\" target=\"_blank\" rel=\"noopener\">la journaliste Estelle Denis<\/a> et l\u2019humoriste <a href=\"https:\/\/www.voici.fr\/bios-people\/elodie-poux\" data-link-people=\"bcee0e94-11c9-49cb-a698-a79c06c32d80\" target=\"_blank\" rel=\"noopener\">\u00c9lodie Poux<\/a>.<\/p>\n<p>Des c\u00e9l\u00e9rit\u00e9s vis\u00e9es en raison des propos critiques envers les antivax<\/p>\n<p>Ces trois personnalit\u00e9s sont sans lien \u00e9vident. \u00ab\u00a0Je n\u2019ai rien contre recevoir des cadeaux, apr\u00e8s je pr\u00e9f\u00e9rerais des chocolats. Je pr\u00e9f\u00e8re m\u2019exploser le bide que m\u2019exploser tout court\u00a0\u00bb, avait r\u00e9agi, tout en <a href=\"https:\/\/www.voici.fr\/celebrites\/affaire-des-colis-pieges-visant-estelle-denis-elodie-poux-et-manuel-bompard-un-suspect-a-ete-arrete-812853\" target=\"_blank\" rel=\"noopener\">humour, \u00c9lodie Poux<\/a>. <strong>Les enqu\u00eateurs sont remont\u00e9s jusqu\u2019\u00e0 un homme de 51 ans<\/strong> qui a \u00e9t\u00e9 identifi\u00e9 gr\u00e2ce aux v\u00e9hicules pass\u00e9s \u00e0 proximit\u00e9 du petit village et aux images de la vid\u00e9osurveillance. Ce dernier a \u00e9t\u00e9 interpell\u00e9 le mercredi 8 octobre 2025 \u00e0 Clermont-Ferrand. <a href=\"https:\/\/www.voici.fr\/celebrites\/philippe-caubere-mis-en-examen-son-ancienne-avocate-placee-en-garde-a-vue-pour-des-soupcons-d-alteration-de-preuve-812780\" target=\"_blank\" rel=\"noopener\">Plac\u00e9 en garde \u00e0 vue<\/a>, il a reconnu <strong>\u00ab\u00a0avoir confectionn\u00e9\u00a0\u00bb<\/strong><strong> les colis contenant les dispositifs explosifs.<\/strong><\/p>\n<p>Le suspect a expliqu\u00e9 avoir cibl\u00e9 ces personnalit\u00e9s en raison \u00ab\u00a0<strong>des propos critiques envers les antivax <\/strong>qu&rsquo;elles auraient tenus\u00a0\u00bb, a expliqu\u00e9 le procureur de la R\u00e9publique. Ce vendredi 10 octobre 2025, Estelle Denis \u00e9tait convi\u00e9e sur le plateau de C \u00e0 vous pour \u00e9voquer <a href=\"https:\/\/www.voici.fr\/tele\/jean-luc-delarue-son-emission-culte-ca-se-discute-fait-son-retour-decouvrez-quelle-celebre-animatrice-a-ete-choisie-pour-lui-succeder-800718\" target=\"_blank\" rel=\"noopener\">le retour de l\u2019\u00e9mission culte,\u00a0\u00c7a se discute<\/a>. <a href=\"https:\/\/www.voici.fr\/bios-people\/mohamed-bouhafsi\" data-link-people=\"3784caba-ec30-42af-b89b-f137a9514618\" target=\"_blank\" rel=\"noopener\"><strong>Mohamed Bouhafsi<\/strong><\/a><strong> en a profit\u00e9<\/strong> pour prendre de ses nouvelles, suite \u00e0 l\u2019affaire des colis pi\u00e9g\u00e9s. \u00ab\u00a0<strong>Au d\u00e9but, j\u2019ai cru \u00e0 un canular. <\/strong>J\u2019ai eu assez peur pendant quelques jours\u00a0\u00bb, a reconnu la pr\u00e9sentatrice de RMC Life.<\/p>\n<p>Colis pi\u00e9g\u00e9s\u00a0: comment a r\u00e9agi Estelle Denis\u00a0?<\/p>\n<p>Sur le plateau de C \u00e0 vous, <a href=\"https:\/\/www.voici.fr\/celebrites\/estelle-denis-en-couple-avec-marc-thiercelin-que-pensent-ses-enfants-victoire-et-merlin-de-sa-nouvelle-histoire-d-amour-811708\" target=\"_blank\" rel=\"noopener\">Estelle Denis a mis en lumi\u00e8re<\/a> le travail des enqu\u00eateurs. \u00ab\u00a0La gendarmerie a mis les moyens. <strong>Qu\u2019est-ce que j\u2019ai fait pour m\u00e9riter un colis pi\u00e9g\u00e9\u00a0?<\/strong> C\u2019est lunaire. Il a \u00e9t\u00e9 arr\u00eat\u00e9, heureusement\u00a0\u00bb, a-t-elle l\u00e2ch\u00e9. \u00ab\u00a0J\u2019ai eu des propos pas tr\u00e8s sympas sur les antivax pendant le Covid\u2026\u00c7a a muri chez lui\u2026 Je ne comprends toujours pas, mais j\u2019ai au moins une explication\u00a0\u00bb, a conclu la pr\u00e9sentatrice de RMC Life. D\u2019apr\u00e8s La Provence, le tribunal correctionnel de P\u00e9rigeux a condamn\u00e9, ce vendredi 10 octobre 2025, <strong>le cinquantenaire \u00e0 deux ans de prison ferme.<\/strong><\/p>\n","protected":false},"excerpt":{"rendered":"L\u2019affaire a commenc\u00e9 le samedi 4 octobre 2025, \u00e0 la mi-journ\u00e9e. En pleine tourn\u00e9e, un facteur en Dordogne&hellip;\n","protected":false},"author":2,"featured_media":453303,"comment_status":"","ping_status":"","sticky":false,"template":"","format":"standard","meta":{"footnotes":""},"categories":[1586],"tags":[11,13060,4470,11247,17945,1777,674,1779,57878,1011,27,12,25,1364,1778,364],"class_list":{"0":"post-453302","1":"post","2":"type-post","3":"status-publish","4":"format-standard","5":"has-post-thumbnail","7":"category-europe","8":"tag-actualites","9":"tag-affaire","10":"tag-c-u00e0-vous","11":"tag-enquu00eate","12":"tag-estelle-denis","13":"tag-eu","14":"tag-europe","15":"tag-european-union","16":"tag-explosions","17":"tag-fr","18":"tag-france","19":"tag-news","20":"tag-republique-francaise","21":"tag-tv","22":"tag-ue","23":"tag-union-europeenne"},"share_on_mastodon":{"url":"https:\/\/pubeurope.com\/@fr\/115351651912499575","error":""},"_links":{"self":[{"href":"https:\/\/www.europesays.com\/fr\/wp-json\/wp\/v2\/posts\/453302","targetHints":{"allow":["GET"]}}],"collection":[{"href":"https:\/\/www.europesays.com\/fr\/wp-json\/wp\/v2\/posts"}],"about":[{"href":"https:\/\/www.europesays.com\/fr\/wp-json\/wp\/v2\/types\/post"}],"author":[{"embeddable":true,"href":"https:\/\/www.europesays.com\/fr\/wp-json\/wp\/v2\/users\/2"}],"replies":[{"embeddable":true,"href":"https:\/\/www.europesays.com\/fr\/wp-json\/wp\/v2\/comments?post=453302"}],"version-history":[{"count":0,"href":"https:\/\/www.europesays.com\/fr\/wp-json\/wp\/v2\/posts\/453302\/revisions"}],"wp:featuredmedia":[{"embeddable":true,"href":"https:\/\/www.europesays.com\/fr\/wp-json\/wp\/v2\/media\/453303"}],"wp:attachment":[{"href":"https:\/\/www.europesays.com\/fr\/wp-json\/wp\/v2\/media?parent=453302"}],"wp:term":[{"taxonomy":"category","embeddable":true,"href":"https:\/\/www.europesays.com\/fr\/wp-json\/wp\/v2\/categories?post=453302"},{"taxonomy":"post_tag","embeddable":true,"href":"https:\/\/www.europesays.com\/fr\/wp-json\/wp\/v2\/tags?post=453302"}],"curies":[{"name":"wp","href":"https:\/\/api.w.org\/{rel}","templated":true}]}}