{"id":453310,"date":"2025-10-10T20:04:10","date_gmt":"2025-10-10T20:04:10","guid":{"rendered":"https:\/\/www.europesays.com\/fr\/453310\/"},"modified":"2025-10-10T20:04:10","modified_gmt":"2025-10-10T20:04:10","slug":"marco-penge-en-tete-de-lopen-despagne-julien-guerrier-et-alexander-levy-en-embuscade-a-la-5e-place-lequipe","status":"publish","type":"post","link":"https:\/\/www.europesays.com\/fr\/453310\/","title":{"rendered":"Marco Penge en t\u00eate de l&#039;Open d&#039;Espagne, Julien Guerrier et Alexander Levy en embuscade \u00e0 la 5e place &#8211; L&#039;\u00c9quipe"},"content":{"rendered":"<ol>\n<li><a href=\"https:\/\/news.google.com\/rss\/articles\/CBMi4AFBVV95cUxPcDFKXy1wYnNLaFBPQ2hNTi1FR2NFdFNYUHRneDRsTEw3RjNmRW93TXVScXhOU3pNVDFzSHIwRWR5NE5QYWMydjFKQjZaRWhQdnBtLVZldExGNFh2QXRTQ0U1RGEzcnhzOFVwZEluaVBPR0kxTFpQdXdSNDJGbm9uMl9ZSFNsU3g2enlkY0FBZEd4RWpxS2hnUWNnc25Ba1d4OFJJT3JFSm9FMnZ0TXRfNUV2MzhLNndQTVh1c3lITVo5NWRNY1VIU0JqWjlJbVBiRHFDLXdnTmxsSXZPTE5ZeQ?oc=5\" target=\"_blank\" rel=\"nofollow noopener\">Marco Penge en t\u00eate de l&rsquo;Open d&rsquo;Espagne, Julien Guerrier et Alexander Levy en embuscade \u00e0 la 5e place<\/a>&nbsp;&nbsp;L&rsquo;\u00c9quipe<\/li>\n<li><a href=\"https:\/\/news.google.com\/rss\/articles\/CBMisAFBVV95cUxOZXQwcldmb3EzbHlTWFdPT1R1Um9Pa2pXbG1QXzFGWDE3bW1wLTNwRmNWSnJQbGx4aEV1ZDBRQk1vaGgtYU1uNEU4cXFDNzh1YWUwZXk0VjhqQmdkdFNMZzRTOXNab3F2ejRTYktXQmw1clRlMVVoejlLNmNGOWJjRE9UenR3Rl9MNlgyaHdsTFp2RkwyUmVReU5YWU1mRTVJbnpCR2plZ2YzQ2lDaFp4Tw?oc=5\" target=\"_blank\" rel=\"nofollow noopener\">Premi\u00e8re journ\u00e9e euphorique pour les Fran\u00e7ais \u00e0 l&rsquo;Open d&rsquo;Espagne<\/a>&nbsp;&nbsp;L&rsquo;\u00c9quipe<\/li>\n<li><a href=\"https:\/\/news.google.com\/rss\/articles\/CBMiiAJBVV95cUxNQzV2MWZtQklocTRuaml3LWdfRUhfM1A4WDNwLXBUTXJpQlhkUGFGT1pfTWhRRGxzdmFSWS0wTkFYM3RGUTFKVmFpRWQ2SXhVdENneTBpZGg2WDFaYm84MFM5NFNxTno4X2VPUXQ3Q1NJVFpIVXJ3ZU4wa1hzTzFZZlZsLVB4emtDT3ZPNXE3a0hRUENKRXM0QkppU05WaklmVkxPNHlBR202TmU0dkFDUkt0SnVHOHZKRGNSazZUZm9xZ0ZOMURkeWN3Q21GQ1NrMlpzVDN1UTJqc1cwQ3VMYkttaGQ4aEkxZnV4MDk5QXZkQ0M3ZXZHelBtQ2RoQ2p2S0VCclY2SFE?oc=5\" target=\"_blank\" rel=\"nofollow noopener\">Golf. Dpw Tour &#8211; Open d\u2019Espagne: Joel Girrbach et Aaron Cockerill en t\u00eate apr\u00e8s deux tours (- 8)<\/a>&nbsp;&nbsp;Ouest-France<\/li>\n<li><a href=\"https:\/\/news.google.com\/rss\/articles\/CBMiqwFBVV95cUxORXdTLUlXbTQ0cTgwRkR4VXI5NUdFRENzbEtDeTJrVEc2Y0NVNVhsQVNZVU1fTF85VzFFTVV4alQ0SEV0NWZSV1g4ZU1xalhQVzkydjNlVzlMRmFNSEpkaWNxNk9IUTVLeEpqbTUwUDFlcDV0V1lVQXVFZWUyQTQ1TTRUX0JjVnJTMXZETjFoOXhURm03cG5RSkZEMVZMc1dNNW1RV2RNRDhTQ1U?oc=5\" target=\"_blank\" rel=\"nofollow noopener\">Acciona Open de Espa\u00f1a : Coussaud co-leader d\u2019entr\u00e9e<\/a>&nbsp;&nbsp;F\u00e9d\u00e9ration fran\u00e7aise de golf (ffgolf)<\/li>\n<li><a href=\"https:\/\/news.google.com\/rss\/articles\/CBMiswFBVV95cUxQNzQ0T2xtTm9RQ3FMQ3lKRF9kSk5tenptWHVleV9PVDZ3QVVJTFRUMlhNMktodVpQdm1jRjhYajBKeWRVdjd6TzVKSG8tbEExQU1mR3VHRV9jUklhTzNNQWRyck53YTloT1czYk1XUERVM2VXYjBFMk5uVzZWWUVzTFZSMHFST3l5VHZUcHBJeTdySjRDMlZXdHFfbllCNnVKUFRwdkxfYU9jZ2N1ODlmZzhQaw?oc=5\" target=\"_blank\" rel=\"nofollow noopener\">Dans le sillage d\u2019Ugo Coussaud leader, les Bleus illuminent le premier tour<\/a>&nbsp;&nbsp;Golf Plan\u00e8te<\/li>\n<\/ol>\n","protected":false},"excerpt":{"rendered":"Marco Penge en t\u00eate de l&rsquo;Open d&rsquo;Espagne, Julien Guerrier et Alexander Levy en embuscade \u00e0 la 5e place&nbsp;&nbsp;L&rsquo;\u00c9quipe&hellip;\n","protected":false},"author":2,"featured_media":453311,"comment_status":"","ping_status":"","sticky":false,"template":"","format":"standard","meta":{"footnotes":""},"categories":[1418],"tags":[1011,27,1472,60],"class_list":{"0":"post-453310","1":"post","2":"type-post","3":"status-publish","4":"format-standard","5":"has-post-thumbnail","7":"category-golf","8":"tag-fr","9":"tag-france","10":"tag-golf","11":"tag-sports"},"share_on_mastodon":{"url":"https:\/\/pubeurope.com\/@fr\/115351667517830360","error":""},"_links":{"self":[{"href":"https:\/\/www.europesays.com\/fr\/wp-json\/wp\/v2\/posts\/453310","targetHints":{"allow":["GET"]}}],"collection":[{"href":"https:\/\/www.europesays.com\/fr\/wp-json\/wp\/v2\/posts"}],"about":[{"href":"https:\/\/www.europesays.com\/fr\/wp-json\/wp\/v2\/types\/post"}],"author":[{"embeddable":true,"href":"https:\/\/www.europesays.com\/fr\/wp-json\/wp\/v2\/users\/2"}],"replies":[{"embeddable":true,"href":"https:\/\/www.europesays.com\/fr\/wp-json\/wp\/v2\/comments?post=453310"}],"version-history":[{"count":0,"href":"https:\/\/www.europesays.com\/fr\/wp-json\/wp\/v2\/posts\/453310\/revisions"}],"wp:featuredmedia":[{"embeddable":true,"href":"https:\/\/www.europesays.com\/fr\/wp-json\/wp\/v2\/media\/453311"}],"wp:attachment":[{"href":"https:\/\/www.europesays.com\/fr\/wp-json\/wp\/v2\/media?parent=453310"}],"wp:term":[{"taxonomy":"category","embeddable":true,"href":"https:\/\/www.europesays.com\/fr\/wp-json\/wp\/v2\/categories?post=453310"},{"taxonomy":"post_tag","embeddable":true,"href":"https:\/\/www.europesays.com\/fr\/wp-json\/wp\/v2\/tags?post=453310"}],"curies":[{"name":"wp","href":"https:\/\/api.w.org\/{rel}","templated":true}]}}