{"id":453312,"date":"2025-10-10T20:06:10","date_gmt":"2025-10-10T20:06:10","guid":{"rendered":"https:\/\/www.europesays.com\/fr\/453312\/"},"modified":"2025-10-10T20:06:10","modified_gmt":"2025-10-10T20:06:10","slug":"rugby-a-xiii-les-22-joueurs-du-xiii-de-france-sont-connus","status":"publish","type":"post","link":"https:\/\/www.europesays.com\/fr\/453312\/","title":{"rendered":"Rugby \u00e0 XIII\u00a0: Les 22 joueurs du XIII de France sont connus"},"content":{"rendered":"<p>\n                                                                    Publi\u00e9 le 10\/10\/2025 \u00e0 20:30\n                                                                                                <\/p>\n<p class=\"article-full__chapo \">\n                                                                L\u2019encadrement du XIII de France a tranch\u00e9. La liste des joueurs est pass\u00e9e de 26 \u00e0 22 pour pr\u00e9parer la rencontre face \u00e0 la Jama\u00efque pr\u00e9vue \u00e0 Albi le samedi 25\u00a0octobre prochain (15h30). Un rendez-vous qui permettra au vainqueur de participer \u00e0 la Coupe du monde 2026 organis\u00e9e en Australie et en Papouasie-Nouvelle-Guin\u00e9e.\n                            <\/p>\n<p>\u00c0 moins d\u2019une\u00a0semaine du d\u00e9part pour Londres (16\u00a0au 18\u00a0octobre) o\u00f9 ont \u00e9t\u00e9 programm\u00e9es\u00a0des s\u00e9ances d\u2019entra\u00eenement avec l\u2019Australie, Laurent Frayssinous vient de d\u00e9voiler la liste des 22\u00a0joueurs retenus. L\u2019ailier toulousain, Benjamin Laguerre (fracture de la main) a \u00e9t\u00e9 le premier \u00e0 quitter le groupe par forfait. Lucas Albert (Carcassonne), Maxime Stefani (TO) et Tiaki Chan (Wigan) quittent la liste initiale.\u00a0Anthony Marion (c\u00f4tes) et Romain Navarrete (pubalgie) sont aux soins, quand l\u2019encadrement suivra de pr\u00e8s la prestation d\u2019Arthur Mourgue en finale de la Super League ce samedi (19\u00a0h) avec Hull KR contre Wigan.<\/p>\n<p>Les 22 Bleus\u00a0: Aispuro-Bichet, Da Costa, Bousquet, Darr\u00e9latour, Dezaria, Fages, Garcia, M.\u00a0Laguerre, Navarrete, Roug\u00e9, Romano, S\u00e9guier, Tison, Yaha (Dragons Catalans), T.\u00a0Lacans, Marion, M.\u00a0Stefani (TO), Cozza (Wakefield), Griffier (Sydney Roosters U20), Grossemy (Canterbury), Mourgue (Hull KR), Sangar\u00e9 (Salford).<\/p>\n","protected":false},"excerpt":{"rendered":"Publi\u00e9 le 10\/10\/2025 \u00e0 20:30 L\u2019encadrement du XIII de France a tranch\u00e9. La liste des joueurs est pass\u00e9e&hellip;\n","protected":false},"author":2,"featured_media":453313,"comment_status":"","ping_status":"","sticky":false,"template":"","format":"standard","meta":{"footnotes":""},"categories":[1416],"tags":[1011,27,479,1468,60],"class_list":{"0":"post-453312","1":"post","2":"type-post","3":"status-publish","4":"format-standard","5":"has-post-thumbnail","7":"category-rugby","8":"tag-fr","9":"tag-france","10":"tag-rugby","11":"tag-rugby-football","12":"tag-sports"},"share_on_mastodon":{"url":"https:\/\/pubeurope.com\/@fr\/115351675452663974","error":""},"_links":{"self":[{"href":"https:\/\/www.europesays.com\/fr\/wp-json\/wp\/v2\/posts\/453312","targetHints":{"allow":["GET"]}}],"collection":[{"href":"https:\/\/www.europesays.com\/fr\/wp-json\/wp\/v2\/posts"}],"about":[{"href":"https:\/\/www.europesays.com\/fr\/wp-json\/wp\/v2\/types\/post"}],"author":[{"embeddable":true,"href":"https:\/\/www.europesays.com\/fr\/wp-json\/wp\/v2\/users\/2"}],"replies":[{"embeddable":true,"href":"https:\/\/www.europesays.com\/fr\/wp-json\/wp\/v2\/comments?post=453312"}],"version-history":[{"count":0,"href":"https:\/\/www.europesays.com\/fr\/wp-json\/wp\/v2\/posts\/453312\/revisions"}],"wp:featuredmedia":[{"embeddable":true,"href":"https:\/\/www.europesays.com\/fr\/wp-json\/wp\/v2\/media\/453313"}],"wp:attachment":[{"href":"https:\/\/www.europesays.com\/fr\/wp-json\/wp\/v2\/media?parent=453312"}],"wp:term":[{"taxonomy":"category","embeddable":true,"href":"https:\/\/www.europesays.com\/fr\/wp-json\/wp\/v2\/categories?post=453312"},{"taxonomy":"post_tag","embeddable":true,"href":"https:\/\/www.europesays.com\/fr\/wp-json\/wp\/v2\/tags?post=453312"}],"curies":[{"name":"wp","href":"https:\/\/api.w.org\/{rel}","templated":true}]}}