{"id":453314,"date":"2025-10-10T20:07:12","date_gmt":"2025-10-10T20:07:12","guid":{"rendered":"https:\/\/www.europesays.com\/fr\/453314\/"},"modified":"2025-10-10T20:07:12","modified_gmt":"2025-10-10T20:07:12","slug":"alcaraz-et-sinner-sont-a-un-autre-niveau","status":"publish","type":"post","link":"https:\/\/www.europesays.com\/fr\/453314\/","title":{"rendered":"\u00ab Alcaraz et Sinner sont \u00e0 un autre niveau \u00bb"},"content":{"rendered":"<p>                <img decoding=\"async\" src=\"https:\/\/www.europesays.com\/fr\/wp-content\/uploads\/2025\/10\/5TLO.jpg\" fetchpriority=\"high\" alt=\"Mensik impressionn\u00e9 mais pas r\u00e9sign\u00e9 : \u00ab Alcaraz et Sinner sont \u00e0 un autre niveau \u00bb \"\/><\/p>\n<p>Le jeune prodige tch\u00e8que s\u2019incline face \u00e0 l\u2019\u00e9vidence : un foss\u00e9 s\u00e9pare encore les meilleurs du reste du peloton.<\/p>\n<p>Dans un circuit ATP en pleine mutation, o\u00f9 la jeunesse frappe \u00e0 la porte du tr\u00f4ne laiss\u00e9 par les l\u00e9gendes, Jakub Mensik, 20 ans, trace progressivement sa route. R\u00e9v\u00e9l\u00e9 cette saison par une victoire au Masters 1000 de Miami, le Tch\u00e8que reste humble et surtout tr\u00e8s lucide sur la hi\u00e9rarchie actuelle.<\/p>\n<p>\u00ab En ce moment, Alcaraz et Sinner sont les meilleurs, et il y a un grand \u00e9cart avec les autres. Nous essayons de les atteindre\u2026 mais ils nous sont sup\u00e9rieurs \u00e0 tous points de vue. Leur r\u00e9gularit\u00e9, leur style de jeu, chaque coup qu\u2019ils produisent font la diff\u00e9rence. Ils sont \u00e0 un autre niveau. \u00bb<\/p>\n<p>Mais ce constat n\u2019est pas une r\u00e9signation. Bien au contraire. L\u2019ambition est bien l\u00e0, nourrie par l\u2019observation de leurs gestes lors des s\u00e9ances d\u2019entra\u00eenement :<\/p>\n<p>\u00ab On peut beaucoup apprendre d\u2019eux \u00e0 l\u2019entra\u00eenement. Les affronter pour la premi\u00e8re fois m\u2019aiderait \u00e0 comprendre comment ils r\u00e9agissent dans chaque situation. \u00bb<\/p>\n<p><strong>Enfin, concernant son explosion m\u00e9diatique suite \u00e0 son sacre \u00e0 Miami, Mensik refuse de se laisser emporter :<\/strong><\/p>\n<p>\u00ab Les fans et les journalistes commencent \u00e0 parler de vous, et vos matchs re\u00e7oivent beaucoup plus d\u2019attention. Mais \u00e7a ne veut pas dire que vous \u00eates au niveau des meilleurs. Je n\u2019ai pas d\u2019attentes pour ma carri\u00e8re. Je me concentre uniquement sur mon travail. \u00bb<\/p>\n","protected":false},"excerpt":{"rendered":"Le jeune prodige tch\u00e8que s\u2019incline face \u00e0 l\u2019\u00e9vidence : un foss\u00e9 s\u00e9pare encore les meilleurs du reste du&hellip;\n","protected":false},"author":2,"featured_media":453315,"comment_status":"","ping_status":"","sticky":false,"template":"","format":"standard","meta":{"footnotes":""},"categories":[1415],"tags":[1011,27,60,1467],"class_list":{"0":"post-453314","1":"post","2":"type-post","3":"status-publish","4":"format-standard","5":"has-post-thumbnail","7":"category-tennis","8":"tag-fr","9":"tag-france","10":"tag-sports","11":"tag-tennis"},"share_on_mastodon":{"url":"https:\/\/pubeurope.com\/@fr\/115351679964386359","error":""},"_links":{"self":[{"href":"https:\/\/www.europesays.com\/fr\/wp-json\/wp\/v2\/posts\/453314","targetHints":{"allow":["GET"]}}],"collection":[{"href":"https:\/\/www.europesays.com\/fr\/wp-json\/wp\/v2\/posts"}],"about":[{"href":"https:\/\/www.europesays.com\/fr\/wp-json\/wp\/v2\/types\/post"}],"author":[{"embeddable":true,"href":"https:\/\/www.europesays.com\/fr\/wp-json\/wp\/v2\/users\/2"}],"replies":[{"embeddable":true,"href":"https:\/\/www.europesays.com\/fr\/wp-json\/wp\/v2\/comments?post=453314"}],"version-history":[{"count":0,"href":"https:\/\/www.europesays.com\/fr\/wp-json\/wp\/v2\/posts\/453314\/revisions"}],"wp:featuredmedia":[{"embeddable":true,"href":"https:\/\/www.europesays.com\/fr\/wp-json\/wp\/v2\/media\/453315"}],"wp:attachment":[{"href":"https:\/\/www.europesays.com\/fr\/wp-json\/wp\/v2\/media?parent=453314"}],"wp:term":[{"taxonomy":"category","embeddable":true,"href":"https:\/\/www.europesays.com\/fr\/wp-json\/wp\/v2\/categories?post=453314"},{"taxonomy":"post_tag","embeddable":true,"href":"https:\/\/www.europesays.com\/fr\/wp-json\/wp\/v2\/tags?post=453314"}],"curies":[{"name":"wp","href":"https:\/\/api.w.org\/{rel}","templated":true}]}}