{"id":453316,"date":"2025-10-10T20:08:12","date_gmt":"2025-10-10T20:08:12","guid":{"rendered":"https:\/\/www.europesays.com\/fr\/453316\/"},"modified":"2025-10-10T20:08:12","modified_gmt":"2025-10-10T20:08:12","slug":"valeriane-ayayi-rafle-la-mise-pour-le-trophee-alain-gilles-postup-fr","status":"publish","type":"post","link":"https:\/\/www.europesays.com\/fr\/453316\/","title":{"rendered":"Val\u00e9riane AYAYI rafle la mise pour le Troph\u00e9e Alain GILLES ! &#8211; Postup.fr"},"content":{"rendered":"<p><img loading=\"lazy\" decoding=\"async\" class=\"aligncenter size-medium wp-image-319827\" src=\"https:\/\/www.europesays.com\/fr\/wp-content\/uploads\/2025\/10\/2025_Valeriane-AYAYI_Trophee-Alain-Gilles_Laureate_source-FFBB-500x281.jpg\" alt=\"source FFBB\" width=\"500\" height=\"281\"  \/><\/p>\n<p style=\"text-align: center;\">Val\u00e9riane AYAYI \u00e9lue joueuse Fran\u00e7aise de l\u2019ann\u00e9e 2025 \u00a9 FFBB<\/p>\n<p>\u00a0<\/p>\n<p style=\"text-align: justify;\">Nous avions appris hier qu\u2019il restait que quatre candidats en lice pour le troph\u00e9e Alain GILLES 2025. En effet, <strong>Gabby WILLIAMS<\/strong> et <strong>Val\u00e9riane AYAYI<\/strong> \u00e9taient \u00e0 la lutte pour les candidates f\u00e9minines et <strong>Nadir HIFI<\/strong> et <strong>Guerson YABUSELE<\/strong> pour les candidats masculins. Aujourd\u2019hui nous en avons le coeur net, la capitaine de l\u2019Equipe de France f\u00e9minine, <strong>Val\u00e9riane AYAYI<\/strong> <a href=\"https:\/\/www.ffbb.com\/actualites\/valerianne-ayayi-remporte-le-trophee-alain-gilles-2025\" target=\"_blank\" rel=\"noopener\">est<\/a> la laur\u00e9ate 2025. Pour la deuxi\u00e8me ann\u00e9e cons\u00e9cutive, le basketball f\u00e9minin est mis en lumi\u00e8re.<\/p>\n<p style=\"text-align: justify;\">L\u2019int\u00e9rieure tricolore, qui \u00e9volue \u00e0 Prague depuis plusieurs saisons, et qui a \u00e9t\u00e9 nomm\u00e9e capitaine du club tch\u00e8que pour ce nouvel exercice avait fait une saison 2024\/2025 de haute vol\u00e9e. Vainqueure de l\u2019Euroligue l\u2019an dernier, elle a produit des statistiques tr\u00e8s solides avec 13,7 points, 6,8 rebonds, 3,5 passes, 1,9 interceptions. Ce titre a \u00e9t\u00e9 d\u00e9cisif pour cette distinction qui a fait chavirer le jury 2025 et vous trouverez le d\u00e9tail du classement sur le lien laiss\u00e9 plus haut.<\/p>\n<p style=\"text-align: justify;\">La r\u00e9daction Postup.fr f\u00e9licite grandement <strong>Val\u00e9riane AYAYI <\/strong>pour cette belle r\u00e9compense individuelle, amplement m\u00e9rit\u00e9e !<\/p>\n<p><img loading=\"lazy\" decoding=\"async\" alt=\"Mathieu DUBOIS\" src=\"https:\/\/www.europesays.com\/fr\/wp-content\/uploads\/2025\/10\/31a9b0a5c882064ee43c6184f2eef2481cdb1a13184d3ff375241ec2d8d76b78\"  class=\"avatar avatar-100 photo\" height=\"100\" width=\"100\" itemprop=\"image\"\/><\/p>\n<p>V\u00e9ritable passionn\u00e9 de sports collectifs depuis de nombreuses ann\u00e9es ! N\u00e9 la m\u00eame ann\u00e9e o\u00f9 le Limoges CSP avait remport\u00e9 la premi\u00e8re Coupe d\u2019Europe de l\u2019histoire du sport fran\u00e7ais, n\u2019\u00e9tait sans doute pas un hasard ! M\u00eame si le ballon ovale est roi o\u00f9 j\u2019habite, j\u2019aime contribuer \u00e0 mettre en lumi\u00e8re le basketball f\u00e9minin.<\/p>\n","protected":false},"excerpt":{"rendered":"Val\u00e9riane AYAYI \u00e9lue joueuse Fran\u00e7aise de l\u2019ann\u00e9e 2025 \u00a9 FFBB \u00a0 Nous avions appris hier qu\u2019il restait que&hellip;\n","protected":false},"author":2,"featured_media":453317,"comment_status":"","ping_status":"","sticky":false,"template":"","format":"standard","meta":{"footnotes":""},"categories":[1414],"tags":[1465,1464,1011,27,60,57879,57880],"class_list":{"0":"post-453316","1":"post","2":"type-post","3":"status-publish","4":"format-standard","5":"has-post-thumbnail","7":"category-basket","8":"tag-basket","9":"tag-basketball","10":"tag-fr","11":"tag-france","12":"tag-sports","13":"tag-trophee-alain-gilles","14":"tag-valeriane-ayayi"},"share_on_mastodon":{"url":"https:\/\/pubeurope.com\/@fr\/115351683949721663","error":""},"_links":{"self":[{"href":"https:\/\/www.europesays.com\/fr\/wp-json\/wp\/v2\/posts\/453316","targetHints":{"allow":["GET"]}}],"collection":[{"href":"https:\/\/www.europesays.com\/fr\/wp-json\/wp\/v2\/posts"}],"about":[{"href":"https:\/\/www.europesays.com\/fr\/wp-json\/wp\/v2\/types\/post"}],"author":[{"embeddable":true,"href":"https:\/\/www.europesays.com\/fr\/wp-json\/wp\/v2\/users\/2"}],"replies":[{"embeddable":true,"href":"https:\/\/www.europesays.com\/fr\/wp-json\/wp\/v2\/comments?post=453316"}],"version-history":[{"count":0,"href":"https:\/\/www.europesays.com\/fr\/wp-json\/wp\/v2\/posts\/453316\/revisions"}],"wp:featuredmedia":[{"embeddable":true,"href":"https:\/\/www.europesays.com\/fr\/wp-json\/wp\/v2\/media\/453317"}],"wp:attachment":[{"href":"https:\/\/www.europesays.com\/fr\/wp-json\/wp\/v2\/media?parent=453316"}],"wp:term":[{"taxonomy":"category","embeddable":true,"href":"https:\/\/www.europesays.com\/fr\/wp-json\/wp\/v2\/categories?post=453316"},{"taxonomy":"post_tag","embeddable":true,"href":"https:\/\/www.europesays.com\/fr\/wp-json\/wp\/v2\/tags?post=453316"}],"curies":[{"name":"wp","href":"https:\/\/api.w.org\/{rel}","templated":true}]}}