{"id":453324,"date":"2025-10-10T20:12:12","date_gmt":"2025-10-10T20:12:12","guid":{"rendered":"https:\/\/www.europesays.com\/fr\/453324\/"},"modified":"2025-10-10T20:12:12","modified_gmt":"2025-10-10T20:12:12","slug":"vire-par-monaco-hutter-le-vit-tres-bien","status":"publish","type":"post","link":"https:\/\/www.europesays.com\/fr\/453324\/","title":{"rendered":"Vir\u00e9 par Monaco, H\u00fctter le vit tr\u00e8s bien"},"content":{"rendered":"<p><b>Ce vendredi, l&rsquo;AS Monaco a officialis\u00e9 le renvoi d&rsquo;Adi H\u00fctter apr\u00e8s 7 journ\u00e9es de championnat seulement. Le technicien autrichien n&rsquo;a pas train\u00e9 pour prendre la parole&#8230;et souhaiter le meilleur \u00e0 son d\u00e9sormais ex-club.<\/b><\/p>\n<p>C&rsquo;\u00e9tait attendu depuis le d\u00e9but de la semaine, c&rsquo;est officiel depuis ce soir. Adi H\u00fctter n&rsquo;est plus l&rsquo;entra\u00eeneur de l&rsquo;AS Monaco. Le club de la principaut\u00e9 a annonc\u00e9 officiellement <a href=\"https:\/\/www.foot01.com\/monaco\/officiel-monaco-vire-adi-hutter\" target=\"_self\" rel=\"nofollow noopener\">se s\u00e9parer de l&rsquo;entra\u00eeneur autrichien \u00e0 19h<\/a>. Le jeu d\u00e9cevant de l&rsquo;ASM et les r\u00e9centes contre-performances (lourdes d\u00e9faites \u00e0 Bruges et Lorient, nul contre Nice en sup\u00e9riorit\u00e9 num\u00e9rique) lui auront \u00e9t\u00e9 pr\u00e9judiciables. Reste que l&rsquo;ancien coach de M\u00f6nchengladbach quitte le Rocher apr\u00e8s seulement 7 journ\u00e9es de Ligue 1 en laissant Monaco 5e du classement, \u00e0 3 points de la t\u00eate.H\u00fctter n&rsquo;est pas amer<\/p>\n<p>S&rsquo;il a subi une claque, Adi H\u00fctter n&rsquo;a pas mis longtemps \u00e0 s&rsquo;en remettre. En effet, le technicien s&rsquo;est confi\u00e9 aupr\u00e8s de L&rsquo;Equipe juste apr\u00e8s l&rsquo;officialisation de son licenciement. Une r\u00e9action rapide qui pouvait faire craindre une contre-attaque cinglante envers sa direction. Mais, il n&rsquo;en est rien. L&rsquo;ex-coach de Monaco n&rsquo;a eu que des paroles positives concernant l&rsquo;ASM, que ce soit \u00e0 propos du pass\u00e9 ou du futur.<\/p>\n<p>\n\u00ab Je ne retiendrai presque exclusivement que des choses positives et<br \/>\ndu succ\u00e8s ces derni\u00e8res deux ann\u00e9es, durant lesquelles nous avons<br \/>\nramen\u00e9 Monaco dans le top 3 en France et, apr\u00e8s une longue absence,<br \/>\nv\u00e9cu deux campagnes de Ligue des champions d&rsquo;affil\u00e9e. Parfois, des<br \/>\ndestins se s\u00e9parent mais je le vis tout \u00e0 fait bien. Je laisse<br \/>\nderri\u00e8re moi une \u00e9quipe de qualit\u00e9 qui fonctionne bien, avec de<br \/>\ngrandes individualit\u00e9s. Je souhaite \u00e0 la direction, aux joueurs, au<br \/>\nstaff et au club tout entier rien de moins que le meilleur pour<br \/>\nl&rsquo;avenir \u00bb, a l\u00e2ch\u00e9 l&rsquo;entra\u00eeneur de 55 ans dans le quotidien sportif fran\u00e7ais. Une attitude classe alors que ce d\u00e9part appara\u00eet comme un d\u00e9saveu pour la qualit\u00e9 de son travail.<\/p>\n","protected":false},"excerpt":{"rendered":"Ce vendredi, l&rsquo;AS Monaco a officialis\u00e9 le renvoi d&rsquo;Adi H\u00fctter apr\u00e8s 7 journ\u00e9es de championnat seulement. Le technicien&hellip;\n","protected":false},"author":2,"featured_media":453325,"comment_status":"","ping_status":"","sticky":false,"template":"","format":"standard","meta":{"footnotes":""},"categories":[1410],"tags":[63,1011,27,60],"class_list":{"0":"post-453324","1":"post","2":"type-post","3":"status-publish","4":"format-standard","5":"has-post-thumbnail","7":"category-football","8":"tag-football","9":"tag-fr","10":"tag-france","11":"tag-sports"},"share_on_mastodon":{"url":"https:\/\/pubeurope.com\/@fr\/115351699190216653","error":""},"_links":{"self":[{"href":"https:\/\/www.europesays.com\/fr\/wp-json\/wp\/v2\/posts\/453324","targetHints":{"allow":["GET"]}}],"collection":[{"href":"https:\/\/www.europesays.com\/fr\/wp-json\/wp\/v2\/posts"}],"about":[{"href":"https:\/\/www.europesays.com\/fr\/wp-json\/wp\/v2\/types\/post"}],"author":[{"embeddable":true,"href":"https:\/\/www.europesays.com\/fr\/wp-json\/wp\/v2\/users\/2"}],"replies":[{"embeddable":true,"href":"https:\/\/www.europesays.com\/fr\/wp-json\/wp\/v2\/comments?post=453324"}],"version-history":[{"count":0,"href":"https:\/\/www.europesays.com\/fr\/wp-json\/wp\/v2\/posts\/453324\/revisions"}],"wp:featuredmedia":[{"embeddable":true,"href":"https:\/\/www.europesays.com\/fr\/wp-json\/wp\/v2\/media\/453325"}],"wp:attachment":[{"href":"https:\/\/www.europesays.com\/fr\/wp-json\/wp\/v2\/media?parent=453324"}],"wp:term":[{"taxonomy":"category","embeddable":true,"href":"https:\/\/www.europesays.com\/fr\/wp-json\/wp\/v2\/categories?post=453324"},{"taxonomy":"post_tag","embeddable":true,"href":"https:\/\/www.europesays.com\/fr\/wp-json\/wp\/v2\/tags?post=453324"}],"curies":[{"name":"wp","href":"https:\/\/api.w.org\/{rel}","templated":true}]}}