{"id":453326,"date":"2025-10-10T20:13:10","date_gmt":"2025-10-10T20:13:10","guid":{"rendered":"https:\/\/www.europesays.com\/fr\/453326\/"},"modified":"2025-10-10T20:13:10","modified_gmt":"2025-10-10T20:13:10","slug":"cest-la-cata-vanessa-paradis-on-ne-comprend-toujours-rien-a-ce-quelle-chante-ce-pays-ne-merite-pas-ca-le-live-de-vanessa-paradis-provoque-le-malaise-sur-la-toile","status":"publish","type":"post","link":"https:\/\/www.europesays.com\/fr\/453326\/","title":{"rendered":"\u00ab\u00a0C&rsquo;est la cata Vanessa Paradis\u00a0\u00bb, \u00ab\u00a0On ne comprend toujours rien \u00e0 ce qu&rsquo;elle chante\u00a0\u00bb, \u00ab\u00a0Ce pays ne m\u00e9rite pas \u00e7a\u00a0\u00bb : le live de Vanessa Paradis provoque le malaise sur la Toile"},"content":{"rendered":"<p class=\"mb-4 text-lg md:leading-8 break-words\">La soir\u00e9e \u00e9tait particuli\u00e8re ce vendredi 10 octobre 2025 dans <a data-i13n=\"cpos:1;pos:1\" href=\"https:\/\/fr.news.yahoo.com\/quotidien-best-of-internautes-ralent-contre-rediffusion-surprise-de-lemission-191534179.html\" data-ylk=\"slk:&quot;Quotidien&quot;.;cpos:1;pos:1;elm:context_link;itc:0;sec:content-canvas;outcm:mb_qualified_link;_E:mb_qualified_link;ct:story;\" class=\"link  yahoo-link\" target=\"_blank\" rel=\"noopener\">\u00ab\u00a0Quotidien\u00a0\u00bb. <\/a>Jusqu&rsquo;au bout, Yann Barth\u00e8s et ses \u00e9quipes se pensaient partis pour commenter la <a data-i13n=\"cpos:2;pos:1\" href=\"https:\/\/fr.news.yahoo.com\/jt-de-20h-mais-filez-lui-du-miel-penible-a-ecouter-et-inaudible-sa-voix-est-au-bout-de-sa-vie-lea-salame-victime-dune-extinction-de-voix-face-a-sebastien-lecornu-exaspere-les-internautes-203950063.html\" data-ylk=\"slk:nomination d&#039;un nouveau Premier ministre;cpos:2;pos:1;elm:context_link;itc:0;sec:content-canvas;outcm:mb_qualified_link;_E:mb_qualified_link;ct:story;\" class=\"link  yahoo-link\" target=\"_blank\" rel=\"noopener\">nomination d&rsquo;un nouveau Premier ministre<\/a>&#8230; en vain. Au final, l&rsquo;animateur du talk-show de TMC a boucl\u00e9 le sujet politique pour ouvrir un chapitre culture avec <a data-i13n=\"cpos:3;pos:1\" href=\"https:\/\/fr.news.yahoo.com\/vanessa-paradis-estime-r%C3%A9volution-f%C3%A9ministe-153919811.html\" data-ylk=\"slk:Vanessa Paradis.;cpos:3;pos:1;elm:context_link;itc:0;sec:content-canvas;outcm:mb_qualified_link;_E:mb_qualified_link;ct:story;\" class=\"link  yahoo-link\" target=\"_blank\" rel=\"noopener\">Vanessa Paradis. <\/a>Pas vraiment de quoi \u00e9merveiller les internautes et d\u00e9tendre l&rsquo;atmosph\u00e8re&#8230;<\/p>\n<p class=\"mb-4 text-lg md:leading-8 break-words\"><strong>Vid\u00e9o. D\u00e9couvrez La Minute de Vanessa Paradis<\/strong><\/p>\n<p>Vanessa Paradis, le retour<\/p>\n<p class=\"mb-4 text-lg md:leading-8 break-words\"><a data-i13n=\"cpos:4;pos:1\" href=\"https:\/\/fr.news.yahoo.com\/vanessa-paradis-pr%C3%A9sidente-du-festival-de-deauville-les-hauts-et-les-bas-de-sa-carri%C3%A8re-au-cin%C3%A9ma-134609329.html\" data-ylk=\"slk:Vanessa Paradis est de retour;cpos:4;pos:1;elm:context_link;itc:0;sec:content-canvas;outcm:mb_qualified_link;_E:mb_qualified_link;ct:story;\" class=\"link  yahoo-link\" target=\"_blank\" rel=\"noopener\">Vanessa Paradis est de retour<\/a> ! Quand elle ne tourne pas au cin\u00e9ma ou qu&rsquo;elle n&rsquo;est pas \u00e0 l&rsquo;affiche d&rsquo;une pi\u00e8ce de th\u00e9\u00e2tre, elle chante. Apr\u00e8s sept ann\u00e9es d&rsquo;absence musicale, l&rsquo;artiste revient avec un nouvel album intitul\u00e9 \u00ab\u00a0Le retour des beaux jours\u00a0\u00bb. \u00ab\u00a0Faut bien les esp\u00e9rer, sinon&#8230;\u00a0\u00bb a-t-elle d\u00e9clar\u00e9 ce vendredi 10 octobre face \u00e0 Yann Barth\u00e8s au sujet du nom de cet opus qu&rsquo;elle souhaitait dansant : \u00ab\u00a0Parce que quand on fait des chansons, on pense beaucoup \u00e0 la sc\u00e8ne\u00a0\u00bb. D\u00e8s fin mars prochain, Vanessa Paradis partira ainsi en tourn\u00e9e dans toute la France.<\/p>\n<p>Un live dans \u00ab\u00a0Quotidien\u00a0\u00bb qui ne fait pas l&rsquo;unanimit\u00e9<\/p>\n<p class=\"mb-4 text-lg md:leading-8 break-words\">Et en attendant, c&rsquo;est sur le plateau de \u00ab\u00a0Quotidien\u00a0\u00bb que Vanessa Paradis a interpr\u00e9t\u00e9 \u00ab\u00a0Bouquet final\u00a0\u00bb, l&rsquo;une des chansons qui composent son nouvel album. Un titre dansant et entra\u00eenant qui a permis \u00e0 la chanteuse de prendre possession de la sc\u00e8ne. Gesticulant de chaque c\u00f4t\u00e9, Vanessa Paradis semblait dans son \u00e9l\u00e9ment, avec ce timbre de voix si particulier qui a fait sa l\u00e9gende&#8230; et qui trouble encore quelques t\u00e9l\u00e9spectateurs.<\/p>\n<p>\u00ab\u00a038 ans apr\u00e8s Joe le taxi, on ne comprend toujours rien\u00a0\u00bb<\/p>\n<p class=\"mb-4 text-lg md:leading-8 break-words\">En effet, sur X, certains internautes ont eu bien du mal \u00e0 comprendre les paroles de la chanson \u00ab\u00a0Bouquet final\u00a0\u00bb lors de la performance live de Vanessa Paradis. Comme depuis ses d\u00e9buts dans l&rsquo;univers impitoyable de la chanson, et depuis son titre d\u00e9sormais culte \u00ab\u00a0Joe le taxi\u00a0\u00bb, la chanteuse a fait l&rsquo;objet de vives critiques sur le timbre de sa voix. Pour les internautes qui \u00e9taient devant \u00ab\u00a0Quotidien\u00a0\u00bb ce soir, la performance de Vanessa Paradis est tout bonnement rat\u00e9e, tandis que d&rsquo;autres regrettent la pr\u00e9sence de la chanteuse sur le plateau de TMC, compte tenu de l&rsquo;actualit\u00e9 politique fran\u00e7aise&#8230;<\/p>\n","protected":false},"excerpt":{"rendered":"La soir\u00e9e \u00e9tait particuli\u00e8re ce vendredi 10 octobre 2025 dans \u00ab\u00a0Quotidien\u00a0\u00bb. Jusqu&rsquo;au bout, Yann Barth\u00e8s et ses \u00e9quipes&hellip;\n","protected":false},"author":2,"featured_media":453327,"comment_status":"","ping_status":"","sticky":false,"template":"","format":"standard","meta":{"footnotes":""},"categories":[1359],"tags":[58,59,1011,27,57882,9005,973,30016,1404,10245,1405],"class_list":{"0":"post-453326","1":"post","2":"type-post","3":"status-publish","4":"format-standard","5":"has-post-thumbnail","7":"category-people","8":"tag-divertissement","9":"tag-entertainment","10":"tag-fr","11":"tag-france","12":"tag-joe-le-taxi","13":"tag-la-chanteuse","14":"tag-people","15":"tag-piece-de-theatre","16":"tag-quotidien","17":"tag-vanessa-paradis","18":"tag-yann-barthes"},"share_on_mastodon":{"url":"https:\/\/pubeurope.com\/@fr\/115351703139010100","error":""},"_links":{"self":[{"href":"https:\/\/www.europesays.com\/fr\/wp-json\/wp\/v2\/posts\/453326","targetHints":{"allow":["GET"]}}],"collection":[{"href":"https:\/\/www.europesays.com\/fr\/wp-json\/wp\/v2\/posts"}],"about":[{"href":"https:\/\/www.europesays.com\/fr\/wp-json\/wp\/v2\/types\/post"}],"author":[{"embeddable":true,"href":"https:\/\/www.europesays.com\/fr\/wp-json\/wp\/v2\/users\/2"}],"replies":[{"embeddable":true,"href":"https:\/\/www.europesays.com\/fr\/wp-json\/wp\/v2\/comments?post=453326"}],"version-history":[{"count":0,"href":"https:\/\/www.europesays.com\/fr\/wp-json\/wp\/v2\/posts\/453326\/revisions"}],"wp:featuredmedia":[{"embeddable":true,"href":"https:\/\/www.europesays.com\/fr\/wp-json\/wp\/v2\/media\/453327"}],"wp:attachment":[{"href":"https:\/\/www.europesays.com\/fr\/wp-json\/wp\/v2\/media?parent=453326"}],"wp:term":[{"taxonomy":"category","embeddable":true,"href":"https:\/\/www.europesays.com\/fr\/wp-json\/wp\/v2\/categories?post=453326"},{"taxonomy":"post_tag","embeddable":true,"href":"https:\/\/www.europesays.com\/fr\/wp-json\/wp\/v2\/tags?post=453326"}],"curies":[{"name":"wp","href":"https:\/\/api.w.org\/{rel}","templated":true}]}}