{"id":453332,"date":"2025-10-10T20:16:24","date_gmt":"2025-10-10T20:16:24","guid":{"rendered":"https:\/\/www.europesays.com\/fr\/453332\/"},"modified":"2025-10-10T20:16:24","modified_gmt":"2025-10-10T20:16:24","slug":"le-final-de-la-serie-sur-ed-gein-est-il-fidele-a-la-realite-la-fin-expliquee","status":"publish","type":"post","link":"https:\/\/www.europesays.com\/fr\/453332\/","title":{"rendered":"Le final de la s\u00e9rie sur Ed Gein est-il fid\u00e8le \u00e0 la r\u00e9alit\u00e9 ? La fin expliqu\u00e9e"},"content":{"rendered":"<p>Depuis son lancement le vendredi 3\u00a0octobre, <a href=\"https:\/\/www.programme-tv.net\/news\/series-tv\/388919-monstre-l-histoire-d-ed-gein-est-elle-plus-ou-moins-glauque-que-les-precedentes-saisons-on-vous-dit-tout\/\" data-api-deeplink=\"teleloisirs:\/\/news\/388919\" target=\"_blank\" rel=\"noopener\"><b>Monstre &#8211; L&rsquo;histoire d&rsquo;Ed Gein Story<\/b> (notre avis)<\/a>, la troisi\u00e8me saison de la collection de Ryan Murphy explore, apr\u00e8s <a href=\"https:\/\/www.programme-tv.net\/news\/series-tv\/310179-jeffrey-dahmer-lhistoire-vraie-effrayante-derriere-la-serie-netflix-sur-le-tueur-cannibale\/\" data-api-deeplink=\"teleloisirs:\/\/news\/310179\" target=\"_blank\" rel=\"noopener\">l&rsquo;histoire de Dahmer<\/a> et <a href=\"https:\/\/www.programme-tv.net\/news\/series-tv\/361537-monstres-grotesque-cauchemar-la-famille-des-freres-menendez-denonce-la-serie-de-netflix\/\" data-api-deeplink=\"teleloisirs:\/\/news\/361537\" target=\"_blank\" rel=\"noopener\">celle des Fr\u00e8res Menendez<\/a>, l\u2019origine d\u2019un autre mythe am\u00e9ricain du mal\u00a0: Ed Gein, un tueur du Wisconsin dont les crimes ont inspir\u00e9 Psychose, Massacre \u00e0 la tron\u00e7onneuse et Le Silence des agneaux. Dans le dernier \u00e9pisode, Ed Gein incarn\u00e9 de fa\u00e7on exceptionnelle par <b>Charlie Hunnam<\/b>, <a href=\"https:\/\/www.programme-tv.net\/news\/series-tv\/389223-monstre-saison-3-une-terrible-erreur-charlie-hunnam-a-panique-apres-avoir-accepte-de-jouer-ed-gein\/\" data-api-deeplink=\"teleloisirs:\/\/news\/389223\" target=\"_blank\" rel=\"noopener\">effray\u00e9 \u00e0 la perspective d&rsquo;endosser ce r\u00f4le d\u00e9rangeant<\/a>, est intern\u00e9 dans un h\u00f4pital psychiatrique. Entre ces murs, hant\u00e9 par ses fant\u00f4mes, il suit un traitement m\u00e9dical pour traiter sa schizophr\u00e9nie. Le r\u00e9cit bascule dans le d\u00e9lire, entre hallucinations et souvenirs, o\u00f9 Ed Gein dialogue avec des figures r\u00e9elles ou fantasm\u00e9es dont son ancienne fianc\u00e9e d\u00e9s\u00e9quilibr\u00e9e, <a href=\"https:\/\/www.programme-tv.net\/news\/series-tv\/389099-monstre-saison-3-adeline-watkins-presentee-comme-la-fiancee-d-ed-gein-a-t-elle-vraiment-existe\/\" data-api-deeplink=\"teleloisirs:\/\/news\/389099\" target=\"_blank\" rel=\"noopener\">Adeline Watkins<\/a>, la <a href=\"https:\/\/www.programme-tv.net\/news\/series-tv\/389374-monstre-ilse-koch-alias-la-chienne-de-buchenwald-qui-fascinait-ed-gein-a-t-elle-vraiment-existe-photo\/\" data-api-deeplink=\"teleloisirs:\/\/news\/389374\" target=\"_blank\" rel=\"noopener\">\u00ab\u00a0chienne de Buchenwald\u00a0\u00bb Ilse Koch<\/a>, d&rsquo;autres c\u00e9l\u00e8bres tueurs en s\u00e9rie dont Richard Speck, Ted Bundy ou Ed Kemper, son m\u00e9decin et ses infirmi\u00e8res.<\/p>\n<p>                        <b>Monstre &#8211; L&rsquo;histoire d&rsquo;Ed Gein\u00a0<\/b><b>: <\/b>Un final entre d\u00e9lire hallucinatoire, r\u00e9demption et spectacle grotesque<\/p>\n<p>Ed Gein est, \u00e0 la fin de sa vie, \u00e9puis\u00e9, dans une sorte d&rsquo;apathie \u00e0 cause de ses m\u00e9dicaments, et vivant dans une solitude. Il est un peu surpris de recevoir des lettres de fans et d&rsquo;avoir inspir\u00e9 tant de cin\u00e9astes. Cherchant une sorte de r\u00e9demption, il accepte de s&rsquo;entretenir avec des agents du FBI tout droit issus de la s\u00e9rie de <a href=\"https:\/\/www.programme-tv.net\/biographie\/354-fincher-david\/\" data-link-people=\"e6305502-4d6a-4680-bedf-38174b985e74\" target=\"_blank\" rel=\"noopener\">David Fincher<\/a>, Mindhunter pour les aider \u00e0 traquer le tueur en s\u00e9rie Ted Bundy &#8211; fait qui n&rsquo;est jamais arriv\u00e9 dans la r\u00e9alit\u00e9. Pour Ed Gein, cela lui donne s\u00fbrement le sentiment de compenser en partie le mal qu&rsquo;il a fait \u00e0 ses victimes et \u00e0 la soci\u00e9t\u00e9. Peut-\u00eatre a-t-il \u00e9galement l&rsquo;impression de faire le bien. C&rsquo;est une fa\u00e7on de reprendre un peu le contr\u00f4le sur sa vie, mais ce n&rsquo;est sans doute comme le reste qu&rsquo;une illusion de son esprit. Plus l&rsquo;\u00e9pisode avance, plus le ton se fait d\u00e9lirant, voire grotesque. \u00c0 l&rsquo;approche de la mort, assis dans son fauteuil roulant, Ed r\u00eave qu\u2019il traverse un couloir de l\u2019h\u00f4pital illumin\u00e9 de toutes les couleurs, avec le personnel hospitalier autour de lui dansant et des tueurs en s\u00e9ries admiratifs le f\u00e9licitant et lui exprimant leur admiration. De \u00ab\u00a0Monstre\u00a0\u00bb, Gein est devenu un mod\u00e8le, qui se dit qu&rsquo;il a marqu\u00e9 l&rsquo;histoire et fait enfin la fiert\u00e9 de sa m\u00e8re. Cette s\u00e9quence est film\u00e9e comme une s\u00e9quence de com\u00e9die absurde et macabre, presque musicale avec une r\u00e9f\u00e9rence \u00e0 All That Jazz, un choix volontairement ambigu.<\/p>\n<p>            <b>Monstre &#8211; L&rsquo;histoire d&rsquo;Ed Gein\u00a0<\/b><b>: R\u00e9habilitation, humanisation ou diabolisation d&rsquo;un tueur devenu une figure de la pop culture\u00a0?<\/b><\/p>\n<p>Faut-il voir dans ce portrait une d\u00e9nonciation d&rsquo;une figure du Mal, la r\u00e9habilitation d&rsquo;un homme malade ou une critique de la fascination m\u00e9diatique pour le macabre\u00a0? \u00ab\u00a0Chaque saison interroge la m\u00eame chose\u00a0: les monstres naissent-ils ainsi ou sont-ils fabriqu\u00e9s par la soci\u00e9t\u00e9\u00a0?\u00a0\u00bb a d\u00e9clar\u00e9 Ryan Murphy <a href=\"https:\/\/www.serie-news.com\/netflix\/series-netflix\/11590-monster-la-fin-de-lhistoire-ded-gein-sur-netflix-expliquee-le-monstre-cest-peut-etre-nous-05-10-2025\/\" target=\"_blank\" rel=\"noopener\">\u00e0 Tudum<\/a>. Dans le cas de Gein, ses troubles s&rsquo;expliquent en partie par une m\u00e8re abusive et des probl\u00e8mes psychiques. En tout cas, Ryan Murphy, comme son interpr\u00e8te vedette Charlie Hunnam, ont tent\u00e9 de l&rsquo;humaniser sans pour autant le glorifier, quand la soci\u00e9t\u00e9 a, de son c\u00f4t\u00e9, pr\u00e9f\u00e9r\u00e9 le diaboliser et le laisser intern\u00e9. Charlie Hunnam \u00e9voque un homme dont les \u00ab\u00a0hallucinations \u00e9taient son r\u00e9el\u00a0\u00bb quand Murphy le voit comme \u00ab\u00a0le reflet d\u2019une Am\u00e9rique qui a cess\u00e9 de soigner ses malades mentaux (\u2026) et produit des g\u00e9n\u00e9rations de monstres que personne ne veut comprendre.\u00a0\u00bb<\/p>\n<p>Monstre sugg\u00e8re que la soci\u00e9t\u00e9 s\u2019est nourrie d&rsquo;Ed Gein, des r\u00e9alisateurs de films aux spectateurs avides de True Crime. Cette nouvelle adaptation perp\u00e9tue sa l\u00e9gende, comme si le monde avait besoin de \u00ab\u00a0ses monstres\u00a0\u00bb pour se sentir vivant.<\/p>\n","protected":false},"excerpt":{"rendered":"Depuis son lancement le vendredi 3\u00a0octobre, Monstre &#8211; L&rsquo;histoire d&rsquo;Ed Gein Story (notre avis), la troisi\u00e8me saison de&hellip;\n","protected":false},"author":2,"featured_media":453333,"comment_status":"","ping_status":"","sticky":false,"template":"","format":"standard","meta":{"footnotes":""},"categories":[1356],"tags":[47785,244,58,59,1011,27,57884,127,1722,57883,129,252,1364],"class_list":{"0":"post-453332","1":"post","2":"type-post","3":"status-publish","4":"format-standard","5":"has-post-thumbnail","7":"category-television","8":"tag-charlie-hunnam","9":"tag-commentaire","10":"tag-divertissement","11":"tag-entertainment","12":"tag-fr","13":"tag-france","14":"tag-monstre-lhistoire-ded-gein","15":"tag-netflix","16":"tag-pub-streaming-netflix","17":"tag-ryan-murphy","18":"tag-svod","19":"tag-television","20":"tag-tv"},"share_on_mastodon":{"url":"https:\/\/pubeurope.com\/@fr\/115351714700362478","error":""},"_links":{"self":[{"href":"https:\/\/www.europesays.com\/fr\/wp-json\/wp\/v2\/posts\/453332","targetHints":{"allow":["GET"]}}],"collection":[{"href":"https:\/\/www.europesays.com\/fr\/wp-json\/wp\/v2\/posts"}],"about":[{"href":"https:\/\/www.europesays.com\/fr\/wp-json\/wp\/v2\/types\/post"}],"author":[{"embeddable":true,"href":"https:\/\/www.europesays.com\/fr\/wp-json\/wp\/v2\/users\/2"}],"replies":[{"embeddable":true,"href":"https:\/\/www.europesays.com\/fr\/wp-json\/wp\/v2\/comments?post=453332"}],"version-history":[{"count":0,"href":"https:\/\/www.europesays.com\/fr\/wp-json\/wp\/v2\/posts\/453332\/revisions"}],"wp:featuredmedia":[{"embeddable":true,"href":"https:\/\/www.europesays.com\/fr\/wp-json\/wp\/v2\/media\/453333"}],"wp:attachment":[{"href":"https:\/\/www.europesays.com\/fr\/wp-json\/wp\/v2\/media?parent=453332"}],"wp:term":[{"taxonomy":"category","embeddable":true,"href":"https:\/\/www.europesays.com\/fr\/wp-json\/wp\/v2\/categories?post=453332"},{"taxonomy":"post_tag","embeddable":true,"href":"https:\/\/www.europesays.com\/fr\/wp-json\/wp\/v2\/tags?post=453332"}],"curies":[{"name":"wp","href":"https:\/\/api.w.org\/{rel}","templated":true}]}}