{"id":453338,"date":"2025-10-10T20:19:13","date_gmt":"2025-10-10T20:19:13","guid":{"rendered":"https:\/\/www.europesays.com\/fr\/453338\/"},"modified":"2025-10-10T20:19:13","modified_gmt":"2025-10-10T20:19:13","slug":"ce-conseil-immediat-de-specialistes-aide-a-mieux-encaisser-la-nouvelle","status":"publish","type":"post","link":"https:\/\/www.europesays.com\/fr\/453338\/","title":{"rendered":"ce conseil imm\u00e9diat de sp\u00e9cialistes aide \u00e0 mieux encaisser la nouvelle"},"content":{"rendered":"<p>\n                Il n&rsquo;est jamais simple de r\u00e9agir \u00e0 l&rsquo;annonce d&rsquo;un cancer. Entretien avec la psychologue Blandine Chemin-Sauque et le Dr G\u00e9raldine Lauridant, oncologue m\u00e9dicale.            <\/p>\n<p>En une phrase, tout bascule. L&rsquo;annonce d&rsquo;un <a href=\"https:\/\/sante.journaldesfemmes.fr\/fiches-maladies\/2510959-cancer\/\" title=\"Cancer\" rel=\"nofollow noopener\" target=\"_blank\">cancer<\/a> marque la rupture entre la vie d&rsquo;avant et celle d&rsquo;apr\u00e8s. \u00ab\u00a0C&rsquo;est toujours un choc\u00a0\u00bb, reconna\u00eet le Dr G\u00e9raldine Lauridant, oncologue m\u00e9dicale. Conscients de la brutalit\u00e9 de ce moment, les soignants ont mis en place un protocole &#8211;\u00a0le \u00ab\u00a0dispositif d&rsquo;annonce\u00a0\u00bb &#8211;\u00a0afin que cette \u00e9tape se d\u00e9roule dans les meilleures conditions. Institu\u00e9 dans le cadre du Plan Cancer, il comprend plusieurs temps\u00a0: la consultation m\u00e9dicale\u00a0puis un entretien avec une infirmi\u00e8re pour reformuler et r\u00e9pondre aux questions. Mais \u00ab\u00a0il y a forc\u00e9ment de la violence dans l&rsquo;annonce, m\u00eame lorsque les mots sont choisis avec soin\u00a0\u00bb, souligne la psychologue Blandine Chemin-Sauque. Malgr\u00e9 l&rsquo;accompagnement, cette nouvelle reste un bouleversement. Alors, comment r\u00e9agir ?<\/p>\n<p>La r\u00e9action la plus fr\u00e9quente lors de l&rsquo;annonce d&rsquo;un cancer, c&rsquo;est la sid\u00e9ration. \u00ab\u00a0La personne est comme dans le brouillard\u00a0: elle nous entend parler, mais n&rsquo;enregistre plus\u00a0\u00bb, observe le Dr Lauridant. Cet \u00e9tat de choc agit comme un m\u00e9canisme de protection\u00a0: l&rsquo;information est \u00ab\u00a0tellement au-del\u00e0 de l&rsquo;entendable qu&rsquo;il se produit une forme de scission psychique\u00a0\u00bb, explique Blandine Chemin-Sauque. D&rsquo;apr\u00e8s l&rsquo;oncologue, les patients \u00ab\u00a0ne retiennent qu&rsquo;environ 15\u00a0%\u00a0\u00bb de ce qu&rsquo;on leur dit. Les soignants en sont conscients. \u00ab\u00a0Je sais que vous n&rsquo;allez pas tout retenir, et ce n&rsquo;est pas grave\u00a0\u00bb, rassure le Dr Lauridant. Beaucoup d\u00e9crivent ce moment comme une d\u00e9connexion\u00a0: \u00ab\u00a0J&rsquo;\u00e9tais l\u00e0, mais une partie de ma t\u00eate n&rsquo;y \u00e9tait pas.\u00a0\u00bb Ces m\u00e9canismes de d\u00e9fense sont\u00a0naturels et\u00a0permettent au cerveau d&rsquo;amortir le choc et d&rsquo;amorcer l&rsquo;adaptation.<\/p>\n<p>Il n&rsquo;y a pas de bonne ou de mauvaise fa\u00e7on de r\u00e9agir \u00e0 l&rsquo;annonce d&rsquo;un cancer. Il\u00a0faut d&rsquo;abord accepter que \u00ab\u00a0c&rsquo;est normal d&rsquo;avoir peur, normal de se sentir angoiss\u00e9\u00a0\u00bb, souligne le Dr Lauridant. Pour traverser ce moment, Blandine Chemin-Sauque explique que le plus important est de \u00ab\u00a0rester ancr\u00e9 dans son corps pour l&rsquo;aider \u00e0 r\u00e9guler l&rsquo;afflux\u00a0de stress\u00a0\u00bb. C&rsquo;est-\u00e0-dire\u00a0? Selon la\u00a0psychoth\u00e9rapeute, il faut mobiliser ses sens, favoriser une respiration ample et r\u00e9guli\u00e8re, pousser les pieds au sol et rechercher le contact visuel du m\u00e9decin,\u00a0quelles que soient les pens\u00e9es qui commencent \u00e0 nous envahir. Et\u00a0chercher le contact physique avec la personne qui nous accompagne, en lui serrant la main par exemple. \u00ab\u00a0Le\u00a0contact maintient la personne dans le r\u00e9el\u00a0\u00bb\u00a0argue-t-elle.\u00a0En fin d&rsquo;entretien, le m\u00e9decin demande g\u00e9n\u00e9ralement\u00a0: \u00ab\u00a0Qu&rsquo;avez-vous compris\u00a0? Qu&rsquo;avez-vous retenu\u00a0?\u00a0\u00bb\u00a0pour s&rsquo;assurer que les messages essentiels ont bien \u00e9t\u00e9 int\u00e9gr\u00e9s. L\u00e0, il est important de raconter ce que que l&rsquo;on a compris avec ses propres mots. Cela\u00a0aide \u00e0 enregistrer et comprendre l&rsquo;information.<\/p>\n<p>Une fois le choc pass\u00e9, le corps m\u00e9dical laisse le temps n\u00e9cessaire au patient pour assimiler la nouvelle. D&rsquo;autres rendez-vous permettront d&rsquo;y revenir. Pensez \u00e0 r\u00e9fl\u00e9chir \u00e0 vos questions, \u00e0 les noter et \u00e0 les poser lors du prochain rendez-vous avec votre m\u00e9decin. Enfin, n&rsquo;oubliez pas de demander de l&rsquo;aide \u00e0 vos proches et de cr\u00e9er un lien de confiance avec l&rsquo;\u00e9quipe soignante. \u00ab\u00a0M\u00eame si le chemin est incertain, il y a des choses qui demeurent\u00a0\u00bb, rappelle la psychologue. Une mauvaise nouvelle reste une mauvaise nouvelle, mais \u00ab\u00a0nous avons les moyens d&rsquo;agir et de faire face\u00a0\u00bb, conclut positivement le Dr Lauridant.<\/p>\n<p>Merci \u00e0 Blandine Chemin-Sauque, psychologue et th\u00e9rapeute, co-autrice avec Elo\u00efse Maillot-Nespo de \u00ab\u00a0Quand on devient aidant familial\u00a0\u00bb (\u00e9d. Albin Michel). Et merci\u00a0au Dr G\u00e9raldine Lauridant, oncologue m\u00e9dicale du Centre de canc\u00e9rologie Les Dentelli\u00e8res.<\/p>\n","protected":false},"excerpt":{"rendered":"Il n&rsquo;est jamais simple de r\u00e9agir \u00e0 l&rsquo;annonce d&rsquo;un cancer. Entretien avec la psychologue Blandine Chemin-Sauque et le&hellip;\n","protected":false},"author":2,"featured_media":453339,"comment_status":"","ping_status":"","sticky":false,"template":"","format":"standard","meta":{"footnotes":""},"categories":[10],"tags":[101,57885,51761,51763,1011,27,72,51766,2778,51767,71],"class_list":{"0":"post-453338","1":"post","2":"type-post","3":"status-publish","4":"format-standard","5":"has-post-thumbnail","7":"category-sante","8":"tag-cancer","9":"tag-cms-journaldesfemmes-3243280","10":"tag-controller-content","11":"tag-format-papier","12":"tag-fr","13":"tag-france","14":"tag-health","15":"tag-les-histoires-du-jdf","16":"tag-maladies","17":"tag-parallaxeinfeed","18":"tag-sante"},"share_on_mastodon":{"url":"https:\/\/pubeurope.com\/@fr\/115351726579504945","error":""},"_links":{"self":[{"href":"https:\/\/www.europesays.com\/fr\/wp-json\/wp\/v2\/posts\/453338","targetHints":{"allow":["GET"]}}],"collection":[{"href":"https:\/\/www.europesays.com\/fr\/wp-json\/wp\/v2\/posts"}],"about":[{"href":"https:\/\/www.europesays.com\/fr\/wp-json\/wp\/v2\/types\/post"}],"author":[{"embeddable":true,"href":"https:\/\/www.europesays.com\/fr\/wp-json\/wp\/v2\/users\/2"}],"replies":[{"embeddable":true,"href":"https:\/\/www.europesays.com\/fr\/wp-json\/wp\/v2\/comments?post=453338"}],"version-history":[{"count":0,"href":"https:\/\/www.europesays.com\/fr\/wp-json\/wp\/v2\/posts\/453338\/revisions"}],"wp:featuredmedia":[{"embeddable":true,"href":"https:\/\/www.europesays.com\/fr\/wp-json\/wp\/v2\/media\/453339"}],"wp:attachment":[{"href":"https:\/\/www.europesays.com\/fr\/wp-json\/wp\/v2\/media?parent=453338"}],"wp:term":[{"taxonomy":"category","embeddable":true,"href":"https:\/\/www.europesays.com\/fr\/wp-json\/wp\/v2\/categories?post=453338"},{"taxonomy":"post_tag","embeddable":true,"href":"https:\/\/www.europesays.com\/fr\/wp-json\/wp\/v2\/tags?post=453338"}],"curies":[{"name":"wp","href":"https:\/\/api.w.org\/{rel}","templated":true}]}}