{"id":453342,"date":"2025-10-10T20:21:11","date_gmt":"2025-10-10T20:21:11","guid":{"rendered":"https:\/\/www.europesays.com\/fr\/453342\/"},"modified":"2025-10-10T20:21:11","modified_gmt":"2025-10-10T20:21:11","slug":"paris-la-prefecture-de-police-soppose-a-linterdiction-du-concert-dun-chanteur-pro-netanyahu-actualites","status":"publish","type":"post","link":"https:\/\/www.europesays.com\/fr\/453342\/","title":{"rendered":"Paris: la pr\u00e9fecture de police s&rsquo;oppose \u00e0 l&rsquo;interdiction du concert d&rsquo;un chanteur pro-Netanyahu : Actualit\u00e9s"},"content":{"rendered":"<p class=\"lead \">La pr\u00e9fecture de police de Paris a indiqu\u00e9 \u00e0 l&rsquo;AFP vendredi s&rsquo;opposer \u00e0 l&rsquo;interdiction, r\u00e9clam\u00e9e par des \u00e9lus, du concert pr\u00e9vu dimanche au Z\u00e9nith du groupe Disturbed dont le chanteur est un fervent soutien de Benjamin Netanyahu.<\/p>\n<p class=\"lead \">Dans un courrier aux \u00e9lus, la pr\u00e9fecture de police les informe \u00ab\u00a0que les conditions n&rsquo;\u00e9taient pas r\u00e9unies pour interdire cet \u00e9v\u00e9nement, une telle atteinte \u00e0 la libert\u00e9 d&rsquo;expression ne pouvant \u00eatre prononc\u00e9e qu&rsquo;au regard de conditions restrictives\u00a0\u00bb, a-t-elle pr\u00e9cis\u00e9.<\/p>\n<p class=\"lead \">\u00ab\u00a0Le groupe Disturbed s&rsquo;est engag\u00e9 aupr\u00e8s du Z\u00e9nith \u00e0 ce qu&rsquo;aucun propos contraire au r\u00e8glement int\u00e9rieur de la salle ou \u00e0 la loi ne soit tenu\u00a0\u00bb, a-t-elle ajout\u00e9. \u00ab\u00a0Si tel ne devait pas \u00eatre le cas, des actions en justice seraient engag\u00e9es\u00a0\u00bb, a pr\u00e9venu la pr\u00e9fecture de police.<\/p>\n<p class=\"lead \">Le d\u00e9put\u00e9 LFI de Seine-Saint-Denis Thomas Portes avait demand\u00e9 l&rsquo;interdiction de ce concert qui constitue, selon lui, \u00ab\u00a0une menace directe pour l&rsquo;ordre public dans notre pays\u00a0\u00bb.<\/p>\n<p class=\"lead \">Il avait rappel\u00e9 qu&rsquo;en juin 2024, le chanteur du groupe, David Draiman, s&rsquo;\u00e9tait mis \u00ab\u00a0en sc\u00e8ne sur une base militaire isra\u00e9lienne, signant une bombe pr\u00eate \u00e0 \u00eatre largu\u00e9e sur Gaza\u00a0\u00bb. <\/p>\n<p class=\"lead \">Le s\u00e9nateur communiste Ian Brossat et le d\u00e9put\u00e9 socialiste Emmanuel Gr\u00e9goire, tous deux candidats \u00e0 la mairie de Paris, ont \u00e9galement demand\u00e9 l&rsquo;interdiction du concert.<\/p>\n<p class=\"lead \">Un concert du m\u00eame groupe pr\u00e9vu le 15 octobre en Belgique a \u00e9t\u00e9 annul\u00e9 vendredi par le bourgmestre de la commune de Forest, qui a invoqu\u00e9 des risques de \u00ab\u00a0troubles graves \u00e0 l&rsquo;ordre public\u00a0\u00bb en raison des \u00ab\u00a0provocations\u00a0\u00bb du chanteur, selon l&rsquo;arr\u00eat\u00e9 d&rsquo;interdiction consult\u00e9 par l&rsquo;AFP.<\/p>\n<p class=\"lead \">A Paris dimanche, \u00ab\u00a0un dispositif de s\u00e9curit\u00e9 adapt\u00e9 \u00e0 l&rsquo;\u00e9v\u00e9nement\u00a0\u00bb sera mis en place, a pr\u00e9cis\u00e9 la pr\u00e9fecture de police.<\/p>\n<p class=\"lead \">Disturbed, fond\u00e9 en 1994 \u00e0 Chicago, est devenu l&rsquo;un des groupes de heavy metal les plus populaires des ann\u00e9es 2000 gr\u00e2ce \u00e0 son premier album \u00ab\u00a0The Sickness\u00a0\u00bb sorti en 2000, suivi de \u00ab\u00a0Believe\u00a0\u00bb en 2002, deux \u00e9normes succ\u00e8s commerciaux.<\/p>\n<p class=\"lead \">David Draiman, n\u00e9 en 1973 \u00e0 New York, a \u00e9t\u00e9 \u00e9lev\u00e9 dans une famille juive dont certains membres vivent aujourd&rsquo;hui en Isra\u00ebl et a souvent pris position publiquement pour d\u00e9noncer des artistes appelant au boycott du pays, comme le guitariste de Pink Floyd, Roger Waters. <\/p>\n<p class=\"small font-weight-bold text-gray3 \"> publi\u00e9 le 10 octobre \u00e0 19h16, AFP<\/p>\n<p>                             Partager<\/p>\n","protected":false},"excerpt":{"rendered":"La pr\u00e9fecture de police de Paris a indiqu\u00e9 \u00e0 l&rsquo;AFP vendredi s&rsquo;opposer \u00e0 l&rsquo;interdiction, r\u00e9clam\u00e9e par des \u00e9lus,&hellip;\n","protected":false},"author":2,"featured_media":453343,"comment_status":"","ping_status":"","sticky":false,"template":"","format":"standard","meta":{"footnotes":""},"categories":[8],"tags":[828,1697,58,59,1011,27,3819,873,3848,316],"class_list":{"0":"post-453342","1":"post","2":"type-post","3":"status-publish","4":"format-standard","5":"has-post-thumbnail","7":"category-divertissement","8":"tag-belgique","9":"tag-concert","10":"tag-divertissement","11":"tag-entertainment","12":"tag-fr","13":"tag-france","14":"tag-isral","15":"tag-musique","16":"tag-partis","17":"tag-politique"},"share_on_mastodon":{"url":"https:\/\/pubeurope.com\/@fr\/115351734535815192","error":""},"_links":{"self":[{"href":"https:\/\/www.europesays.com\/fr\/wp-json\/wp\/v2\/posts\/453342","targetHints":{"allow":["GET"]}}],"collection":[{"href":"https:\/\/www.europesays.com\/fr\/wp-json\/wp\/v2\/posts"}],"about":[{"href":"https:\/\/www.europesays.com\/fr\/wp-json\/wp\/v2\/types\/post"}],"author":[{"embeddable":true,"href":"https:\/\/www.europesays.com\/fr\/wp-json\/wp\/v2\/users\/2"}],"replies":[{"embeddable":true,"href":"https:\/\/www.europesays.com\/fr\/wp-json\/wp\/v2\/comments?post=453342"}],"version-history":[{"count":0,"href":"https:\/\/www.europesays.com\/fr\/wp-json\/wp\/v2\/posts\/453342\/revisions"}],"wp:featuredmedia":[{"embeddable":true,"href":"https:\/\/www.europesays.com\/fr\/wp-json\/wp\/v2\/media\/453343"}],"wp:attachment":[{"href":"https:\/\/www.europesays.com\/fr\/wp-json\/wp\/v2\/media?parent=453342"}],"wp:term":[{"taxonomy":"category","embeddable":true,"href":"https:\/\/www.europesays.com\/fr\/wp-json\/wp\/v2\/categories?post=453342"},{"taxonomy":"post_tag","embeddable":true,"href":"https:\/\/www.europesays.com\/fr\/wp-json\/wp\/v2\/tags?post=453342"}],"curies":[{"name":"wp","href":"https:\/\/api.w.org\/{rel}","templated":true}]}}