{"id":453346,"date":"2025-10-10T20:23:13","date_gmt":"2025-10-10T20:23:13","guid":{"rendered":"https:\/\/www.europesays.com\/fr\/453346\/"},"modified":"2025-10-10T20:23:13","modified_gmt":"2025-10-10T20:23:13","slug":"les-grands-patrons-catastrophes-par-le-chaos-politique-francais","status":"publish","type":"post","link":"https:\/\/www.europesays.com\/fr\/453346\/","title":{"rendered":"les grands patrons catastroph\u00e9s par le chaos politique fran\u00e7ais"},"content":{"rendered":"<p data-module=\"standfirst\" data-context=\"@media (min-width:48em)\">\n    <strong>ENQU\u00caTE &#8211; <\/strong>Jamais la col\u00e8re et la d\u00e9fiance des dirigeants d\u2019entreprise envers les responsables politiques fran\u00e7ais n\u2019ont \u00e9t\u00e9 aussi fortes.<\/p>\n<p class=\"fig-paragraph\">\u00ab\u00a0J\u2019en ai ras le bol de faire visiter notre usine \u00e0 des ministres qui changent tout le temps, l\u00e2che Emmanuel Vasseneix, PDG de\u00a0<a href=\"https:\/\/www.lefigaro.fr\/societes\/2017\/07\/07\/20005-20170707ARTFIG00016-paprec-et-lsdh-recyclent-les-bouteilles-en-plastique-opaque.php\" data-fig-type=\"Article\" data-gtm-custom-categorie=\"navigation\" data-gtm-custom-action=\"crossclick\" data-gtm-custom-label=\"Contextuel\" data-gtm-event=\"customEventSPE\" data-fig-domain=\"LEFIGARO\" rel=\"nofollow noopener\" target=\"_blank\">LSDH, groupe agroalimentaire<\/a>\u00a0du Centre-Val de Loire. De Gaulle avait un cap. Nous, nous n\u2019avons plus ni cap ni solidit\u00e9 politique. Les hommes politiques jouent avec notre argent, nos \u00e9conomies et notre mod\u00e8le social. C\u2019est un manque de responsabilit\u00e9 et de respect vis-\u00e0-vis des \u00e9lecteurs et des institutions. Jusqu\u2019o\u00f9 doit-on tomber pour avoir un sursaut\u00a0? Je ne vois pas comment le prochain premier ministre ne va pas se gaufrer comme les pr\u00e9c\u00e9dents\u2026\u00a0\u00bb<\/p>\n<p class=\"fig-paragraph fig-paragraph--dropped\"><a href=\"http:\/\/www.lefigaro.fr\/politique\/on-a-atteint-le-summum-les-coulisses-d-une-folle-soiree-qui-pourrait-precipiter-la-chute-du-gouvernement-lecornu-20251006\" data-fig-type=\"Article\" data-gtm-custom-categorie=\"navigation\" data-gtm-custom-action=\"crossclick\" data-gtm-custom-label=\"Contextuel\" data-gtm-event=\"customEventSPE\" data-fig-domain=\"LEFIGARO\" rel=\"nofollow noopener\" target=\"_blank\">La folle semaine politique qui vient de s\u2019\u00e9couler<\/a>\u00a0a encore creus\u00e9 l\u2019\u00e9cart entre les dirigeants d\u2019entreprise et les responsables politiques. Responsables\u00a0? Irresponsables, plut\u00f4t, \u00e0 en juger par la col\u00e8re et les commentaires acerbes, et la plupart du temps sous couvert d\u2019anonymat, de tous les dirigeants interrog\u00e9s par Le Figaro. \u00ab\u00a0Ils sont compl\u00e8tement nuls, r\u00e9sume le patron d\u2019un g\u00e9ant des m\u00e9dias. Le spectacle est lamentable et il n\u2019y en a pas un pour rattraper l\u2019autre. Cela fait cinquante\u00a0ans qu\u2019ils sont nuls, cela fait cinquante\u00a0ans qu\u2019ils surpromettent et qu\u2019ils sous-d\u00e9livrent. Dans n\u2019importe quelle soci\u00e9t\u00e9 priv\u00e9e, ils auraient tous \u00e9t\u00e9 vir\u00e9s. Et une fois qu\u2019ils \u00e9chouent, ils montent volontairement les Fran\u00e7ais les uns contre les autres pour se d\u00e9douaner\u2026<\/p>\n<p class=\"fig-premium-paywall__infos\">\n        Cet article est r\u00e9serv\u00e9 aux abonn\u00e9s.        Il vous reste 96% \u00e0 d\u00e9couvrir.\n    <\/p>\n<p>                <img  data- alt=\"Le Figaro\" class=\"fig-img--complete fig-img\"\/><\/p>\n<p class=\"fig-premium-paywall__title\">J-100, Le Figaro f\u00eate ses 200 ans<\/p>\n<p class=\"fig-premium-paywall__subtitle\">Offre anniversaire : 2\u20ac\/mois pendant 200 semaines<\/p>\n<p class=\"fig-premium-paywall__connect\">\n                D\u00e9j\u00e0 abonn\u00e9\u00a0?                <a class=\"fig-premium-paywall__connect-link\" href=\"https:\/\/connect.lefigaro.fr\/login?client=horizon_web&amp;type=main&amp;redirect_uri=https%3A%2F%2Fwww.lefigaro.fr%2Fsocietes%2Fhuman-bomb-est-a-l-elysee-les-grands-patrons-catastrophes-par-le-chaos-politique-francais-20251010\" data-js-gtm=\"{&quot;customCategorie&quot;: &quot;conversion&quot;, &quot;customAction&quot;: &quot;before_Landing_Connexion_paywall_manuel&quot;, &quot;customLabel&quot;: &quot;bGVmaWdhcm8uZnJfXzFmMGE1ZTkzLTUyNjQtNjRjMC1iNDNlLWJmYzQ2NzNiNjZiZV9fQXJ0aWNsZQ==_\u00abHuman Bomb est \u00e0 l\u2019\u00c9lys\u00e9e\u00a0!\u00bb\u00a0: les grands patrons catastroph\u00e9s par le chaos politique fran\u00e7ais_772&quot;, &quot;customIDSPE&quot;: &quot;bGVmaWdhcm8uZnJfXzFmMGE1ZTkzLTUyNjQtNjRjMC1iNDNlLWJmYzQ2NzNiNjZiZV9fQXJ0aWNsZQ==&quot;, &quot;event&quot;: &quot;customEventSPE&quot;}\" rel=\"nofollow noopener\" target=\"_blank\"><br \/>\n                    Connectez-vous<br \/>\n                <\/a>\n            <\/p>\n","protected":false},"excerpt":{"rendered":"ENQU\u00caTE &#8211; Jamais la col\u00e8re et la d\u00e9fiance des dirigeants d\u2019entreprise envers les responsables politiques fran\u00e7ais n\u2019ont \u00e9t\u00e9&hellip;\n","protected":false},"author":2,"featured_media":453347,"comment_status":"","ping_status":"","sticky":false,"template":"","format":"standard","meta":{"footnotes":""},"categories":[6],"tags":[35,33,34,1073,1011,27,12014],"class_list":{"0":"post-453346","1":"post","2":"type-post","3":"status-publish","4":"format-standard","5":"has-post-thumbnail","7":"category-economie","8":"tag-business","9":"tag-economie","10":"tag-economy","11":"tag-emmanuel-macron","12":"tag-fr","13":"tag-france","14":"tag-patrons"},"share_on_mastodon":{"url":"https:\/\/pubeurope.com\/@fr\/115351742574958515","error":""},"_links":{"self":[{"href":"https:\/\/www.europesays.com\/fr\/wp-json\/wp\/v2\/posts\/453346","targetHints":{"allow":["GET"]}}],"collection":[{"href":"https:\/\/www.europesays.com\/fr\/wp-json\/wp\/v2\/posts"}],"about":[{"href":"https:\/\/www.europesays.com\/fr\/wp-json\/wp\/v2\/types\/post"}],"author":[{"embeddable":true,"href":"https:\/\/www.europesays.com\/fr\/wp-json\/wp\/v2\/users\/2"}],"replies":[{"embeddable":true,"href":"https:\/\/www.europesays.com\/fr\/wp-json\/wp\/v2\/comments?post=453346"}],"version-history":[{"count":0,"href":"https:\/\/www.europesays.com\/fr\/wp-json\/wp\/v2\/posts\/453346\/revisions"}],"wp:featuredmedia":[{"embeddable":true,"href":"https:\/\/www.europesays.com\/fr\/wp-json\/wp\/v2\/media\/453347"}],"wp:attachment":[{"href":"https:\/\/www.europesays.com\/fr\/wp-json\/wp\/v2\/media?parent=453346"}],"wp:term":[{"taxonomy":"category","embeddable":true,"href":"https:\/\/www.europesays.com\/fr\/wp-json\/wp\/v2\/categories?post=453346"},{"taxonomy":"post_tag","embeddable":true,"href":"https:\/\/www.europesays.com\/fr\/wp-json\/wp\/v2\/tags?post=453346"}],"curies":[{"name":"wp","href":"https:\/\/api.w.org\/{rel}","templated":true}]}}