{"id":453357,"date":"2025-10-10T20:29:33","date_gmt":"2025-10-10T20:29:33","guid":{"rendered":"https:\/\/www.europesays.com\/fr\/453357\/"},"modified":"2025-10-10T20:29:33","modified_gmt":"2025-10-10T20:29:33","slug":"de-nombreux-camions-de-pompiers-mobilises-dans-le-centre-ville-de-nancy-voici-pourquoi","status":"publish","type":"post","link":"https:\/\/www.europesays.com\/fr\/453357\/","title":{"rendered":"De nombreux camions de pompiers mobilis\u00e9s dans le centre-ville de Nancy : voici pourquoi"},"content":{"rendered":"<p>            Par<br \/>\n        <strong><br \/>\n            <a href=\"https:\/\/actu.fr\/auteur\/pierre-emile-bouchy-actu-fr\" title=\"Consulter tous les articles de Paul-Emile Bouchy\" rel=\"nofollow noopener\" target=\"_blank\">Paul-Emile Bouchy<\/a><br \/>\n        <\/strong><\/p>\n<p>        Publi\u00e9 le<\/p>\n<p>            10 oct. 2025 \u00e0 17h53        <\/p>\n<p>Vendredi 10\u00a0octobre, peu avant 17h, des passants ont pu voir <strong>de nombreux camions et v\u00e9hicules<\/strong> de <a href=\"https:\/\/actu.fr\/tag\/pompiers\" rel=\"nofollow noopener\" target=\"_blank\">pompiers<\/a> intervenir <strong>rue du Docteur Schmitt<\/strong>, dans le centre-ville de <a href=\"https:\/\/actu.fr\/grand-est\/nancy_54395\" rel=\"nofollow noopener\" target=\"_blank\">Nancy<\/a>.<\/p>\n<p class=\" wall-content\">Au total, <strong>24 pompiers \u00e9taient pr\u00e9sents sur le lieu de l\u2019intervention.<\/strong> On vous explique ce qu\u2019il s\u2019est pass\u00e9.<\/p>\n<p>Un d\u00e9part de feu dans la cage d\u2019escalier du parking souterrain<\/p>\n<p class=\" wall-content\">Comme l\u2019explique le lieutenant K\u00e9vin Creusot du SDIS 54, ils ont \u00e9t\u00e9 <strong>alert\u00e9s pour un feu dans le parking souterrain<\/strong>\u2009: \u00ab\u2009On n\u2019avait pas plus d\u2019\u00e9l\u00e9ments donc c\u2019est pour \u00e7a que beaucoup d\u2019unit\u00e9s ont \u00e9t\u00e9 mobilis\u00e9es depuis les casernes de Rives de Meurthe, de Vand\u0153uvre et de Gentilly.\u2009\u00bb<\/p>\n<p class=\" wall-content\">Finalement, il s\u2019agissait seulement d\u2019<strong>un panneau publicitaire en feu, accroch\u00e9 au mur dans la cage d\u2019escalier du parking<\/strong>. \u00ab\u2009Le feu a \u00e9t\u00e9<strong> \u00e9teint simplement par pi\u00e9tinement<\/strong>. On attend d\u00e9sormais que l\u2019escalier soit bien a\u00e9r\u00e9 pour rouvrir l\u2019acc\u00e8s du parking\u2009\u00bb, conclut-il.<\/p>\n<p class=\" wall-content\">Personnalisez votre actualit\u00e9 en ajoutant vos villes et m\u00e9dias en favori avec <a href=\"https:\/\/moncompte.actu.fr\" title=\"D\u00e9couvez Mon Actu\" rel=\"nofollow noopener\" data-trk=\"{&quot;cta&quot;:{&quot;action&quot;:&quot;https:\\\/\\\/moncompte.actu.fr&quot;,&quot;category&quot;:&quot;mon compte&quot;,&quot;from&quot;:&quot;article footer&quot;,&quot;name&quot;:&quot;Mon actu&quot;,&quot;type&quot;:&quot;cta&quot;}}\" target=\"_blank\">Mon Actu<\/a>.<\/p>\n","protected":false},"excerpt":{"rendered":"Par Paul-Emile Bouchy Publi\u00e9 le 10 oct. 2025 \u00e0 17h53 Vendredi 10\u00a0octobre, peu avant 17h, des passants ont&hellip;\n","protected":false},"author":2,"featured_media":453358,"comment_status":"","ping_status":"","sticky":false,"template":"","format":"standard","meta":{"footnotes":""},"categories":[9635],"tags":[1111,11,1777,674,118,1011,27,775,1702,12,1311,25],"class_list":{"0":"post-453357","1":"post","2":"type-post","3":"status-publish","4":"format-standard","5":"has-post-thumbnail","7":"category-nancy","8":"tag-actu","9":"tag-actualites","10":"tag-eu","11":"tag-europe","12":"tag-faits-divers","13":"tag-fr","14":"tag-france","15":"tag-grand-est","16":"tag-nancy","17":"tag-news","18":"tag-pompiers","19":"tag-republique-francaise"},"share_on_mastodon":{"url":"https:\/\/pubeurope.com\/@fr\/115351765836438944","error":""},"_links":{"self":[{"href":"https:\/\/www.europesays.com\/fr\/wp-json\/wp\/v2\/posts\/453357","targetHints":{"allow":["GET"]}}],"collection":[{"href":"https:\/\/www.europesays.com\/fr\/wp-json\/wp\/v2\/posts"}],"about":[{"href":"https:\/\/www.europesays.com\/fr\/wp-json\/wp\/v2\/types\/post"}],"author":[{"embeddable":true,"href":"https:\/\/www.europesays.com\/fr\/wp-json\/wp\/v2\/users\/2"}],"replies":[{"embeddable":true,"href":"https:\/\/www.europesays.com\/fr\/wp-json\/wp\/v2\/comments?post=453357"}],"version-history":[{"count":0,"href":"https:\/\/www.europesays.com\/fr\/wp-json\/wp\/v2\/posts\/453357\/revisions"}],"wp:featuredmedia":[{"embeddable":true,"href":"https:\/\/www.europesays.com\/fr\/wp-json\/wp\/v2\/media\/453358"}],"wp:attachment":[{"href":"https:\/\/www.europesays.com\/fr\/wp-json\/wp\/v2\/media?parent=453357"}],"wp:term":[{"taxonomy":"category","embeddable":true,"href":"https:\/\/www.europesays.com\/fr\/wp-json\/wp\/v2\/categories?post=453357"},{"taxonomy":"post_tag","embeddable":true,"href":"https:\/\/www.europesays.com\/fr\/wp-json\/wp\/v2\/tags?post=453357"}],"curies":[{"name":"wp","href":"https:\/\/api.w.org\/{rel}","templated":true}]}}