{"id":453359,"date":"2025-10-10T20:31:33","date_gmt":"2025-10-10T20:31:33","guid":{"rendered":"https:\/\/www.europesays.com\/fr\/453359\/"},"modified":"2025-10-10T20:31:33","modified_gmt":"2025-10-10T20:31:33","slug":"100-sports-alexandre-plumey-lhomme-qui-se-cache-derriere-la-voix-des-gardiens","status":"publish","type":"post","link":"https:\/\/www.europesays.com\/fr\/453359\/","title":{"rendered":"100% SPORTS. Alexandre Plumey\u00a0: l&rsquo;homme qui se cache derri\u00e8re \u00ab\u00a0La voix des gardiens\u00a0\u00bb"},"content":{"rendered":"<p>Alexandre Plumey, ex-gardien amateur et journaliste nanc\u00e9ien, donne la parole aux gardiens de but dans son podcast \u00e0 succ\u00e8s, \u00abLa voix des gardiens\u00bb. Lanc\u00e9 \u00e0 l&rsquo;automne 2024, il affole les compteurs d \u00e9coutes et de vues sur les r\u00e9seaux sociaux. Fabien Barthez et Bernard Lama ont notamment t\u00e9moign\u00e9.<\/p>\n<p><strong>\u00ab\u00a0La voix des gardiens\u00a0\u00bb<\/strong>, c&rsquo;est le pari r\u00e9ussi d&rsquo;Alexandre Plumey. Journaliste sportif originaire de Nancy, cet ancien portier amateur a d\u00e9cid\u00e9 de braquer les projecteurs sur un poste souvent mis \u00e0 l&rsquo;\u00e9cart, \u00e0 la fois admir\u00e9 et critiqu\u00e9, mais rarement mis en lumi\u00e8re pour ce qu&rsquo;il est vraiment\u00a0: un r\u00f4le unique. Son podcast, lanc\u00e9 \u00e0 l&rsquo;automne 2024, s&rsquo;est rapidement impos\u00e9 comme la r\u00e9f\u00e9rence pour d\u00e9crypter l&rsquo;univers des derniers remparts.<\/p>\n<p>\u00c0 \u00e9couter aussi   <img decoding=\"async\" src=\"https:\/\/www.europesays.com\/fr\/wp-content\/uploads\/2025\/10\/1759386133_157_200x200\" alt=\"Le b\u00e9n\u00e9vole dans le sport est d'une importance capitale pour les clubs et associations\" style=\"--_image-preview:url('data:image\/jpeg;base64,\/9j\/2wBDACgcHiMeGSgjISMtKygwPGRBPDc3PHtYXUlkkYCZlo+AjIqgtObDoKrarYqMyP\/L2u71\/\/\/\/m8H\/\/\/\/6\/+b9\/\/j\/2wBDASstLTw1PHZBQXb4pYyl+Pj4+Pj4+Pj4+Pj4+Pj4+Pj4+Pj4+Pj4+Pj4+Pj4+Pj4+Pj4+Pj4+Pj4+Pj4+Pj4+Pj\/wAARCAAqACoDASIAAhEBAxEB\/8QAFwABAQEBAAAAAAAAAAAAAAAAAwEAAv\/EABgQAQADAQAAAAAAAAAAAAAAAAABERIC\/8QAFgEBAQEAAAAAAAAAAAAAAAAAAAEC\/8QAFREBAQAAAAAAAAAAAAAAAAAAABH\/2gAMAwEAAhEDEQA\/AGntNitrVCx06jsMStoHjtdg02ig1cxLq2aKyWlgttbm2sBx2uwQoptpsSAXbbEyo\/\/Z');\" loading=\"lazy\" fetchpriority=\"low\" aria-hidden=\"true\" class=\"svelte-1pnmlwx rounded\" onload=\"this.__e=event\" onerror=\"this.__e=event\"\/><\/p>\n<p>Le succ\u00e8s est fulgurant. Les \u00e9coutes cumul\u00e9es\u00a0pour l&rsquo;audio\u00a0 sont au rendez-vous (160 000),\u00a0 tout comme les vues\u00a0diffus\u00e9es sur les r\u00e9seaux sociaux, Alexandre Plumey a manifestement trouv\u00e9 le ton juste et combl\u00e9 un vide. Il donne l&rsquo;occasion aux gardiens de but de partager leurs exp\u00e9riences, leurs doutes, leurs pressions, mais aussi leur passion et leur singularit\u00e9 en toute franchise.<\/p>\n<p>L&rsquo;attractivit\u00e9 du projet a permis d&rsquo;attirer des invit\u00e9s de prestige, parmi lesquels les l\u00e9gendaires <strong>Fabien Barthez<\/strong>\u00a0et <strong>Bernard Lama<\/strong>, tous deux champions du monde, mais aussi <strong>Gennaro Bracigliano et Olivier Sorin<\/strong>\u00a0figures embl\u00e9matiques de l&rsquo;AS Nancy-Lorraine. Ces t\u00e9moignages de haut vol confirment la pertinence du concept et l&rsquo;envie des portiers de s&rsquo;exprimer sur leur m\u00e9tier si particulier.<\/p>\n<p>Alexandre Plumey, invit\u00e9 est l&rsquo;invit\u00e9 de Laurent Pilloni dans\u00a0100% SPORTS, revient sur la gen\u00e8se de cette aventure et sur les raisons de cet engouement pour une position qui, plus que toute autre, est synonyme de solitude et de responsabilit\u00e9 sur le terrain.<\/p>\n<p>\u00c0 \u00e9couter aussi   <img decoding=\"async\" src=\"https:\/\/www.europesays.com\/fr\/wp-content\/uploads\/2025\/10\/1760128293_524_200x200\" alt=\"L'\u00e9dition 2024 de l'Ekiden de Toul avait attir\u00e9 75 \u00e9quipes\" style=\"--_image-preview:url('data:image\/jpeg;base64,\/9j\/2wBDACgcHiMeGSgjISMtKygwPGRBPDc3PHtYXUlkkYCZlo+AjIqgtObDoKrarYqMyP\/L2u71\/\/\/\/m8H\/\/\/\/6\/+b9\/\/j\/2wBDASstLTw1PHZBQXb4pYyl+Pj4+Pj4+Pj4+Pj4+Pj4+Pj4+Pj4+Pj4+Pj4+Pj4+Pj4+Pj4+Pj4+Pj4+Pj4+Pj4+Pj\/wAARCAAqACoDASIAAhEBAxEB\/8QAGQABAAMBAQAAAAAAAAAAAAAAAQACBAMF\/8QAGRABAAMBAQAAAAAAAAAAAAAAAAEREgIT\/8QAFgEBAQEAAAAAAAAAAAAAAAAAAQAC\/8QAFREBAQAAAAAAAAAAAAAAAAAAAAH\/2gAMAwEAAhEDEQA\/APR2Ns3oPQBo2J7Z9ie0miextn2NpKbTTnaWEvoaVRJaxYSiQgLLJMKrQYTRpIWJf\/\/Z');\" loading=\"lazy\" fetchpriority=\"low\" aria-hidden=\"true\" class=\"svelte-1pnmlwx rounded\" onload=\"this.__e=event\" onerror=\"this.__e=event\"\/><\/p>\n","protected":false},"excerpt":{"rendered":"Alexandre Plumey, ex-gardien amateur et journaliste nanc\u00e9ien, donne la parole aux gardiens de but dans son podcast \u00e0&hellip;\n","protected":false},"author":2,"featured_media":453360,"comment_status":"","ping_status":"","sticky":false,"template":"","format":"standard","meta":{"footnotes":""},"categories":[9635],"tags":[1111,11,1777,674,1011,27,775,1702,12,25],"class_list":{"0":"post-453359","1":"post","2":"type-post","3":"status-publish","4":"format-standard","5":"has-post-thumbnail","7":"category-nancy","8":"tag-actu","9":"tag-actualites","10":"tag-eu","11":"tag-europe","12":"tag-fr","13":"tag-france","14":"tag-grand-est","15":"tag-nancy","16":"tag-news","17":"tag-republique-francaise"},"share_on_mastodon":{"url":"https:\/\/pubeurope.com\/@fr\/115351774375548077","error":""},"_links":{"self":[{"href":"https:\/\/www.europesays.com\/fr\/wp-json\/wp\/v2\/posts\/453359","targetHints":{"allow":["GET"]}}],"collection":[{"href":"https:\/\/www.europesays.com\/fr\/wp-json\/wp\/v2\/posts"}],"about":[{"href":"https:\/\/www.europesays.com\/fr\/wp-json\/wp\/v2\/types\/post"}],"author":[{"embeddable":true,"href":"https:\/\/www.europesays.com\/fr\/wp-json\/wp\/v2\/users\/2"}],"replies":[{"embeddable":true,"href":"https:\/\/www.europesays.com\/fr\/wp-json\/wp\/v2\/comments?post=453359"}],"version-history":[{"count":0,"href":"https:\/\/www.europesays.com\/fr\/wp-json\/wp\/v2\/posts\/453359\/revisions"}],"wp:featuredmedia":[{"embeddable":true,"href":"https:\/\/www.europesays.com\/fr\/wp-json\/wp\/v2\/media\/453360"}],"wp:attachment":[{"href":"https:\/\/www.europesays.com\/fr\/wp-json\/wp\/v2\/media?parent=453359"}],"wp:term":[{"taxonomy":"category","embeddable":true,"href":"https:\/\/www.europesays.com\/fr\/wp-json\/wp\/v2\/categories?post=453359"},{"taxonomy":"post_tag","embeddable":true,"href":"https:\/\/www.europesays.com\/fr\/wp-json\/wp\/v2\/tags?post=453359"}],"curies":[{"name":"wp","href":"https:\/\/api.w.org\/{rel}","templated":true}]}}