{"id":453363,"date":"2025-10-10T20:33:14","date_gmt":"2025-10-10T20:33:14","guid":{"rendered":"https:\/\/www.europesays.com\/fr\/453363\/"},"modified":"2025-10-10T20:33:14","modified_gmt":"2025-10-10T20:33:14","slug":"pas-de-probleme-pour-lada-blois-qui-se-relance-a-hyeres-toulon","status":"publish","type":"post","link":"https:\/\/www.europesays.com\/fr\/453363\/","title":{"rendered":"pas de probl\u00e8me pour l\u2019ADA Blois, qui se relance \u00e0 Hy\u00e8res-Toulon"},"content":{"rendered":"<p><strong>Hy\u00e8res-Toulon\u00a0&#8211; ADA Blois\u00a0: 64-86<\/strong><\/p>\n<p>Troisi\u00e8me rencontre de suite loin du Jeu de paume ce vendredi 10\u00a0octobre. Si la d\u00e9faite \u00e0 La\u00a0Rochelle une semaine plus t\u00f4t avait \u00e9t\u00e9 s\u00e9v\u00e8re, les Bl\u00e9sois avaient su se rattraper mardi 7\u00a0octobre <a target=\"_self\" href=\"https:\/\/www.lanouvellerepublique.fr\/blois\/coupe-de-france-l-ada-passe-sans-trembler-1759869217\" rel=\"noopener\">en ma\u00eetrisant tranquillement Foug\u00e8res en coupe de France<\/a>.<\/p>\n<p>Et le mauvais souvenir de la Charente-Maritime semble bien loin, alors que le club loir-et-ch\u00e9rien n\u2019a pas eu de souci \u00e0 repartir de l\u2019avant en \u00c9lite 2. Victime du vendredi 10\u00a0octobre, Hy\u00e8res-Toulon et sa myriade d\u2019absents n\u2019a pas \u00e9t\u00e9 capable d\u2019emp\u00eacher l\u2019ADA de glaner une quatri\u00e8me victoire en cinq matchs (64-86).<\/p>\n<p>Pourtant, les Varois avaient pris le meilleur d\u00e9part en menant 7-1. Les Bl\u00e9sois ont mis du temps \u00e0 trouver de la r\u00e9ussite offensive mais on r\u00e9ussit \u00e0 faire l\u2019\u00e9cart gr\u00e2ce \u00e0 leur d\u00e9fense. \u00c0 cheval entre deux quart-temps, ils ont ainsi pass\u00e9 un 17-0 d\u00e9j\u00e0 d\u00e9cisif. Et comme le HTV ne parvenait toujours pas \u00e0 marquer, la bande de David Morabito a pris le large avant la pause (26-49, 20e).<\/p>\n<p>Il ne restait plus qu\u2019\u00e0 g\u00e9rer les vingt derni\u00e8res minutes. Travail parfaitement r\u00e9alis\u00e9 par des Bl\u00e9sois en contr\u00f4le, qui peuvent se projeter sereinement vers la r\u00e9ception de Caen le 18\u00a0octobre.<\/p>\n<p><strong>Les quart-temps<\/strong>\u00a0: 17-25, 9-24, 20-20, 18-17.<br \/><strong>Hy\u00e8res-Toulon<\/strong>\u00a0: Joseph (17), Eugene (2), N\u2019Djock (9), Greenwood (19), Kok (13) puis Diallo (2), Audry, Pouaveyoun (2), Kouguere. Ent. St\u00e9phane Dumas.<br \/><strong>ADA Blois<\/strong>\u00a0: Nottage (11), Vergiat (7), Damase (15), Morency (9), Alingue (6) puis Demahis-Ballou (8), Sconard (5), Ugolin (9), Boulefaa (8), Mambo (8). Ent. David Morabito.<\/p>\n<p class=\"alireaussi\"><b>&gt;\u00a0Rejoignez la communaut\u00e9 NR\u00a0&#8211; Sports Loir-et-Cher sur Facebook.<\/b><\/p>\n<p><a title=\"Lien vers le groupe Facebook Sports Loir-et-Cher \/\/ par La Nouvelle R\u00e9publique\" target=\"_blank\" href=\"https:\/\/www.facebook.com\/groups\/278511669740633\" rel=\"noopener\"><img loading=\"lazy\" decoding=\"async\" width=\"350\" src=\"https:\/\/www.europesays.com\/fr\/wp-content\/uploads\/2025\/05\/2d5b45e0-1095-11f0-9fa7-258145d8c562.jpg\" height=\"130\"\/><\/a><\/p>\n<p>\u00a0<\/p>\n","protected":false},"excerpt":{"rendered":"Hy\u00e8res-Toulon\u00a0&#8211; ADA Blois\u00a0: 64-86 Troisi\u00e8me rencontre de suite loin du Jeu de paume ce vendredi 10\u00a0octobre. Si la&hellip;\n","protected":false},"author":2,"featured_media":453364,"comment_status":"","ping_status":"","sticky":false,"template":"","format":"standard","meta":{"footnotes":""},"categories":[9619],"tags":[1392,1111,11,10062,1465,3469,7944,1777,674,1011,27,4368,12,882,25,60,2310],"class_list":{"0":"post-453363","1":"post","2":"type-post","3":"status-publish","4":"format-standard","5":"has-post-thumbnail","7":"category-toulon","8":"tag-a-la-une-local","9":"tag-actu","10":"tag-actualites","11":"tag-ada-blois-basket-41","12":"tag-basket","13":"tag-blois","14":"tag-elite-2","15":"tag-eu","16":"tag-europe","17":"tag-fr","18":"tag-france","19":"tag-loir-et-cher","20":"tag-news","21":"tag-provence-alpes-cote-dazur","22":"tag-republique-francaise","23":"tag-sports","24":"tag-toulon"},"share_on_mastodon":{"url":"https:\/\/pubeurope.com\/@fr\/115351782228272315","error":""},"_links":{"self":[{"href":"https:\/\/www.europesays.com\/fr\/wp-json\/wp\/v2\/posts\/453363","targetHints":{"allow":["GET"]}}],"collection":[{"href":"https:\/\/www.europesays.com\/fr\/wp-json\/wp\/v2\/posts"}],"about":[{"href":"https:\/\/www.europesays.com\/fr\/wp-json\/wp\/v2\/types\/post"}],"author":[{"embeddable":true,"href":"https:\/\/www.europesays.com\/fr\/wp-json\/wp\/v2\/users\/2"}],"replies":[{"embeddable":true,"href":"https:\/\/www.europesays.com\/fr\/wp-json\/wp\/v2\/comments?post=453363"}],"version-history":[{"count":0,"href":"https:\/\/www.europesays.com\/fr\/wp-json\/wp\/v2\/posts\/453363\/revisions"}],"wp:featuredmedia":[{"embeddable":true,"href":"https:\/\/www.europesays.com\/fr\/wp-json\/wp\/v2\/media\/453364"}],"wp:attachment":[{"href":"https:\/\/www.europesays.com\/fr\/wp-json\/wp\/v2\/media?parent=453363"}],"wp:term":[{"taxonomy":"category","embeddable":true,"href":"https:\/\/www.europesays.com\/fr\/wp-json\/wp\/v2\/categories?post=453363"},{"taxonomy":"post_tag","embeddable":true,"href":"https:\/\/www.europesays.com\/fr\/wp-json\/wp\/v2\/tags?post=453363"}],"curies":[{"name":"wp","href":"https:\/\/api.w.org\/{rel}","templated":true}]}}