{"id":453369,"date":"2025-10-10T20:36:20","date_gmt":"2025-10-10T20:36:20","guid":{"rendered":"https:\/\/www.europesays.com\/fr\/453369\/"},"modified":"2025-10-10T20:36:20","modified_gmt":"2025-10-10T20:36:20","slug":"un-pitbull-tue-un-autre-chien-en-pleine-rue-ses-maitres-prennent-la-fuite","status":"publish","type":"post","link":"https:\/\/www.europesays.com\/fr\/453369\/","title":{"rendered":"Un pitbull tue un autre chien en pleine rue, ses ma\u00eetres prennent la fuite"},"content":{"rendered":"<p>Dans le centre-ville de Rouen (<a href=\"https:\/\/www.20minutes.fr\/dossier\/seine_maritime-1\" class=\"c-link c-link--is-underlined\" target=\"_blank\" rel=\"noopener\">Seine-Maritime<\/a>), un Cavalier King Charles a \u00e9t\u00e9 tu\u00e9 jeudi 9\u00a0octobre vers 16\u00a0heures rue Perci\u00e8re, pr\u00e8s du palais de justice. Selon <a href=\"https:\/\/www.francebleu.fr\/infos\/faits-divers-justice\/il-le-tenait-comme-une-peluche-un-chien-tue-par-un-pitbull-en-centre-ville-de-rouen-1656390\" rel=\"nofollow noopener\" target=\"_blank\" class=\"c-link c-link--is-underlined\">Ici Normandie<\/a>, le chien agresseur \u2013 d\u00e9crit par la police comme un chien de type Pitbull\/Staff \u2013 n\u2019\u00e9tait ni tenu en laisse ni musel\u00e9 d\u2019apr\u00e8s plusieurs t\u00e9moins. Apr\u00e8s l\u2019attaque, ses propri\u00e9taires ont pris la fuite vers le square Verdrel. Malgr\u00e9 l\u2019intervention de passants, l\u2019animal bless\u00e9 est d\u00e9c\u00e9d\u00e9 des suites d\u2019une perforation du poumon.<\/p>\n<p>Des t\u00e9moins racontent <a href=\"https:\/\/www.20minutes.fr\/faits_divers\/4053237-20230915-val-oise-chien-tue-autre-pleine-rue-abattu-gendarmes\" class=\"c-link c-link--is-underlined\" target=\"_blank\" rel=\"noopener\">une sc\u00e8ne d\u2019une rare violence<\/a>\u00a0: \u00ab\u00a0Il le tenait comme une peluche\u00a0\u00bb, d\u00e9crit une commer\u00e7ante. Jets d\u2019eau, cris, tentatives de s\u00e9paration\u2026 rien n\u2019y a fait avant la fuite du duo et de leur chien. Sur place, policiers et pompiers ont s\u00e9curis\u00e9 le secteur et recueilli les t\u00e9moignages. Une vid\u00e9o film\u00e9e par la propri\u00e9taire endeuill\u00e9e a \u00e9t\u00e9 transmise aux enqu\u00eateurs pour identifier les fuyards. L\u2019\u00e9motion est vive\u00a0: \u00ab\u00a0C\u2019\u00e9tait un chien, c\u2019est d\u00e9j\u00e0 dramatique, mais cela aurait pu \u00eatre un enfant\u00a0\u00bb, souffle une t\u00e9moin.<\/p>\n<p>Les ma\u00eetres restent introuvables<\/p>\n<p>Les policiers de Seine-Maritime recherchent activement les propri\u00e9taires et le chien. Les premiers \u00e9l\u00e9ments confirment, comme l\u2019ont indiqu\u00e9 les t\u00e9moins, que le chien n\u2019\u00e9tait ni tenu en laisse ni musel\u00e9, un fait central dans l\u2019enqu\u00eate.<\/p>\n<\/p>\n<p>Dans les prochains jours, la brigade devrait exploiter les images, croiser les cam\u00e9ras urbaines et proc\u00e9der \u00e0 des auditions compl\u00e9mentaires. La police invite toute personne <a href=\"https:\/\/www.20minutes.fr\/faits_divers\/4130027-20241219-dordogne-chien-fait-eventrer-deux-bergers-allemands-sous-yeux\" class=\"c-link c-link--is-underlined\" target=\"_blank\" rel=\"noopener\">ayant assist\u00e9 aux faits<\/a> \u00e0 se manifester. \u00c0 Rouen, l\u2019enqu\u00eate devra dire qui tenait l\u2019animal\u2026 Et qui devra en r\u00e9pondre devant la justice.<\/p>\n","protected":false},"excerpt":{"rendered":"Dans le centre-ville de Rouen (Seine-Maritime), un Cavalier King Charles a \u00e9t\u00e9 tu\u00e9 jeudi 9\u00a0octobre vers 16\u00a0heures rue&hellip;\n","protected":false},"author":2,"featured_media":453370,"comment_status":"","ping_status":"","sticky":false,"template":"","format":"standard","meta":{"footnotes":""},"categories":[9587],"tags":[119,1111,47,11,4850,1777,674,118,1011,27,12,5161,25,9590,5163],"class_list":{"0":"post-453369","1":"post","2":"type-post","3":"status-publish","4":"format-standard","5":"has-post-thumbnail","7":"category-rouen","8":"tag-accident","9":"tag-actu","10":"tag-actualite","11":"tag-actualites","12":"tag-chien","13":"tag-eu","14":"tag-europe","15":"tag-faits-divers","16":"tag-fr","17":"tag-france","18":"tag-news","19":"tag-normandie","20":"tag-republique-francaise","21":"tag-rouen","22":"tag-seine-maritime"},"share_on_mastodon":{"url":"https:\/\/pubeurope.com\/@fr\/115351793495991564","error":""},"_links":{"self":[{"href":"https:\/\/www.europesays.com\/fr\/wp-json\/wp\/v2\/posts\/453369","targetHints":{"allow":["GET"]}}],"collection":[{"href":"https:\/\/www.europesays.com\/fr\/wp-json\/wp\/v2\/posts"}],"about":[{"href":"https:\/\/www.europesays.com\/fr\/wp-json\/wp\/v2\/types\/post"}],"author":[{"embeddable":true,"href":"https:\/\/www.europesays.com\/fr\/wp-json\/wp\/v2\/users\/2"}],"replies":[{"embeddable":true,"href":"https:\/\/www.europesays.com\/fr\/wp-json\/wp\/v2\/comments?post=453369"}],"version-history":[{"count":0,"href":"https:\/\/www.europesays.com\/fr\/wp-json\/wp\/v2\/posts\/453369\/revisions"}],"wp:featuredmedia":[{"embeddable":true,"href":"https:\/\/www.europesays.com\/fr\/wp-json\/wp\/v2\/media\/453370"}],"wp:attachment":[{"href":"https:\/\/www.europesays.com\/fr\/wp-json\/wp\/v2\/media?parent=453369"}],"wp:term":[{"taxonomy":"category","embeddable":true,"href":"https:\/\/www.europesays.com\/fr\/wp-json\/wp\/v2\/categories?post=453369"},{"taxonomy":"post_tag","embeddable":true,"href":"https:\/\/www.europesays.com\/fr\/wp-json\/wp\/v2\/tags?post=453369"}],"curies":[{"name":"wp","href":"https:\/\/api.w.org\/{rel}","templated":true}]}}