{"id":453377,"date":"2025-10-10T20:40:16","date_gmt":"2025-10-10T20:40:16","guid":{"rendered":"https:\/\/www.europesays.com\/fr\/453377\/"},"modified":"2025-10-10T20:40:16","modified_gmt":"2025-10-10T20:40:16","slug":"antoine-piron-linfirmier-breton-arrete-en-israel-libere-en-debut-de-semaine-prochaine","status":"publish","type":"post","link":"https:\/\/www.europesays.com\/fr\/453377\/","title":{"rendered":"Antoine Piron, l\u2019infirmier breton arr\u00eat\u00e9 en Isra\u00ebl, lib\u00e9r\u00e9 \u00ab en d\u00e9but de semaine prochaine"},"content":{"rendered":"<p>C\u2019est un signe que beaucoup attendaient dans le pays de Foug\u00e8res. Trois jours apr\u00e8s <a href=\"https:\/\/brest.maville.com\/actu\/actudet_-en-route-pour-gaza-un-infirmier-de-brest-kidnappe-par-l-armee-israelienne-selon-un-depute-_6-7010912_actu.Htm\" target=\"_self\" rel=\"noopener\">l\u2019arrestation par l\u2019arm\u00e9e isra\u00e9lienne<\/a> d\u2019Antoine Piron, un <a href=\"https:\/\/brest.maville.com\/actu\/actudet_-qui-est-antoine-piron-le-jeune-infirmier-du-pays-de-fougeres-arrete-par-l-armee-israelienne-_6-7011445_actu.Htm\" target=\"_self\" rel=\"noopener\">jeune infirmier install\u00e9 \u00e0 Brest<\/a> et originaire de Beauc\u00e9, pr\u00e8s de Foug\u00e8res (Ille-et-Vilaine), le maire de cette commune donne des nouvelles rassurantes ce vendredi 10\u00a0octobre 2025.<\/p>\n<p><strong>\u00ab\u00a0Le consulat a joint la famille ce midi et cet apr\u00e8s-midi pour confirmer la lib\u00e9ration prochaine d\u2019Antoine, vraisemblablement d\u00e9but de semaine prochaine\u00a0\u00bb,<\/strong> assure St\u00e9phane Idlas. Il explique avoir inform\u00e9 d\u00e8s mercredi les parlementaires de la circonscription, qui sont intervenus aupr\u00e8s des services de l\u2019\u00c9tat\u00a0: la sous-pr\u00e9fecture, la pr\u00e9fecture et le minist\u00e8re des Affaires \u00e9trang\u00e8res.<\/p>\n<p>\u00ab\u00a0Nous ne pouvons que nous r\u00e9jouir\u00a0\u00bb<\/p>\n<p><a href=\"https:\/\/fougeres.maville.com\/actu\/actudet_-pays-de-fougeres-a-20-ans-au-conseil-municipal-ils-veulent-faire-entendre-leur-voix_7-4152136_actu.Htm?utm_medium=Social&amp;utm_source=Facebook&amp;fbclid=IwY2xjawNTFXZleHRuA2FlbQIxMQABHqW8OYoopcafnyYRpcKbYe7FKhKYjG6JPrwUN0HFQDSaxx7IHOrhY4aDPGaM_aem_Ebn65d_N8R3740uUBTt2hA#Echobox=1593253083\" target=\"_self\" rel=\"noopener\">Conseiller municipal \u00e0 Beauc\u00e9<\/a>, Antoine Piron, \u00e2g\u00e9 de 24\u00a0ans, faisait partie de la flottille de la libert\u00e9 Thousand Madleens, partie fin septembre avec d\u2019autres militants en direction de Gaza, pour apporter de l\u2019aide aux Gazaouis. Son bateau a \u00e9t\u00e9 intercept\u00e9 dans les eaux internationales au large de la Palestine.<\/p>\n<p><strong>\u00ab\u00a0Nous ne pouvons que nous r\u00e9jouir de voir un d\u00e9nouement aussi rapide,<\/strong> se r\u00e9jouit-il. <strong>Souhaitons que tous les membres de cette flottille arraisonn\u00e9e dans les eaux internationales subissent le m\u00eame sort.\u00a0\u00bb<\/strong><\/p>\n<p>\u00a0<\/p>\n","protected":false},"excerpt":{"rendered":"C\u2019est un signe que beaucoup attendaient dans le pays de Foug\u00e8res. Trois jours apr\u00e8s l\u2019arrestation par l\u2019arm\u00e9e isra\u00e9lienne&hellip;\n","protected":false},"author":2,"featured_media":453378,"comment_status":"","ping_status":"","sticky":false,"template":"","format":"standard","meta":{"footnotes":""},"categories":[2821],"tags":[1111,11,32632,11354,829,6978,1869,1777,674,1011,27,47553,664,12697,12,57886,12880,584,25,5572],"class_list":{"0":"post-453377","1":"post","2":"type-post","3":"status-publish","4":"format-standard","5":"has-post-thumbnail","7":"category-rennes","8":"tag-actu","9":"tag-actualites","10":"tag-antoine","11":"tag-arrete","12":"tag-bretagne","13":"tag-breton","14":"tag-debut","15":"tag-eu","16":"tag-europe","17":"tag-fr","18":"tag-france","19":"tag-infirmier","20":"tag-israel","21":"tag-libere","22":"tag-news","23":"tag-piron","24":"tag-prochaine","25":"tag-rennes","26":"tag-republique-francaise","27":"tag-semaine"},"share_on_mastodon":{"url":"https:\/\/pubeurope.com\/@fr\/115351809182239777","error":""},"_links":{"self":[{"href":"https:\/\/www.europesays.com\/fr\/wp-json\/wp\/v2\/posts\/453377","targetHints":{"allow":["GET"]}}],"collection":[{"href":"https:\/\/www.europesays.com\/fr\/wp-json\/wp\/v2\/posts"}],"about":[{"href":"https:\/\/www.europesays.com\/fr\/wp-json\/wp\/v2\/types\/post"}],"author":[{"embeddable":true,"href":"https:\/\/www.europesays.com\/fr\/wp-json\/wp\/v2\/users\/2"}],"replies":[{"embeddable":true,"href":"https:\/\/www.europesays.com\/fr\/wp-json\/wp\/v2\/comments?post=453377"}],"version-history":[{"count":0,"href":"https:\/\/www.europesays.com\/fr\/wp-json\/wp\/v2\/posts\/453377\/revisions"}],"wp:featuredmedia":[{"embeddable":true,"href":"https:\/\/www.europesays.com\/fr\/wp-json\/wp\/v2\/media\/453378"}],"wp:attachment":[{"href":"https:\/\/www.europesays.com\/fr\/wp-json\/wp\/v2\/media?parent=453377"}],"wp:term":[{"taxonomy":"category","embeddable":true,"href":"https:\/\/www.europesays.com\/fr\/wp-json\/wp\/v2\/categories?post=453377"},{"taxonomy":"post_tag","embeddable":true,"href":"https:\/\/www.europesays.com\/fr\/wp-json\/wp\/v2\/tags?post=453377"}],"curies":[{"name":"wp","href":"https:\/\/api.w.org\/{rel}","templated":true}]}}