{"id":453381,"date":"2025-10-10T20:42:11","date_gmt":"2025-10-10T20:42:11","guid":{"rendered":"https:\/\/www.europesays.com\/fr\/453381\/"},"modified":"2025-10-10T20:42:11","modified_gmt":"2025-10-10T20:42:11","slug":"le-reseau-de-chaleur-du-centre-continue-de-setendre","status":"publish","type":"post","link":"https:\/\/www.europesays.com\/fr\/453381\/","title":{"rendered":"le r\u00e9seau de chaleur du centre continue de\u00a0s\u2019\u00e9tendre"},"content":{"rendered":"<p class=\"insetTitle\">Strasbourg Centre \u00c9nergies, bras \u00ab\u00a0\u00e9nerg\u00e9tique\u00a0\u00bb de l\u2019Eurom\u00e9tropole<\/p>\n<p>Soci\u00e9t\u00e9 d\u2019\u00e9conomie mixte \u00e0 op\u00e9ration unique (Semop), Strasbourg Centre \u00c9nergies (SCE) a \u00e9t\u00e9 investi d\u2019une d\u00e9l\u00e9gation de service public <a href=\"https:\/\/www.dna.fr\/economie\/2025\/05\/26\/energies-renouvelables-une-spl-pour-autoproduire-7-5-des-besoins-en-electricite\" target=\"_blank\" rel=\"nofollow noopener\">par l\u2019Eurom\u00e9tropole<\/a>, actionnaire de la soci\u00e9t\u00e9 \u00e0 34\u00a0% avec Banque des territoires (15\u00a0%) et R\u00e9seaux de chaleur urbain d\u2019Alsace R-CUA (51\u00a0%). La modernisation du r\u00e9seau de chaleur et l\u2019acc\u00e9l\u00e9ration de la d\u00e9carbonation du territoire m\u00e9tropolitain constituent les principaux axes d\u2019un contrat de concession de 20 ans, ayant d\u00e9marr\u00e9 au 1er\u00a0octobre 2022.<\/p>\n<p>SCE s\u2019appuie sur \u00ab\u200asept \u00e9quipes de trois-quatre ouvriers pour la partie r\u00e9seau, trois \u00e9quipes de soudeurs et une vingtaine de personnes en charge des postes de livraison\u200a\u00bb, explique son directeur g\u00e9n\u00e9ral Mathieu Albertus. Un \u00ab\u200am\u00e9diateur travaux\u200a\u00bb, en la personne de Yann Montagne, assure quant \u00e0 lui le volet de la communication avec les riverains, faisant remonter tant les besoins que les dol\u00e9ances. Outre les d\u00e9sagr\u00e9ments au quotidien pour la population, \u00ab\u200ales op\u00e9rations de fon\u00e7age [pr\u00e9sentent] des contraintes techniques ou d\u2019autres d\u2019al\u00e9as\u200a\u00bb, ajoute-t-il, \u00ab\u200acomme la d\u00e9couverte de vieux r\u00e9seaux d\u2019assainissement non identifi\u00e9s ou de vestiges arch\u00e9ologiques\u200a\u00bb.<\/p>\n<p class=\"insetSignature\">N.I.<\/p>\n","protected":false},"excerpt":{"rendered":"Strasbourg Centre \u00c9nergies, bras \u00ab\u00a0\u00e9nerg\u00e9tique\u00a0\u00bb de l\u2019Eurom\u00e9tropole Soci\u00e9t\u00e9 d\u2019\u00e9conomie mixte \u00e0 op\u00e9ration unique (Semop), Strasbourg Centre \u00c9nergies (SCE)&hellip;\n","protected":false},"author":2,"featured_media":453382,"comment_status":"","ping_status":"","sticky":false,"template":"","format":"standard","meta":{"footnotes":""},"categories":[2820],"tags":[1111,11,33,2880,893,436,1777,674,107,1011,27,775,12,25,640,2879],"class_list":{"0":"post-453381","1":"post","2":"type-post","3":"status-publish","4":"format-standard","5":"has-post-thumbnail","7":"category-strasbourg","8":"tag-actu","9":"tag-actualites","10":"tag-economie","11":"tag-edition-strasbourg","12":"tag-energie","13":"tag-environnement","14":"tag-eu","15":"tag-europe","16":"tag-fil-info","17":"tag-fr","18":"tag-france","19":"tag-grand-est","20":"tag-news","21":"tag-republique-francaise","22":"tag-strasbourg","23":"tag-strasbourg-ville"},"share_on_mastodon":{"url":"https:\/\/pubeurope.com\/@fr\/115351817032809970","error":""},"_links":{"self":[{"href":"https:\/\/www.europesays.com\/fr\/wp-json\/wp\/v2\/posts\/453381","targetHints":{"allow":["GET"]}}],"collection":[{"href":"https:\/\/www.europesays.com\/fr\/wp-json\/wp\/v2\/posts"}],"about":[{"href":"https:\/\/www.europesays.com\/fr\/wp-json\/wp\/v2\/types\/post"}],"author":[{"embeddable":true,"href":"https:\/\/www.europesays.com\/fr\/wp-json\/wp\/v2\/users\/2"}],"replies":[{"embeddable":true,"href":"https:\/\/www.europesays.com\/fr\/wp-json\/wp\/v2\/comments?post=453381"}],"version-history":[{"count":0,"href":"https:\/\/www.europesays.com\/fr\/wp-json\/wp\/v2\/posts\/453381\/revisions"}],"wp:featuredmedia":[{"embeddable":true,"href":"https:\/\/www.europesays.com\/fr\/wp-json\/wp\/v2\/media\/453382"}],"wp:attachment":[{"href":"https:\/\/www.europesays.com\/fr\/wp-json\/wp\/v2\/media?parent=453381"}],"wp:term":[{"taxonomy":"category","embeddable":true,"href":"https:\/\/www.europesays.com\/fr\/wp-json\/wp\/v2\/categories?post=453381"},{"taxonomy":"post_tag","embeddable":true,"href":"https:\/\/www.europesays.com\/fr\/wp-json\/wp\/v2\/tags?post=453381"}],"curies":[{"name":"wp","href":"https:\/\/api.w.org\/{rel}","templated":true}]}}