{"id":453383,"date":"2025-10-10T20:43:12","date_gmt":"2025-10-10T20:43:12","guid":{"rendered":"https:\/\/www.europesays.com\/fr\/453383\/"},"modified":"2025-10-10T20:43:12","modified_gmt":"2025-10-10T20:43:12","slug":"strasbourg-brillant-julien-dore-seduit-10-000-spectateurs-au-zenith","status":"publish","type":"post","link":"https:\/\/www.europesays.com\/fr\/453383\/","title":{"rendered":"Strasbourg. Brillant, Julien Dor\u00e9 s\u00e9duit 10\u00a0000 spectateurs au Z\u00e9nith"},"content":{"rendered":"<p>De retour \u00e0 Strasbourg apr\u00e8s son nouvel album Imposteur, Julien Dor\u00e9 a jou\u00e9 \u00e0 guichets ferm\u00e9s ce vendredi 10\u00a0octobre. Le chanteur a une nouvelle fois \u00e9bloui le public local en lui servant le savant m\u00e9lange dont il a le secret\u00a0: \u00e9nergie, humour, po\u00e9sie, engagement et connivence avec les spectateurs.<\/p>\n<p>Avec sublime et fracas, la star de la soir\u00e9e du 10\u00a0octobre fait son entr\u00e9e sur la sc\u00e8ne du Z\u00e9nith. \u00ab\u00a0Nous sommes l\u00e0 pour partager de la bienveillance et de l\u2019amour dans cette \u00e9poque de zinzins\u00a0!\u00a0\u00bb, lance-t-il, d\u00e9doubl\u00e9 sur les immenses \u00e9crans g\u00e9ants qui accueillent les d\u00e9cors du spectacle.<\/p>\n<p>Au c\u0153ur d\u2019une mise en sc\u00e8ne color\u00e9e, \u00e9lectrique et d\u00e9cal\u00e9e, Julien Dor\u00e9 retrouve son public fid\u00e8le et interg\u00e9n\u00e9rationnel.<\/p>\n<p>C\u2019est parti pour un voyage \u00e0 travers ses cinq albums. Le chanteur nous emm\u00e8ne aimer au bord d\u2019un lac, prendre la temp\u00e9rature d\u2019une terre enfi\u00e9vr\u00e9e, se retrouver \u00e0 Paris ou d\u00e9passer les limites.<\/p>\n<p>\u00c0 travers des m\u00e9lodies parfois entra\u00eenantes, parfois m\u00e9lancoliques, il sert \u00e0 son auditoire les plus c\u00e9l\u00e8bres de ses tubes, avec quelques surprises suppl\u00e9mentaires.<\/p>\n<p>Bien s\u00fbr, cette tourn\u00e9e est aussi l\u2019occasion de mettre en valeur son dernier album de reprises, lui permettant de jouer avec le r\u00e9pertoire de Dalida, Gilbert Montagn\u00e9 ou encore Myl\u00e8ne Farmer.<\/p>\n<p>Une mention \u00e9galement pour le chanteur strasbourgeois Fawn qui a chauff\u00e9 le public en premi\u00e8re partie et m\u00e9rite qu\u2019on lui tende une oreille.<\/p>\n<p>Julien Dor\u00e9 sera de retour \u00e0 Strasbourg avec une date suppl\u00e9mentaire, annonc\u00e9e le vendredi 3\u00a0avril\u00a02026 \u00e0 20\u00a0h.<\/p>\n","protected":false},"excerpt":{"rendered":"De retour \u00e0 Strasbourg apr\u00e8s son nouvel album Imposteur, Julien Dor\u00e9 a jou\u00e9 \u00e0 guichets ferm\u00e9s ce vendredi&hellip;\n","protected":false},"author":2,"featured_media":453384,"comment_status":"","ping_status":"","sticky":false,"template":"","format":"standard","meta":{"footnotes":""},"categories":[2820],"tags":[1111,11,2389,1687,2880,1777,674,107,1011,27,2798,775,873,12,25,3140,640,2879],"class_list":{"0":"post-453383","1":"post","2":"type-post","3":"status-publish","4":"format-standard","5":"has-post-thumbnail","7":"category-strasbourg","8":"tag-actu","9":"tag-actualites","10":"tag-alsace","11":"tag-culture-loisirs","12":"tag-edition-strasbourg","13":"tag-eu","14":"tag-europe","15":"tag-fil-info","16":"tag-fr","17":"tag-france","18":"tag-galerie-photo","19":"tag-grand-est","20":"tag-musique","21":"tag-news","22":"tag-republique-francaise","23":"tag-spectacle","24":"tag-strasbourg","25":"tag-strasbourg-ville"},"share_on_mastodon":{"url":"https:\/\/pubeurope.com\/@fr\/115351821024139765","error":""},"_links":{"self":[{"href":"https:\/\/www.europesays.com\/fr\/wp-json\/wp\/v2\/posts\/453383","targetHints":{"allow":["GET"]}}],"collection":[{"href":"https:\/\/www.europesays.com\/fr\/wp-json\/wp\/v2\/posts"}],"about":[{"href":"https:\/\/www.europesays.com\/fr\/wp-json\/wp\/v2\/types\/post"}],"author":[{"embeddable":true,"href":"https:\/\/www.europesays.com\/fr\/wp-json\/wp\/v2\/users\/2"}],"replies":[{"embeddable":true,"href":"https:\/\/www.europesays.com\/fr\/wp-json\/wp\/v2\/comments?post=453383"}],"version-history":[{"count":0,"href":"https:\/\/www.europesays.com\/fr\/wp-json\/wp\/v2\/posts\/453383\/revisions"}],"wp:featuredmedia":[{"embeddable":true,"href":"https:\/\/www.europesays.com\/fr\/wp-json\/wp\/v2\/media\/453384"}],"wp:attachment":[{"href":"https:\/\/www.europesays.com\/fr\/wp-json\/wp\/v2\/media?parent=453383"}],"wp:term":[{"taxonomy":"category","embeddable":true,"href":"https:\/\/www.europesays.com\/fr\/wp-json\/wp\/v2\/categories?post=453383"},{"taxonomy":"post_tag","embeddable":true,"href":"https:\/\/www.europesays.com\/fr\/wp-json\/wp\/v2\/tags?post=453383"}],"curies":[{"name":"wp","href":"https:\/\/api.w.org\/{rel}","templated":true}]}}