{"id":453388,"date":"2025-10-10T20:46:42","date_gmt":"2025-10-10T20:46:42","guid":{"rendered":"https:\/\/www.europesays.com\/fr\/453388\/"},"modified":"2025-10-10T20:46:42","modified_gmt":"2025-10-10T20:46:42","slug":"les-foudres-du-metal-recompensent-le-hellfest-et-ultravomit","status":"publish","type":"post","link":"https:\/\/www.europesays.com\/fr\/453388\/","title":{"rendered":"Les Foudres du metal r\u00e9compensent le Hellfest et Ultravomit"},"content":{"rendered":"<p>La Loire-Atlantique, le d\u00e9partement du metal\u00a0? <a href=\"https:\/\/labaule.maville.com\/actu\/actudet_-en-images.-hellfest-revivez-les-quatre-jours-de-festival-_8-6866955_actu.Htm\" target=\"_self\" rel=\"nofollow noopener\">Il y avait d\u00e9j\u00e0 le Hellfest pour en faire le rep\u00e8re de nombreux fans pendant au moins quatre jours<\/a>. Et ses groupes, comme Ultra Vomit, pour en \u00eatre ses ambassadeurs. Les deux ont \u00e9t\u00e9 r\u00e9compens\u00e9s par les Foudres,<a href=\"https:\/\/www.france.tv\/spectacles-et-culture\/musique-pop-rock-electro\/les-foudres\/7566632-les-foudres.html#about-section\" target=\"_parent\" rel=\"nofollow noopener\"> premi\u00e8re c\u00e9r\u00e9monie d\u00e9di\u00e9e \u00e0 cette musique en pleine \u00e9bullition, organis\u00e9e au Bataclan, \u00e0 Paris, jeudi 9\u00a0octobre 2025<\/a>.<\/p>\n<p> <a href=\"https:\/\/labaule.maville.com\/actu\/actudet_-hellfest-eurockeennes-rock-en-seine...-quels-festivals-ont-ete-les-plus-instagrammables-de-l-ete-_8-6940861_actu.Htm\" target=\"_self\" rel=\"nofollow noopener\">? \u00c0 LIRE AUSSI. Hellfest, Eurock\u00e9ennes, Rock en Seine\u2026 Quels festivals ont \u00e9t\u00e9 les plus \u00ab\u00a0instagrammables\u00a0\u00bb de l\u2019\u00e9t\u00e9\u00a0?<\/a> <\/p>\n<p>Le groupe nantais a re\u00e7u le prix de l\u2019album le plus vendu en 2024-2025 pour Ultra Vomit et le Pouvoir de la puissance. \u00a0Merci \u00e0 nos fid\u00e8les\u00a0, a r\u00e9agi sur son Instagram la formation la plus d\u00e9jant\u00e9e du m\u00e9tal.<\/p>\n<blockquote class=\"instagram-media\" data-instgrm-captioned=\"\" data-instgrm-permalink=\"https:\/\/www.instagram.com\/p\/DPmijY8iLjq\/?utm_source=ig_embed&amp;utm_campaign=loading\" data-instgrm-version=\"14\" style=\" background:#FFF; border:0; border-radius:3px; box-shadow:0 0 1px 0 rgba(0,0,0,0.5),0 1px 10px 0 rgba(0,0,0,0.15); margin: 1px; max-width:540px; min-width:326px; padding:0; width:99.375%; width:-webkit-calc(100% - 2px); width:calc(100% - 2px);\" wp_automatic_readability=\"-0.20192307692308\"\/>\n<p>Le festival de musiques de Clisson a lui obtenu le prix de la soir\u00e9e, celui de l\u2019\u00e9v\u00e9nement de l\u2019ann\u00e9e. 280\u00a0000\u00a0spectateurs se sont press\u00e9s \u00e0 ses portes en juillet\u00a02025. C\u2019est le \u00a0plus gros festival fran\u00e7ais\u00a0, souligne l\u2019AFP.<\/p>\n<p><a href=\"https:\/\/labaule.maville.com\/actu\/actudet_-hellfest-2026-les-pass-quatre-jours-ont-deja-tous-ete-vendus-_8-6891299_actu.Htm\" target=\"_self\" rel=\"nofollow noopener\">Sa programmation n\u2019est pas encore connue, mais l\u2019\u00e9dition 2026 est d\u00e9j\u00e0 compl\u00e8te<\/a>. Un seul nom est connu. Il s\u2019agit d\u2019Ultra Vomit. <a href=\"https:\/\/labaule.maville.com\/actu\/actudet_-hellfest-on-connait-deja-le-nom-d-un-groupe-pour-2026-_8-6836709_actu.Htm\" target=\"_self\" rel=\"nofollow noopener\">Contraints d\u2019annuler leur concert du jeudi 19\u00a0juin 2025<\/a>, les Nantais ont \u00e9t\u00e9 reconduits \u00e0 l\u2019\u00e9dition suivante. Les prochains devraient suivre dans les semaines \u00e0 venir.<\/p>\n<p><a href=\"https:\/\/nantes.maville.com\/actu\/actudet_-ultra-vomit-c-est-grace-a-nous-que-le-hellfest-2026-est-plein-_52716-6893137_actu.Htm\" target=\"_self\" rel=\"nofollow noopener\"> <strong>? \u00c0 LIRE AUSSI. Ultra Vomit\u00a0: \u00ab\u00a0C\u2019est gr\u00e2ce \u00e0 nous que le Hellfest 2026 est plein\u00a0!\u00a0\u00bb<\/strong> <\/a><\/p>\n<p>Un doubl\u00e9 pour Landmvrks et Gojira<\/p>\n<p>Les grands gagnants de la c\u00e9r\u00e9monie sont bien Landmvrks et <a href=\"https:\/\/nantes.maville.com\/sport\/detail_-ce-groupe-qui-a-fait-le-buzz-lors-de-la-ceremonie-des-jo-sera-a-nantes-le-2-decembre-2025-_52716-6478156_actu.Htm\" target=\"_self\" rel=\"nofollow noopener\">Gojira<\/a>. Les deux groupes fran\u00e7ais de metal \u00e0 la notori\u00e9t\u00e9 internationale, ont remport\u00e9 chacun un doubl\u00e9 aux Foudres\u00a0:<\/p>\n<p>Le groupe marseillais Landmvrks, qui oscille entre metal et rap, a \u00e9t\u00e9 sacr\u00e9 artiste de l\u2019ann\u00e9e et a \u00e9galement remport\u00e9 la Foudre du meilleur album pour son quatri\u00e8me opus auto-produit, The darkest place I\u2019ve ever been, sorti au printemps.<\/p>\n<p>Gojira, groupe des fr\u00e8res Duplantier et d\u00e9j\u00e0 aur\u00e9ol\u00e9 d\u2019un Grammy Award, a \u00e9t\u00e9 honor\u00e9 pour sa performance live grandiose au festival de Carcassonne en juillet, dans la droite ligne de sa prestation \u00e0 la c\u00e9r\u00e9monie d\u2019ouverture des JO de Paris 2024 avec la chanteuse lyrique Marina Viotti.<\/p>\n<p>Six cat\u00e9gories<\/p>\n<p>Six cat\u00e9gories avaient \u00e9t\u00e9 soumises au vote du public, en compl\u00e9ment de celui d\u2019un jury de professionnels. Parmi les autres gagnants figure le jeune groupe de metalcore Revnoir, form\u00e9 en 2023, r\u00e9v\u00e9lation de l\u2019ann\u00e9e.<\/p>\n<p>Les prestations de Carpenter Brut, Revnoir et Grandma\u2019s Ashes ont rythm\u00e9 la soir\u00e9e pr\u00e9sent\u00e9e par le chroniquer radio et humoriste Thomas VDB. D\u2019autres Nantais ont fait parl\u00e9 d\u2019eux. Le groupe Gravekvlt a envoy\u00e9 ses riffs \u00e9nerv\u00e9s et sa batterie galopante aux quatre coins du Bataclan, lan\u00e7ant les premi\u00e8res danses dans la fosse.<\/p>\n<p>En genre en pleine expansion<\/p>\n<p>L\u2019\u00e9v\u00e9nement \u00e9tait port\u00e9 par Paris Entertainment Company qui, en plus du Bataclan depuis 2021, exploite l\u2019Accor Arena et l\u2019adidas arena. \u00a0Le metal n\u2019\u00e9tait pas assez repr\u00e9sent\u00e9 dans les c\u00e9r\u00e9monies un peu officielles, un peu plus g\u00e9n\u00e9ralistes\u00a0 alors qu\u2019il est \u00a0en pleine expansion\u00a0, a estim\u00e9 aupr\u00e8s de l\u2019AFP Arnaud Millard, directeur d\u00e9l\u00e9gu\u00e9 du Bataclan, en r\u00e9f\u00e9rence aux Victoires de la musique. \u00a0Ce sont des millions de personnes qui en \u00e9coutent toute l\u2019ann\u00e9e\u00a0, a soulign\u00e9 Pascal Gueugue, directeur de la F\u00e9d\u00e9ration des musiques m\u00e9talliques, partenaire de la c\u00e9r\u00e9monie.<\/p>\n<p>Les Foudres suivent le chemin du rap qui, ne s\u2019estimant pas assez consid\u00e9r\u00e9 par la grand-messe de la chanson fran\u00e7aise, a depuis 2023 sa propre c\u00e9r\u00e9monie, les Flammes.<\/p>\n<p>\u00a0<\/p>\n<p>\t\t<script async src=\"\/\/www.instagram.com\/embed.js\"><\/script><\/p>\n","protected":false},"excerpt":{"rendered":"La Loire-Atlantique, le d\u00e9partement du metal\u00a0? Il y avait d\u00e9j\u00e0 le Hellfest pour en faire le rep\u00e8re de&hellip;\n","protected":false},"author":2,"featured_media":453389,"comment_status":"","ping_status":"","sticky":false,"template":"","format":"standard","meta":{"footnotes":""},"categories":[2818],"tags":[1111,11,1777,674,57887,1011,27,16501,28629,766,12,2636,57888,25,57889],"class_list":{"0":"post-453388","1":"post","2":"type-post","3":"status-publish","4":"format-standard","5":"has-post-thumbnail","7":"category-nantes","8":"tag-actu","9":"tag-actualites","10":"tag-eu","11":"tag-europe","12":"tag-foudres","13":"tag-fr","14":"tag-france","15":"tag-hellfest","16":"tag-metal","17":"tag-nantes","18":"tag-news","19":"tag-pays-de-la-loire","20":"tag-recompensent","21":"tag-republique-francaise","22":"tag-ultravomit"},"share_on_mastodon":{"url":"https:\/\/pubeurope.com\/@fr\/115351832789070992","error":""},"_links":{"self":[{"href":"https:\/\/www.europesays.com\/fr\/wp-json\/wp\/v2\/posts\/453388","targetHints":{"allow":["GET"]}}],"collection":[{"href":"https:\/\/www.europesays.com\/fr\/wp-json\/wp\/v2\/posts"}],"about":[{"href":"https:\/\/www.europesays.com\/fr\/wp-json\/wp\/v2\/types\/post"}],"author":[{"embeddable":true,"href":"https:\/\/www.europesays.com\/fr\/wp-json\/wp\/v2\/users\/2"}],"replies":[{"embeddable":true,"href":"https:\/\/www.europesays.com\/fr\/wp-json\/wp\/v2\/comments?post=453388"}],"version-history":[{"count":0,"href":"https:\/\/www.europesays.com\/fr\/wp-json\/wp\/v2\/posts\/453388\/revisions"}],"wp:featuredmedia":[{"embeddable":true,"href":"https:\/\/www.europesays.com\/fr\/wp-json\/wp\/v2\/media\/453389"}],"wp:attachment":[{"href":"https:\/\/www.europesays.com\/fr\/wp-json\/wp\/v2\/media?parent=453388"}],"wp:term":[{"taxonomy":"category","embeddable":true,"href":"https:\/\/www.europesays.com\/fr\/wp-json\/wp\/v2\/categories?post=453388"},{"taxonomy":"post_tag","embeddable":true,"href":"https:\/\/www.europesays.com\/fr\/wp-json\/wp\/v2\/tags?post=453388"}],"curies":[{"name":"wp","href":"https:\/\/api.w.org\/{rel}","templated":true}]}}