{"id":453406,"date":"2025-10-10T20:57:11","date_gmt":"2025-10-10T20:57:11","guid":{"rendered":"https:\/\/www.europesays.com\/fr\/453406\/"},"modified":"2025-10-10T20:57:11","modified_gmt":"2025-10-10T20:57:11","slug":"lacte-2-est-lance-go-lyon-go","status":"publish","type":"post","link":"https:\/\/www.europesays.com\/fr\/453406\/","title":{"rendered":"l\u2019Acte 2 est lanc\u00e9, go Lyon Go\u00a0!"},"content":{"rendered":"<p>Ils sont de retour\u00a0! L\u2019Arena Tour du groupe Indochine, tourn\u00e9e de tous les records avec plus de 100 dates et un million de spectateurs, \u00e0 guichets ferm\u00e9s, repasse par Lyon apr\u00e8s une pause internationale (ils \u00e9taient l\u00e0 au d\u00e9but, en f\u00e9vrier).<\/p>\n<p>  Les premiers fans ont camp\u00e9 pr\u00e8s de la salle<\/p>\n<p>Les revoil\u00e0 pour six nouveaux concerts, <a href=\"https:\/\/www.leprogres.fr\/culture-loisirs\/2025\/10\/05\/indochine-revient-pour-six-concerts-a-la-ldlc-arena\" target=\"_blank\" rel=\"noopener\">ce qui fera d\u2019eux les recordmen de la salle avec 10 concerts au total<\/a>. Les fans sont loin d\u2019\u00eatre lass\u00e9s\u00a0: la tourn\u00e9e est archi-compl\u00e8te et les premiers ont camp\u00e9 d\u00e8s jeudi aux abords de la LDLC Arena\u00a0!<\/p>\n<p>Au programme\u00a0: un spectacle rod\u00e9 mais r\u00e9invent\u00e9 avec une nouvelle setlist, une nouvelle intro, un nouveau syst\u00e8me son (tout sort de l \u00e9cran) et toujours la magie d\u2019anciens titres remis au go\u00fbt du jour.<\/p>\n<p>  Une nouvelle date annonc\u00e9e<\/p>\n<p>Le tout avec un Nicola Sirkis en super forme, multipliant les messages lyonnais, une premi\u00e8re partie assur\u00e9e par sa ni\u00e8ce, Lou, en mode Dj set et toujours ce syst\u00e8me in\u00e9dit de lumi\u00e8res partout du plafond aux bracelets distribu\u00e9s \u00e0 l\u2019entr\u00e9e.<\/p>\n<p>Une nouvelle date a \u00e9t\u00e9 annonc\u00e9e\u00a0: une 11 e date \u00e0 Paris, le 7\u00a0mars. Ouverture de la billetterie ce samedi\u00a0!<\/p>\n<p class=\"note\">Concerts d\u2019Indochine les 11, 14, 15, 17 et 18\u00a0octobre \u00e0 la LDLC Arena (D\u00e9cines-Charpieu). Concerts complets. Infos pratiques sur <a href=\"https:\/\/indo.fr\/\" target=\"_blank\" rel=\"noopener\"> indo.fr<\/a> Indochine en concert \u00e0 Lyon-D\u00e9cines | <a href=\"https:\/\/billetterie.ldlcarena.com\/fr\/salle\/ldlc-arena-ol-vallee-lyon\/idsite\/20079\" target=\"_blank\" rel=\"noopener\">Billetterie LDLC Arena<\/a><\/p>\n","protected":false},"excerpt":{"rendered":"Ils sont de retour\u00a0! L\u2019Arena Tour du groupe Indochine, tourn\u00e9e de tous les records avec plus de 100&hellip;\n","protected":false},"author":2,"featured_media":453407,"comment_status":"","ping_status":"","sticky":false,"template":"","format":"standard","meta":{"footnotes":""},"categories":[1889],"tags":[1111,11,2430,1687,4624,3152,1777,674,107,1011,27,2428,873,12,18283,25,2429,273],"class_list":{"0":"post-453406","1":"post","2":"type-post","3":"status-publish","4":"format-standard","5":"has-post-thumbnail","7":"category-lyon","8":"tag-actu","9":"tag-actualites","10":"tag-auvergne-rhone-alpes","11":"tag-culture-loisirs","12":"tag-decines-charpieu","13":"tag-edition-est-lyonnais","14":"tag-eu","15":"tag-europe","16":"tag-fil-info","17":"tag-fr","18":"tag-france","19":"tag-lyon","20":"tag-musique","21":"tag-news","22":"tag-plaine-de-lest","23":"tag-republique-francaise","24":"tag-rhone","25":"tag-selection-de-la-redaction"},"share_on_mastodon":{"url":"https:\/\/pubeurope.com\/@fr\/115351875901839435","error":""},"_links":{"self":[{"href":"https:\/\/www.europesays.com\/fr\/wp-json\/wp\/v2\/posts\/453406","targetHints":{"allow":["GET"]}}],"collection":[{"href":"https:\/\/www.europesays.com\/fr\/wp-json\/wp\/v2\/posts"}],"about":[{"href":"https:\/\/www.europesays.com\/fr\/wp-json\/wp\/v2\/types\/post"}],"author":[{"embeddable":true,"href":"https:\/\/www.europesays.com\/fr\/wp-json\/wp\/v2\/users\/2"}],"replies":[{"embeddable":true,"href":"https:\/\/www.europesays.com\/fr\/wp-json\/wp\/v2\/comments?post=453406"}],"version-history":[{"count":0,"href":"https:\/\/www.europesays.com\/fr\/wp-json\/wp\/v2\/posts\/453406\/revisions"}],"wp:featuredmedia":[{"embeddable":true,"href":"https:\/\/www.europesays.com\/fr\/wp-json\/wp\/v2\/media\/453407"}],"wp:attachment":[{"href":"https:\/\/www.europesays.com\/fr\/wp-json\/wp\/v2\/media?parent=453406"}],"wp:term":[{"taxonomy":"category","embeddable":true,"href":"https:\/\/www.europesays.com\/fr\/wp-json\/wp\/v2\/categories?post=453406"},{"taxonomy":"post_tag","embeddable":true,"href":"https:\/\/www.europesays.com\/fr\/wp-json\/wp\/v2\/tags?post=453406"}],"curies":[{"name":"wp","href":"https:\/\/api.w.org\/{rel}","templated":true}]}}