{"id":453408,"date":"2025-10-10T20:59:24","date_gmt":"2025-10-10T20:59:24","guid":{"rendered":"https:\/\/www.europesays.com\/fr\/453408\/"},"modified":"2025-10-10T20:59:24","modified_gmt":"2025-10-10T20:59:24","slug":"des-producteurs-du-nord-triomphent-en-ile-de-france","status":"publish","type":"post","link":"https:\/\/www.europesays.com\/fr\/453408\/","title":{"rendered":"des producteurs du Nord triomphent en \u00cele-de-France"},"content":{"rendered":"<p>Avec la hausse des prix, chacun traque les <a href=\"https:\/\/www.soonnight.com\/actualites\/sorties-gratuites-a-paris-en-aout-2025-les-incontournables-bons-plans-de-l-ete\/\" target=\"_blank\" rel=\"noopener nofollow\">bons plans<\/a> du quotidien. Ces derniers jours, une vente directe \u00e0 <strong>0,40 \u20ac le kilo<\/strong> a remis les pommes de terre au centre des conversations franciliennes. Sur les parkings et pr\u00e8s des march\u00e9s, l\u2019affluence parle d\u2019elle-m\u00eame.<\/p>\n<p>Un kilo \u00e0 0,40 \u20ac qui bouscule les habitudes<\/p>\n<p>Le succ\u00e8s tient \u00e0 trois leviers simples. D\u2019abord, le prix affich\u00e9, tr\u00e8s visible, rassure et motive. Ensuite, la vente <a href=\"https:\/\/www.soonnight.com\/actualites\/meteo-les-temperatures-plongent-neige-abondante-dans-plusieurs-stations-des-alpes\/\" target=\"_blank\" rel=\"noopener nofollow\">sans interm\u00e9diaire<\/a> limite les co\u00fbts. Ainsi, le kilo passe sous la barre symbolique des <strong>0,50 \u20ac<\/strong>.<\/p>\n<p>Sur place, des familles repartent avec des sacs entiers. Les organisateurs annoncent des volumes \u00e9coul\u00e9s en quelques heures. De plus, les files se forment t\u00f4t, car le stock reste limit\u00e9. Pour beaucoup, c\u2019est l\u2019occasion de cuisiner des pommes de terre toute la semaine.<\/p>\n<p>Le mouvement parti du Nord a trouv\u00e9 un <a href=\"https:\/\/www.soonnight.com\/actualites\/rajeunir-sans-bistouri-deux-astuces-beaute-rapides-qui-font-le-buzz\/\" target=\"_blank\" rel=\"noopener nofollow\">relais naturel<\/a> en \u00cele-de-France. Les agriculteurs y voient un d\u00e9bouch\u00e9 rapide et concret. Cependant, l\u2019op\u00e9ration reste ponctuelle et mobile. Mieux vaut suivre l\u2019info du jour avant de viser des pommes de terre \u00e0 prix mini.<\/p>\n<blockquote>\n<p>\u00ab \u00c0 0,40 \u20ac, je remplis mon garde-manger sans renoncer \u00e0 la qualit\u00e9. \u00bb<\/p>\n<\/blockquote>\n<p>Pourquoi ce prix est possible et ce qu\u2019il change<\/p>\n<p>Le principe est clair\u2009: moins de kilom\u00e8tres, moins de frais, moins d\u2019interm\u00e9diaires. Par cons\u00e9quent, la marge commerciale chute, et le pouvoir d\u2019achat respire. Le <a href=\"https:\/\/www.soonnight.com\/cinema-series\/les-rescapes-thailandais-inspirent-deja-les-producteurs-americains-29572\/\" target=\"_blank\" rel=\"noopener nofollow\">producteur<\/a> \u00e9change directement avec les clients, ce qui cr\u00e9e de la confiance.<\/p>\n<p>Bien choisir reste utile, m\u00eame sur une bonne affaire. Ainsi, privil\u00e9giez des tubercules fermes et sans blessures. De plus, adaptez les usages\u2009: pur\u00e9e, gratin, four, ou frites selon la vari\u00e9t\u00e9. Cette vigilance valorise vos pommes de terre et \u00e9vite le gaspillage.<\/p>\n<ul>\n<li>V\u00e9rifiez la fermet\u00e9 et l\u2019absence de taches.<\/li>\n<li>Stockez au frais, au sec et \u00e0 l\u2019abri de la lumi\u00e8re.<\/li>\n<li>\u00c9vitez le frigo pour pr\u00e9server les saveurs.<\/li>\n<li>\u00c9cartez les germes et parties vertes avant cuisson.<\/li>\n<li>Adaptez la coupe et la cuisson \u00e0 la recette.<\/li>\n<\/ul>\n<p>Acheter pr\u00e8s de chez soi, payer juste, garder la qualit\u00e9<\/p>\n<p>Les ventes se tiennent le plus souvent en matin\u00e9e. Ainsi, renseignez-vous sur les lieux annonc\u00e9s par les mairies ou les organisateurs. De plus, pr\u00e9parez de la monnaie et un cabas solide. Vous repartirez avec des pommes de terre pr\u00eates pour la semaine.<\/p>\n<p>La conservation fait la diff\u00e9rence sur le budget. Placez le stock \u00e0 l\u2019ombre, entre 8 et 12 \u00b0C. Ainsi, vous tenez plusieurs semaines sans perte. En revanche, \u00e9loignez les oignons des pommes de terre pour limiter la germination.<\/p>\n<p><strong>Famille Demassiet<\/strong>\u00a0(L\u00e9gumes\u2009; Prix\u2009: <strong>0,40 \u20ac le kilo<\/strong>). Des sacs malins pour une cuisine du quotidien, avec des tubercules faciles \u00e0 travailler.<\/p>\n<p><strong>Patati &amp; Patata<\/strong>\u00a0(Agriculture raisonn\u00e9e\u2009; cultiv\u00e9es \u00e0 Allainville-aux-Bois, Sud des Yvelines\u2009; non trait\u00e9es contre la germination). Aussi, ces pommes de terre s\u2019adaptent bien aux recettes simples et aux cuissons douces.<\/p>\n<p>Focus producteurs franciliens et savoir-faire<\/p>\n<p><strong>Saveurs Frites \u2014 Pommes de terre Agria<\/strong> (Sp\u00e9cial frites\u2009; Production raisonn\u00e9e\u2009; Trois g\u00e9n\u00e9rations\u2009; <strong>150 hectares<\/strong>\u2009; <strong>plus de 1000 tonnes\/an<\/strong>\u2009; qualit\u00e9 professionnelle). Ainsi, les pommes de terre Agria offrent une tenue id\u00e9ale \u00e0 la friture.<\/p>\n<p><strong>Ferme d\u2019Eprunes <\/strong>(Production et vente directe \u00e0 la ferme\u2009; Seine-et-Marne). Ainsi, vous achetez des pommes de terre proches, avec un conseil pr\u00e9cis sur les usages.<\/p>\n<p>Conseils pratiques de conservation, tri et cuisine<\/p>\n<p>Un tri rapide, puis un sac en jute, et le tour est jou\u00e9. Ensuite, cuisinez d\u2019abord les calibres moyens, plus polyvalents. De plus, gardez les plus gros pour le four. Cette routine prolonge la vie de vos tubercules sans effort.<\/p>\n<p><strong>Ferme Pauwels \u2014 Pommes de terre<\/strong> (Producteurs en \u00cele-de-France, Essonne\u2009; <strong>trois g\u00e9n\u00e9rations<\/strong>). Aussi, la constance du go\u00fbt et de la texture rassure les amateurs de pommes de terre.<\/p>\n<p>Planifiez les menus pour lisser les stocks sur deux semaines. Par cons\u00e9quent, alternez gratins, soupes, r\u00f4tis et salades ti\u00e8des. Et, lorsque l\u2019offre \u00e0 bas prix revient, ajustez les quantit\u00e9s. Vous gardez la main sur votre budget et vos pommes de terre.<\/p>\n<p>                                    <img loading=\"lazy\" decoding=\"async\" src=\"data:image\/svg+xml,%3Csvg%20xmlns=\" http:=\"\" alt=\"avatar Soonnight Le Mag\" width=\"32\" height=\"32\" data-lazy-src=\"https:\/\/www.europesays.com\/fr\/wp-content\/uploads\/2025\/10\/avatar-soonnight-lemag.png\"\/><\/p>\n","protected":false},"excerpt":{"rendered":"Avec la hausse des prix, chacun traque les bons plans du quotidien. Ces derniers jours, une vente directe&hellip;\n","protected":false},"author":2,"featured_media":453409,"comment_status":"","ping_status":"","sticky":false,"template":"","format":"standard","meta":{"footnotes":""},"categories":[1592],"tags":[1111,11,1777,674,1011,27,662,12,626,57891,25],"class_list":{"0":"post-453408","1":"post","2":"type-post","3":"status-publish","4":"format-standard","5":"has-post-thumbnail","7":"category-ile-de-france","8":"tag-actu","9":"tag-actualites","10":"tag-eu","11":"tag-europe","12":"tag-fr","13":"tag-france","14":"tag-ile-de-france","15":"tag-news","16":"tag-paris","17":"tag-pommes-de-terre","18":"tag-republique-francaise"},"share_on_mastodon":{"url":"https:\/\/pubeurope.com\/@fr\/115351883908049182","error":""},"_links":{"self":[{"href":"https:\/\/www.europesays.com\/fr\/wp-json\/wp\/v2\/posts\/453408","targetHints":{"allow":["GET"]}}],"collection":[{"href":"https:\/\/www.europesays.com\/fr\/wp-json\/wp\/v2\/posts"}],"about":[{"href":"https:\/\/www.europesays.com\/fr\/wp-json\/wp\/v2\/types\/post"}],"author":[{"embeddable":true,"href":"https:\/\/www.europesays.com\/fr\/wp-json\/wp\/v2\/users\/2"}],"replies":[{"embeddable":true,"href":"https:\/\/www.europesays.com\/fr\/wp-json\/wp\/v2\/comments?post=453408"}],"version-history":[{"count":0,"href":"https:\/\/www.europesays.com\/fr\/wp-json\/wp\/v2\/posts\/453408\/revisions"}],"wp:featuredmedia":[{"embeddable":true,"href":"https:\/\/www.europesays.com\/fr\/wp-json\/wp\/v2\/media\/453409"}],"wp:attachment":[{"href":"https:\/\/www.europesays.com\/fr\/wp-json\/wp\/v2\/media?parent=453408"}],"wp:term":[{"taxonomy":"category","embeddable":true,"href":"https:\/\/www.europesays.com\/fr\/wp-json\/wp\/v2\/categories?post=453408"},{"taxonomy":"post_tag","embeddable":true,"href":"https:\/\/www.europesays.com\/fr\/wp-json\/wp\/v2\/tags?post=453408"}],"curies":[{"name":"wp","href":"https:\/\/api.w.org\/{rel}","templated":true}]}}