{"id":453412,"date":"2025-10-10T21:01:11","date_gmt":"2025-10-10T21:01:11","guid":{"rendered":"https:\/\/www.europesays.com\/fr\/453412\/"},"modified":"2025-10-10T21:01:11","modified_gmt":"2025-10-10T21:01:11","slug":"aux-etats-unis-le-congres-nexiste-plus-comme-contre-pouvoir","status":"publish","type":"post","link":"https:\/\/www.europesays.com\/fr\/453412\/","title":{"rendered":"\u00ab\u00a0Aux Etats-Unis, le Congr\u00e8s n\u2019existe plus comme contre-pouvoir\u00a0\u00bb"},"content":{"rendered":"\n<p class=\"article__paragraph  \">Ce qui s\u2019est produit le 8\u00a0octobre au S\u00e9nat am\u00e9ricain marque un tournant d\u00e9cisif dans la vie d\u00e9mocratique des Etats-Unis. Pam Bondi, ministre de la justice du pr\u00e9sident Donald Trump, \u00e9tait convoqu\u00e9e par la commission judiciaire pour r\u00e9pondre des soup\u00e7ons d\u2019instrumentalisation politique du syst\u00e8me judiciaire. Au lieu d\u2019une audition classique, la ministre s\u2019est livr\u00e9e \u00e0 une mise en sc\u00e8ne d\u2019une brutalit\u00e9 in\u00e9dite\u00a0: refusant de r\u00e9pondre aux questions, elle a accus\u00e9 les s\u00e9nateurs d\u00e9mocrates d\u2019\u00eatre des \u00ab\u00a0ennemis du pr\u00e9sident\u00a0\u00bb, des \u00ab\u00a0tra\u00eetres\u00a0\u00bb et des \u00ab\u00a0politiciens corrompus\u00a0\u00bb.<\/p>\n<p>   Lire plus tard  <\/p>\n<p class=\"article__paragraph  \">Ce moment de t\u00e9l\u00e9vision politique a mis en lumi\u00e8re ce que beaucoup redoutaient\u00a0: le basculement d\u2019un r\u00e9gime fond\u00e9 sur l\u2019\u00e9quilibre des pouvoirs vers un ex\u00e9cutif sans contrepoids. Pam Bondi n\u2019est pas une ministre comme les autres. Avant d\u2019\u00eatre nomm\u00e9e \u00e0 la t\u00eate du d\u00e9partement de la justice, elle fut l\u2019avocate personnelle de Donald Trump lors de son premier proc\u00e8s en destitution. Sa loyaut\u00e9 n\u2019est pas institutionnelle\u00a0: elle demeure celle d\u2019une avocate d\u00e9fendant un client. L\u2019audition cens\u00e9e, entre autres, examiner la mise en accusation de l\u2019ancien directeur du FBI James Comey \u2013 intervenue quelques heures apr\u00e8s que le pr\u00e9sident l\u2019a publiquement qualifi\u00e9 de \u00ab\u00a0tra\u00eetre\u00a0\u00bb \u2013 s\u2019est transform\u00e9e en proc\u00e8s politique des opposants au chef de l\u2019Etat.<\/p>\n<p class=\"article__paragraph  \">Ce n\u2019est pas seulement la violence verbale de la ministre qui est frappante, mais aussi le silence du Parti r\u00e9publicain. Ni le pr\u00e9sident de la commission judiciaire, le v\u00e9t\u00e9ran Charles Grassley, ni aucun de ses coll\u00e8gues n\u2019ont rappel\u00e9 Pam Bondi \u00e0 l\u2019ordre. Aucun d\u2019entre eux n\u2019a pris la d\u00e9fense de leurs homologues d\u00e9mocrates, qu\u2019ils c\u00f4toient pourtant depuis des d\u00e9cennies. Ce silence consacre la reddition morale d\u2019un parti qui, depuis l\u2019ascension de Donald Trump, a substitu\u00e9 la peur et la loyaut\u00e9 personnelle au sens de l\u2019institution. Il faut mesurer la gravit\u00e9 du moment. Les auditions devant le Congr\u00e8s constituaient jusqu\u2019ici l\u2019un des derniers rituels de contr\u00f4le de l\u2019ex\u00e9cutif. Les s\u00e9nateurs incarnaient la dignit\u00e9 du pouvoir l\u00e9gislatif face au gouvernement. Ce rituel a \u00e9t\u00e9 bris\u00e9. En affichant ouvertement son m\u00e9pris pour les \u00e9lus, Pam Bondi a envoy\u00e9 un message d\u2019une clart\u00e9 gla\u00e7ante\u00a0: le Congr\u00e8s n\u2019existe plus comme contre-pouvoir.<\/p>\n<p class=\"reading-mode-only \"><strong>Il vous reste 49.46% de cet article \u00e0 lire. La suite est r\u00e9serv\u00e9e aux abonn\u00e9s.<\/strong><\/p>\n","protected":false},"excerpt":{"rendered":"Ce qui s\u2019est produit le 8\u00a0octobre au S\u00e9nat am\u00e9ricain marque un tournant d\u00e9cisif dans la vie d\u00e9mocratique des&hellip;\n","protected":false},"author":2,"featured_media":453413,"comment_status":"","ping_status":"","sticky":false,"template":"","format":"standard","meta":{"footnotes":""},"categories":[1888],"tags":[1111,1928,11,1927,1777,674,1011,27,12,1926,626,1925,25],"class_list":{"0":"post-453412","1":"post","2":"type-post","3":"status-publish","4":"format-standard","5":"has-post-thumbnail","7":"category-paris","8":"tag-actu","9":"tag-actu-paris","10":"tag-actualites","11":"tag-actualites-paris","12":"tag-eu","13":"tag-europe","14":"tag-fr","15":"tag-france","16":"tag-news","17":"tag-news-paris","18":"tag-paris","19":"tag-paris-news","20":"tag-republique-francaise"},"share_on_mastodon":{"url":"https:\/\/pubeurope.com\/@fr\/115351891776464980","error":""},"_links":{"self":[{"href":"https:\/\/www.europesays.com\/fr\/wp-json\/wp\/v2\/posts\/453412","targetHints":{"allow":["GET"]}}],"collection":[{"href":"https:\/\/www.europesays.com\/fr\/wp-json\/wp\/v2\/posts"}],"about":[{"href":"https:\/\/www.europesays.com\/fr\/wp-json\/wp\/v2\/types\/post"}],"author":[{"embeddable":true,"href":"https:\/\/www.europesays.com\/fr\/wp-json\/wp\/v2\/users\/2"}],"replies":[{"embeddable":true,"href":"https:\/\/www.europesays.com\/fr\/wp-json\/wp\/v2\/comments?post=453412"}],"version-history":[{"count":0,"href":"https:\/\/www.europesays.com\/fr\/wp-json\/wp\/v2\/posts\/453412\/revisions"}],"wp:featuredmedia":[{"embeddable":true,"href":"https:\/\/www.europesays.com\/fr\/wp-json\/wp\/v2\/media\/453413"}],"wp:attachment":[{"href":"https:\/\/www.europesays.com\/fr\/wp-json\/wp\/v2\/media?parent=453412"}],"wp:term":[{"taxonomy":"category","embeddable":true,"href":"https:\/\/www.europesays.com\/fr\/wp-json\/wp\/v2\/categories?post=453412"},{"taxonomy":"post_tag","embeddable":true,"href":"https:\/\/www.europesays.com\/fr\/wp-json\/wp\/v2\/tags?post=453412"}],"curies":[{"name":"wp","href":"https:\/\/api.w.org\/{rel}","templated":true}]}}