{"id":453414,"date":"2025-10-10T21:02:14","date_gmt":"2025-10-10T21:02:14","guid":{"rendered":"https:\/\/www.europesays.com\/fr\/453414\/"},"modified":"2025-10-10T21:02:14","modified_gmt":"2025-10-10T21:02:14","slug":"que-faire-ce-week-end-a-paris","status":"publish","type":"post","link":"https:\/\/www.europesays.com\/fr\/453414\/","title":{"rendered":"Que faire ce week-end \u00e0 Paris\u00a0?"},"content":{"rendered":"<p><img decoding=\"async\" class=\"\" style=\"width:100%\" src=\"https:\/\/www.europesays.com\/fr\/wp-content\/uploads\/2025\/10\/SLIDER_Agendas_751759389723452.png\" alt=\"Sorties du week-end \u00e0 Paris\"\/><\/p>\n<p>Sorties du week-end \u00e0 Paris<\/p>\n<p>Cr\u00e9dit : Droits r\u00e9serv\u00e9s<\/p>\n<p> Samedi 11 octobre<\/p>\n<p style=\"margin-bottom: 0cm;\">\u00a0<\/p>\n<p style=\"margin-bottom: 0cm;\">Venez faire la f\u00eate des vendanges \u00e0 Montmartre<\/p>\n<p style=\"margin-bottom: 0cm;\">Depuis 1934, on c\u00e9l\u00e8bre le vin du clos Montmartre. Cette ann\u00e9e, la 92eme \u00e9dition se d\u00e9roule jusqu\u2019\u00e0 dimanche. Au programme, visite des vignes, spectacles, concerts, d\u00e9gustation de produits et animations diverses. Trois rendez-vous sont incontournables\u00a0: le parcours du go\u00fbt, aujourd\u2019hui et demain, autour du Sacr\u00e9-Corur, le grand d\u00e9fil\u00e9ce samedi \u00e0 11h 45, le bal de cl\u00f4ture, dimanche de 16h \u00e0 19h au square Louise Michel. Retrouvez toute la programmation d\u00e9taill\u00e9e sur\u00a0: <a href=\"http:\/\/www.fetedessvendangesdemontmartre.com\/\" rel=\"noopener\" target=\"_blank\">www.fetedessvendangesdemontmartre.com<\/a><\/p>\n<p style=\"margin-bottom: 0cm;\">\u00a0<\/p>\n<p style=\"margin-bottom: 0cm;\">\u00a0<\/p>\n<p style=\"margin-bottom: 0cm;\">Un spectacle exceptionnel de drones \u00e0 l\u2019hippodrome de Vincennes<\/p>\n<p style=\"margin-bottom: 0cm;\">Drone Art Show se d\u00e9roule ce soir. Sous vos yeux, le ciel de Paris \u00e0 la nuit tombante travers\u00e9 par des centaines de drones lumineux qui dessineront des formes spectaculaires et chor\u00e9graphi\u00e9es. Dans vos oreilles, un quatuor interpr\u00e8tera en live des morceaux de musique classiques. Le tout se d\u00e9roulera \u00e9clair\u00e9 par la lueur de milliers de bougies. Ouverture des portes \u00e0 18h 45. D\u00e9but du spectacle \u00e0 20h 45. Infos et billetterie sur\u00a0: <a href=\"http:\/\/www.vincennes-hippodrome.com\/\" rel=\"noopener\" target=\"_blank\">www.vincennes-hippodrome.com<\/a><\/p>\n<p style=\"margin-bottom: 0cm;\">\u00a0<\/p>\n<p>Dimanche 12 octobre<\/p>\n<p style=\"margin-bottom: 0cm;\">\u00a0<\/p>\n<p style=\"margin-bottom: 0cm;\">Un salon pour les passionn\u00e9s de photos \u00e0 La grande Halle de La Villette<\/p>\n<p style=\"margin-bottom: 0cm;\">Le salon de la photo vous attend jusqu\u2019\u00e0 ce soir. Depuis sa cr\u00e9ation, le salon rassemble amateurs et pros., marques, agences, \u00e9coles. Il permet de faire un point sur toutes les innovations technologiques, mais c\u2019est surtout un lieu d\u2019\u00e9changes et de rencontres pour en apprendre plus sur l\u2019univers de la photographie. Au programme, expos, ateliers, conf\u00e9rences, formations, remises de prix, march\u00e9 d\u2019occasions. Plus d\u2019infos sur\u00a0: <a href=\"http:\/\/www.salondelaphoto.com\/\" rel=\"noopener\" target=\"_blank\">www.salondelaphoto.com<\/a><\/p>\n<p style=\"margin-bottom: 0cm;\">\u00a0<\/p>\n<p style=\"margin-bottom: 0cm;\">\u00a0<\/p>\n<p style=\"margin-bottom: 0cm;\">Balade et jeux de piste au Bois de Vincennes<\/p>\n<p style=\"margin-bottom: 0cm;\">\u00ab\u00a0Vivons v\u00e9lo\u00a0\u00bb vous attend ce dimanche. Au programme, une balade \u00e0 v\u00e9lo, accessible \u00e0 tous, avec en prime des \u00e9nigmes \u00e0 r\u00e9soudre. Vous pourrez choisir entre deux parcours\u00a0: 13 ou 28 km. Pour chaque participant, un don sera vers\u00e9 par les organisateurs \u00e0 l\u2019institut Pasteur. Inscription obligatoire sur vivonsvelo.fr Les d\u00e9parts auront lieu tout au long de la journ\u00e9e, entre 10h et 16h. Il faut venir avec son v\u00e9lo et son propre casque.<\/p>\n<p style=\"margin-bottom: 0cm;\">\u00a0<\/p>\n<p style=\"margin-bottom: 0cm;\">\u00a0<\/p>\n<p lang=\"fr-FR\" style=\"margin-bottom: 0cm;\">Nicolas Chacun &#8211; Bertrand Loppin<\/p>\n<p>!function(f,b,e,v,n,t,s){if(f.fbq)return;n=f.fbq=function(){n.callMethod?<br \/>\nn.callMethod.apply(n,arguments):n.queue.push(arguments)};if(!f._fbq)f._fbq=n;<br \/>\nn.push=n;n.loaded=!0;n.version=&rsquo;2.0&prime;;n.queue=[];t=b.createElement(e);t.async=!0;<br \/>\nt.src=v;s=b.getElementsByTagName(e)[0];s.parentNode.insertBefore(t,s)}(window,<br \/>\ndocument,&rsquo;script&rsquo;,&rsquo;https:\/\/connect.facebook.net\/en_US\/fbevents.js&rsquo;);<br \/>\nfbq(&lsquo;init&rsquo;, &lsquo;278974969201861&rsquo;); \/\/ Insert your pixel ID here.<br \/>\nfbq(&lsquo;track&rsquo;, &lsquo;PageView&rsquo;);<\/p>\n","protected":false},"excerpt":{"rendered":"Sorties du week-end \u00e0 Paris Cr\u00e9dit : Droits r\u00e9serv\u00e9s Samedi 11 octobre \u00a0 Venez faire la f\u00eate des&hellip;\n","protected":false},"author":2,"featured_media":453415,"comment_status":"","ping_status":"","sticky":false,"template":"","format":"standard","meta":{"footnotes":""},"categories":[1888],"tags":[11,1933,1936,1777,1939,674,1011,27,1934,12,1940,626,1935,25,1937,1941,1938],"class_list":{"0":"post-453414","1":"post","2":"type-post","3":"status-publish","4":"format-standard","5":"has-post-thumbnail","7":"category-paris","8":"tag-actualites","9":"tag-actualites-locales","10":"tag-essonne","11":"tag-eu","12":"tag-eure-et-loir","13":"tag-europe","14":"tag-fr","15":"tag-france","16":"tag-infos-locales","17":"tag-news","18":"tag-oise","19":"tag-paris","20":"tag-pres-de-chez-vous","21":"tag-republique-francaise","22":"tag-seine-et-marne","23":"tag-somme","24":"tag-yvelines"},"share_on_mastodon":{"url":"https:\/\/pubeurope.com\/@fr\/115351896311840048","error":""},"_links":{"self":[{"href":"https:\/\/www.europesays.com\/fr\/wp-json\/wp\/v2\/posts\/453414","targetHints":{"allow":["GET"]}}],"collection":[{"href":"https:\/\/www.europesays.com\/fr\/wp-json\/wp\/v2\/posts"}],"about":[{"href":"https:\/\/www.europesays.com\/fr\/wp-json\/wp\/v2\/types\/post"}],"author":[{"embeddable":true,"href":"https:\/\/www.europesays.com\/fr\/wp-json\/wp\/v2\/users\/2"}],"replies":[{"embeddable":true,"href":"https:\/\/www.europesays.com\/fr\/wp-json\/wp\/v2\/comments?post=453414"}],"version-history":[{"count":0,"href":"https:\/\/www.europesays.com\/fr\/wp-json\/wp\/v2\/posts\/453414\/revisions"}],"wp:featuredmedia":[{"embeddable":true,"href":"https:\/\/www.europesays.com\/fr\/wp-json\/wp\/v2\/media\/453415"}],"wp:attachment":[{"href":"https:\/\/www.europesays.com\/fr\/wp-json\/wp\/v2\/media?parent=453414"}],"wp:term":[{"taxonomy":"category","embeddable":true,"href":"https:\/\/www.europesays.com\/fr\/wp-json\/wp\/v2\/categories?post=453414"},{"taxonomy":"post_tag","embeddable":true,"href":"https:\/\/www.europesays.com\/fr\/wp-json\/wp\/v2\/tags?post=453414"}],"curies":[{"name":"wp","href":"https:\/\/api.w.org\/{rel}","templated":true}]}}