{"id":453424,"date":"2025-10-10T21:08:10","date_gmt":"2025-10-10T21:08:10","guid":{"rendered":"https:\/\/www.europesays.com\/fr\/453424\/"},"modified":"2025-10-10T21:08:10","modified_gmt":"2025-10-10T21:08:10","slug":"lallemagne-et-la-france-simposent-sans-probleme-rts-ch","status":"publish","type":"post","link":"https:\/\/www.europesays.com\/fr\/453424\/","title":{"rendered":"L&rsquo;Allemagne et la France s&rsquo;imposent sans probl\u00e8me &#8211; rts.ch"},"content":{"rendered":"<p>Victorieuse 4-0 du Luxembourg, l&rsquo;Allemagne s&rsquo;est rassur\u00e9e sur la route du Mondial, prenant enfin la t\u00eate de son groupe. La France, elle, a poursuivi sa marche en avant en se d\u00e9faisant 3-0 de l&rsquo;Azerba\u00efdjan.<\/p>\n<p>Les buts allemands ont \u00e9t\u00e9 inscrits par David Raum (12e), Joshua Kimmich (21e sur penalty, 50e) et Serge Gnabry (48e).<\/p>\n<p>Gr\u00e2ce \u00e0 sa facile victoire contre le Luxembourg et au succ\u00e8s de l&rsquo;Irlande du Nord \u00e0 domicile contre la Slovaquie (2-0), l&rsquo;Allemagne se retrouve en t\u00eate de son groupe avec six points au compteur, devan\u00e7ant Nord-Irlandais et Slovaques \u00e0 la diff\u00e9rence de buts (+4 contre +2 et +1).<\/p>\n<p>Les joueurs de Julian Nagelsmann se d\u00e9placeront \u00e0 Belfast pour y affronter l&rsquo;Irlande du Nord lundi (20h45) au Windsor Park, avec l&rsquo;obligation de s&rsquo;imposer pour rester ma\u00eetres de leur destin.<\/p>\n<p>Accroch\u00e9e durant 45 minutes par l&rsquo;Azerba\u00efdjan, la France a pour sa part trouv\u00e9 son salut dans le temps additionnel de la premi\u00e8re mi-temps, gr\u00e2ce \u00e0 Mbapp\u00e9. Apr\u00e8s la pause, Rabiot et le revenant Thauvin, d&rsquo;un superbe geste, ont permis au score d&rsquo;\u00e9voluer encore.<\/p>\n<p class=\"sources\">afp\/ace<\/p>\n","protected":false},"excerpt":{"rendered":"Victorieuse 4-0 du Luxembourg, l&rsquo;Allemagne s&rsquo;est rassur\u00e9e sur la route du Mondial, prenant enfin la t\u00eate de son&hellip;\n","protected":false},"author":2,"featured_media":453425,"comment_status":"","ping_status":"","sticky":false,"template":"","format":"standard","meta":{"footnotes":""},"categories":[1587],"tags":[11,672,57892,1804,1805,1803,1777,674,63,1801,15831,12,57893,1802],"class_list":{"0":"post-453424","1":"post","2":"type-post","3":"status-publish","4":"format-standard","5":"has-post-thumbnail","7":"category-allemagne","8":"tag-actualites","9":"tag-allemagne","10":"tag-allemagne-luxembourg","11":"tag-bundesrepublik-deutschland","12":"tag-de","13":"tag-deutschland","14":"tag-eu","15":"tag-europe","16":"tag-football","17":"tag-germany","18":"tag-luxembourg","19":"tag-news","20":"tag-qualifs-coupe-du-monde-groupe-a-3e-journee","21":"tag-republique-federale-dallemagne"},"share_on_mastodon":{"url":"https:\/\/pubeurope.com\/@fr\/115351919220725979","error":""},"_links":{"self":[{"href":"https:\/\/www.europesays.com\/fr\/wp-json\/wp\/v2\/posts\/453424","targetHints":{"allow":["GET"]}}],"collection":[{"href":"https:\/\/www.europesays.com\/fr\/wp-json\/wp\/v2\/posts"}],"about":[{"href":"https:\/\/www.europesays.com\/fr\/wp-json\/wp\/v2\/types\/post"}],"author":[{"embeddable":true,"href":"https:\/\/www.europesays.com\/fr\/wp-json\/wp\/v2\/users\/2"}],"replies":[{"embeddable":true,"href":"https:\/\/www.europesays.com\/fr\/wp-json\/wp\/v2\/comments?post=453424"}],"version-history":[{"count":0,"href":"https:\/\/www.europesays.com\/fr\/wp-json\/wp\/v2\/posts\/453424\/revisions"}],"wp:featuredmedia":[{"embeddable":true,"href":"https:\/\/www.europesays.com\/fr\/wp-json\/wp\/v2\/media\/453425"}],"wp:attachment":[{"href":"https:\/\/www.europesays.com\/fr\/wp-json\/wp\/v2\/media?parent=453424"}],"wp:term":[{"taxonomy":"category","embeddable":true,"href":"https:\/\/www.europesays.com\/fr\/wp-json\/wp\/v2\/categories?post=453424"},{"taxonomy":"post_tag","embeddable":true,"href":"https:\/\/www.europesays.com\/fr\/wp-json\/wp\/v2\/tags?post=453424"}],"curies":[{"name":"wp","href":"https:\/\/api.w.org\/{rel}","templated":true}]}}