{"id":453426,"date":"2025-10-10T21:09:11","date_gmt":"2025-10-10T21:09:11","guid":{"rendered":"https:\/\/www.europesays.com\/fr\/453426\/"},"modified":"2025-10-10T21:09:11","modified_gmt":"2025-10-10T21:09:11","slug":"union-europeenne-la-cour-des-comptes-europeenne-appelle-a-surveiller-lendettement","status":"publish","type":"post","link":"https:\/\/www.europesays.com\/fr\/453426\/","title":{"rendered":"Union europ\u00e9enne : la Cour des comptes europ\u00e9enne appelle \u00e0 surveiller l\u2019endettement"},"content":{"rendered":"<p><strong>Alors que l\u2019Union europ\u00e9enne s\u2019appr\u00eate \u00e0 entrer dans une nouvelle p\u00e9riode budg\u00e9taire, la Cour des comptes europ\u00e9enne tire la sonnette d\u2019alarme. Dans un rapport publi\u00e9 jeudi, elle avertit que l\u2019endettement de l\u2019UE, dop\u00e9 par le plan de relance post-Covid, pourrait d\u00e9passer les 900 milliards d\u2019euros d\u2019ici 2027, soit dix fois le niveau de 2020.<\/strong><\/p>\n<p>La Cour des comptes europ\u00e9enne a mis en garde, jeudi, contre l\u2019augmentation de la dette de l\u2019Union europ\u00e9enne (UE) et les risques que les emprunts peuvent faire peser sur les futurs budgets de l\u2019UE. D\u2019ici 2027, l\u2019encours des emprunts de l\u2019UE pourrait d\u00e9passer les 900 milliards d\u2019euros, un montant pr\u00e8s de dix fois sup\u00e9rieur \u00e0 celui de 2020, avant le lancement du plan de relance post-pand\u00e9mie NextGenerationEU, avertit la Cour dans son dernier rapport.<\/p>\n<p>En outre, le total des paiements d\u2019int\u00e9r\u00eats li\u00e9s \u00e0 NextGenerationEU et financ\u00e9s sur la p\u00e9riode budg\u00e9taire actuelle pourrait exc\u00e9der les 30 milliards d\u2019euros, soit plus du double du montant initialement pr\u00e9vu par la Commission europ\u00e9enne (14,9 milliards d\u2019euros), soulignent les auditeurs de la Cour, notant que pour la p\u00e9riode 2028-2034, ce chiffre pourrait atteindre pr\u00e8s de 74 milliards d\u2019euros.<\/p>\n<p>La Cour souligne qu\u2019afin de pr\u00e9server la viabilit\u00e9 des futurs budgets europ\u00e9ens, il faudra \u00abtenir d\u00fbment compte de la charge croissante des obligations li\u00e9es \u00e0 l\u2019emprunt\u00bb, rappelant qu\u2019il importe de disposer de \u00abgaranties solides et de ressources suffisantes\u00bb pour la mise en \u0153uvre des programmes de l\u2019UE.<\/p>\n<p>Par ailleurs, m\u00eame si les auditeurs concluent que les comptes de l\u2019UE pour 2024 pr\u00e9sentent une image fid\u00e8le de la situation financi\u00e8re et que les op\u00e9rations relatives aux recettes sont exemptes d\u2019erreurs, ils pointent des probl\u00e8mes concernant les droits de douane, expos\u00e9s \u00e0 un \u00abrisque de non-d\u00e9claration ou de d\u00e9claration incorrecte par les importateurs\u00bb. Le niveau d\u2019erreur estimatif concernant les d\u00e9penses budg\u00e9taires de l\u2019UE, qui \u00e9tait de 5,6% en 2023, s\u2019est \u00e9tabli \u00e0 3,6% l\u2019ann\u00e9e derni\u00e8re, un chiffre qui reste \u00abpr\u00e9occupant\u00bb malgr\u00e9 la baisse, selon le rapport.<\/p>\n<p>S.N. avec agences \/ Les Inspirations \u00c9CO<\/p>\n","protected":false},"excerpt":{"rendered":"Alors que l\u2019Union europ\u00e9enne s\u2019appr\u00eate \u00e0 entrer dans une nouvelle p\u00e9riode budg\u00e9taire, la Cour des comptes europ\u00e9enne tire&hellip;\n","protected":false},"author":2,"featured_media":453427,"comment_status":"","ping_status":"","sticky":false,"template":"","format":"standard","meta":{"footnotes":""},"categories":[1586],"tags":[11,16080,1777,674,1011,27,12,25,364],"class_list":{"0":"post-453426","1":"post","2":"type-post","3":"status-publish","4":"format-standard","5":"has-post-thumbnail","7":"category-europe","8":"tag-actualites","9":"tag-cour-des-comptes-europeenne","10":"tag-eu","11":"tag-europe","12":"tag-fr","13":"tag-france","14":"tag-news","15":"tag-republique-francaise","16":"tag-union-europeenne"},"share_on_mastodon":{"url":"https:\/\/pubeurope.com\/@fr\/115351923162122700","error":""},"_links":{"self":[{"href":"https:\/\/www.europesays.com\/fr\/wp-json\/wp\/v2\/posts\/453426","targetHints":{"allow":["GET"]}}],"collection":[{"href":"https:\/\/www.europesays.com\/fr\/wp-json\/wp\/v2\/posts"}],"about":[{"href":"https:\/\/www.europesays.com\/fr\/wp-json\/wp\/v2\/types\/post"}],"author":[{"embeddable":true,"href":"https:\/\/www.europesays.com\/fr\/wp-json\/wp\/v2\/users\/2"}],"replies":[{"embeddable":true,"href":"https:\/\/www.europesays.com\/fr\/wp-json\/wp\/v2\/comments?post=453426"}],"version-history":[{"count":0,"href":"https:\/\/www.europesays.com\/fr\/wp-json\/wp\/v2\/posts\/453426\/revisions"}],"wp:featuredmedia":[{"embeddable":true,"href":"https:\/\/www.europesays.com\/fr\/wp-json\/wp\/v2\/media\/453427"}],"wp:attachment":[{"href":"https:\/\/www.europesays.com\/fr\/wp-json\/wp\/v2\/media?parent=453426"}],"wp:term":[{"taxonomy":"category","embeddable":true,"href":"https:\/\/www.europesays.com\/fr\/wp-json\/wp\/v2\/categories?post=453426"},{"taxonomy":"post_tag","embeddable":true,"href":"https:\/\/www.europesays.com\/fr\/wp-json\/wp\/v2\/tags?post=453426"}],"curies":[{"name":"wp","href":"https:\/\/api.w.org\/{rel}","templated":true}]}}