{"id":453453,"date":"2025-10-10T21:25:32","date_gmt":"2025-10-10T21:25:32","guid":{"rendered":"https:\/\/www.europesays.com\/fr\/453453\/"},"modified":"2025-10-10T21:25:32","modified_gmt":"2025-10-10T21:25:32","slug":"lfi-et-ses-zones-dombre-interessent-les-lecteurs-lexpress","status":"publish","type":"post","link":"https:\/\/www.europesays.com\/fr\/453453\/","title":{"rendered":"LFI et ses zones d&rsquo;ombre int\u00e9ressent les lecteurs \u2013 L&rsquo;Express"},"content":{"rendered":"<p class=\"paragraph article-body-paragraph article__item   article-body-paragraph--first \">Nous avons d\u00e9j\u00e0 parl\u00e9 de <a href=\"https:\/\/www.lexpress.fr\/idees-et-debats\/les-complices-du-mal-le-livre-qui-fait-trembler-lfi-pourquoi-jean-luc-melenchon-aurait-du-lire-KXWUODQAMJD2VDQPR7KLXDS6K4\/\" target=\"_self\" rel=\"nofollow noopener\" title=\"https:\/\/www.lexpress.fr\/idees-et-debats\/les-complices-du-mal-le-livre-qui-fait-trembler-lfi-pourquoi-jean-luc-melenchon-aurait-du-lire-KXWUODQAMJD2VDQPR7KLXDS6K4\/\">la tentative infructueuse de Jean-Luc M\u00e9lenchon de mettre la main sur Les Complices du mal (Plon)<\/a> de notre collaborateur Omar Youssef Souleimane avant la parution de cette enqu\u00eate accablante pour La France insoumise. Omar Youssef Souleimane y montre tr\u00e8s bien comment les islamistes utilisent LFI comme un cheval de Troie. Il y a chez l\u2019\u00e9crivain, po\u00e8te et journaliste d\u2019origine syrienne quelque chose du Simon Leys des ann\u00e9es 1970. Quand le jeune et fin sinologue Leys d\u00e9nonce la r\u00e9volution culturelle dans Les Habits neufs du pr\u00e9sident Mao (1971) ou Ombres chinoises (1974), il doit faire face \u00e0 des militants mao\u00efstes qui n\u2019ont jamais pos\u00e9 le pied en Chine et n\u2019en ma\u00eetrisent naturellement ni la culture ni les langues. <\/p>\n<p class=\"paragraph article-body-paragraph article__item   \">C\u2019est pareil aujourd&rsquo;hui avec Omar Youssef Souleimane : il est n\u00e9 en Syrie et parle parfaitement l\u2019arabe, contrairement \u00e0 ces \u00e9lus d\u2019extr\u00eame gauche \u00ab\u00a0dont les connaissances historiques ou g\u00e9opolitiques sont parfois tr\u00e8s incertaines\u00a0\u00bb et qui se pr\u00e9sentent comme des sp\u00e9cialistes du Proche-Orient. \u00ab\u00a0C\u2019est ainsi que je devais suivre la parole d\u2019Aymeric Caron pour mieux comprendre le Hamas, celle d\u2019Ersilia Soudais pour \u00e9valuer ma connaissance de la Syrie, ou encore celle de Mathilde Panot pour mieux saisir la r\u00e9alit\u00e9 palestinienne\u00a0\u00bb, ironise avec flegme et m\u00e9lancolie celui qui a fui la police secr\u00e8te de <a href=\"https:\/\/www.lexpress.fr\/idees-et-debats\/conseilleres-le-jour-maitresses-la-nuit-bachar-el-assad-un-dictateur-faconne-par-les-femmes-HENQ7PZS7ZGKDGZZPZNYDWOH3A\/\" target=\"_self\" rel=\"nofollow noopener\" title=\"https:\/\/www.lexpress.fr\/idees-et-debats\/conseilleres-le-jour-maitresses-la-nuit-bachar-el-assad-un-dictateur-faconne-par-les-femmes-HENQ7PZS7ZGKDGZZPZNYDWOH3A\/\">Bachar el-Assad<\/a> et voit aujourd\u2019hui LFI pactiser avec les islamistes. <\/p>\n<p><strong class=\"article-body-link-list__item text-gray-800 article-body-link-list__item--one-item\">LIRE AUSSI : <a class=\"article-body-link-list__item-link\" href=\"https:\/\/www.lexpress.fr\/idees-et-debats\/les-complices-du-mal-le-livre-qui-fait-trembler-lfi-pourquoi-jean-luc-melenchon-aurait-du-lire-KXWUODQAMJD2VDQPR7KLXDS6K4\/\" rel=\"nofollow noopener\" target=\"_blank\">\u00ab\u00a0Les complices du mal\u00a0\u00bb, le livre qui fait trembler LFI : pourquoi Jean-Luc M\u00e9lenchon aurait d\u00fb lire L\u2019Express\u2026<\/a><\/strong><\/p>\n<p class=\"paragraph article-body-paragraph article__item   \">En s\u2019installant en t\u00eate des ventes d\u2019essais la semaine de sa sortie, le livre d\u2019Omar Youssef Souleimane confirme l\u2019int\u00e9r\u00eat (et l\u2019inqui\u00e9tude) que les lecteurs nourrissent pour le parti de M\u00e9lenchon \u2013 n\u2019oublions pas que La Meute (Flammarion) de Charlotte Bela\u00efch et Olivier P\u00e9rou, toujours bien en vue dans notre classement en 17e position, a d\u00e9pass\u00e9 les 100 000 exemplaires. Si on ajoute Les Nouveaux Antis\u00e9mites (Albin Michel, 11e) de Nora Bussigny, qui cible aussi l\u2019ultragauche, cela commence \u00e0 faire beaucoup\u2026<\/p>\n<p><img decoding=\"async\" src=\"https:\/\/www.europesays.com\/fr\/wp-content\/uploads\/2025\/10\/KS7CPQX6ZJFSBF42DUDDWD3RCA.jpg\" class=\"image-with-legend__cover-img\" alt=\"NEW3877_TABLEAUX-PALMARES\" width=\"883\" height=\"0\" loading=\"lazy\"\/><\/p>\n<p class=\"image-with-legend__legend\">Ventes de livres : LFI et ses zones d&rsquo;ombre int\u00e9ressent les lecteurs<\/p>\n<p class=\"image-with-legend__credits\"> \u00a9  \/ L&rsquo;EXPRESS<\/p>\n<p>Un autre livre-enqu\u00eate passionnant<\/p>\n<p class=\"paragraph article-body-paragraph article__item   \">Aux lecteurs anxieux qui voudraient se d\u00e9sintoxiquer de la politique en g\u00e9n\u00e9ral et de LFI en particulier, on conseille vivement un autre livre-enqu\u00eate qui s\u2019\u00e9loigne de l\u2019actualit\u00e9 imm\u00e9diate pour nous emmener dans les arri\u00e8re-cuisines de notre histoire litt\u00e9raire : dans <a href=\"https:\/\/www.lexpress.fr\/culture\/livre\/herve-bazin-la-face-sombre-de-lauteur-de-vipere-au-poing-revelee-dans-un-livre-enquete-OH6ZG4Y3NRCDHJCR2QL6WHSZQM\/\" target=\"_self\" rel=\"nofollow noopener\" title=\"https:\/\/www.lexpress.fr\/culture\/livre\/herve-bazin-la-face-sombre-de-lauteur-de-vipere-au-poing-revelee-dans-un-livre-enquete-OH6ZG4Y3NRCDHJCR2QL6WHSZQM\/\">Folcoche (Grasset, 9e des essais), notre cons\u0153ur Emilie Lanez <\/a>raconte comment Herv\u00e9 Bazin avait invent\u00e9 n\u2019importe quoi dans Vip\u00e8re au poing, son livre au 5 millions d\u2019exemplaires vendus o\u00f9 il accusait sa m\u00e8re de mille mauvais traitements pour mieux dissimuler ses propres turpitudes. <\/p>\n<p><strong class=\"article-body-link-list__item text-gray-800 article-body-link-list__item--one-item\">LIRE AUSSI : <a class=\"article-body-link-list__item-link\" href=\"https:\/\/www.lexpress.fr\/culture\/livre\/herve-bazin-la-face-sombre-de-lauteur-de-vipere-au-poing-revelee-dans-un-livre-enquete-OH6ZG4Y3NRCDHJCR2QL6WHSZQM\/\" rel=\"nofollow noopener\" target=\"_blank\">Herv\u00e9 Bazin : la face sombre de l&rsquo;auteur de \u00ab\u00a0Vip\u00e8re au poing\u00a0\u00bb r\u00e9v\u00e9l\u00e9e dans un livre-enqu\u00eate<\/a><\/strong><\/p>\n<p class=\"paragraph article-body-paragraph article__item    article__text__endpicto\">Du c\u00f4t\u00e9 des romans, et fort heureusement, on ne croise pas la figure de Jean-Luc M\u00e9lenchon. A la premi\u00e8re place, l\u2019immortel <a href=\"https:\/\/www.lexpress.fr\/culture\/livre\/ken-follett-dans-mes-romans-les-conservateurs-ont-souvent-les-meilleures-repliques-57SIDGVLKBFVDIM2C7E4IHJUUM\/\" target=\"_blank\" rel=\"nofollow noopener\" title=\"https:\/\/www.lexpress.fr\/culture\/livre\/ken-follett-dans-mes-romans-les-conservateurs-ont-souvent-les-meilleures-repliques-57SIDGVLKBFVDIM2C7E4IHJUUM\/\">Ken Follett<\/a> nous permet de red\u00e9couvrir l\u2019histoire de Stonehenge gr\u00e2ce \u00e0 sa nouvelle fresque historique, Le Cercle des jours (Robert Laffont). Un peu derri\u00e8re, en 5e position, Eric-Emmanuel Schmitt revient quant \u00e0 lui avec le nouveau tome de sa saga La Travers\u00e9e des temps : dans Les Deux Royaumes, il est question de l\u2019empire romain alors que, quelque part en Galil\u00e9e, un certain J\u00e9sus commence \u00e0 faire parler de lui. Le Messie ne valait-il pas mieux que les faux proph\u00e8tes de LFI ?<\/p>\n<p>.<\/p>\n","protected":false},"excerpt":{"rendered":"Nous avons d\u00e9j\u00e0 parl\u00e9 de la tentative infructueuse de Jean-Luc M\u00e9lenchon de mettre la main sur Les Complices&hellip;\n","protected":false},"author":2,"featured_media":453454,"comment_status":"","ping_status":"","sticky":false,"template":"","format":"standard","meta":{"footnotes":""},"categories":[1357],"tags":[1379,251,58,59,1011,27,1380],"class_list":{"0":"post-453453","1":"post","2":"type-post","3":"status-publish","4":"format-standard","5":"has-post-thumbnail","7":"category-livres","8":"tag-books","9":"tag-culture","10":"tag-divertissement","11":"tag-entertainment","12":"tag-fr","13":"tag-france","14":"tag-livres"},"share_on_mastodon":{"url":"https:\/\/pubeurope.com\/@fr\/115351986703398491","error":""},"_links":{"self":[{"href":"https:\/\/www.europesays.com\/fr\/wp-json\/wp\/v2\/posts\/453453","targetHints":{"allow":["GET"]}}],"collection":[{"href":"https:\/\/www.europesays.com\/fr\/wp-json\/wp\/v2\/posts"}],"about":[{"href":"https:\/\/www.europesays.com\/fr\/wp-json\/wp\/v2\/types\/post"}],"author":[{"embeddable":true,"href":"https:\/\/www.europesays.com\/fr\/wp-json\/wp\/v2\/users\/2"}],"replies":[{"embeddable":true,"href":"https:\/\/www.europesays.com\/fr\/wp-json\/wp\/v2\/comments?post=453453"}],"version-history":[{"count":0,"href":"https:\/\/www.europesays.com\/fr\/wp-json\/wp\/v2\/posts\/453453\/revisions"}],"wp:featuredmedia":[{"embeddable":true,"href":"https:\/\/www.europesays.com\/fr\/wp-json\/wp\/v2\/media\/453454"}],"wp:attachment":[{"href":"https:\/\/www.europesays.com\/fr\/wp-json\/wp\/v2\/media?parent=453453"}],"wp:term":[{"taxonomy":"category","embeddable":true,"href":"https:\/\/www.europesays.com\/fr\/wp-json\/wp\/v2\/categories?post=453453"},{"taxonomy":"post_tag","embeddable":true,"href":"https:\/\/www.europesays.com\/fr\/wp-json\/wp\/v2\/tags?post=453453"}],"curies":[{"name":"wp","href":"https:\/\/api.w.org\/{rel}","templated":true}]}}