{"id":453455,"date":"2025-10-10T21:26:20","date_gmt":"2025-10-10T21:26:20","guid":{"rendered":"https:\/\/www.europesays.com\/fr\/453455\/"},"modified":"2025-10-10T21:26:20","modified_gmt":"2025-10-10T21:26:20","slug":"isabelle-morini-bosc-accusee-de-vol-par-cyril-hanouna-elle-vide-son-sac-dans-tout-beau-tout-neuf-video","status":"publish","type":"post","link":"https:\/\/www.europesays.com\/fr\/453455\/","title":{"rendered":"Isabelle Morini-Bosc accus\u00e9e de vol par Cyril Hanouna, elle vide son sac dans Tout beau, tout neuf (VIDEO)"},"content":{"rendered":"<p>Ce vendredi 10 octobre dans Tout beau, tout neuf sur W9, Cyril Hanouna a accus\u00e9 Isabelle Morini-Bosc d&rsquo;avoir vol\u00e9 dans les loges de l&rsquo;\u00e9mission. La chroniqueuse a vid\u00e9 son sac devant les cam\u00e9ras.<\/p>\n<p>Comme tous les soirs, Cyril Hanouna \u00e9tait \u00e0 l&rsquo;antenne de W9 ce vendredi 10 octobre pour pr\u00e9senter Tout beau, tout neuf, l&rsquo;\u00e9mission qui a pris le relais de Touche pas \u00e0 mon poste apr\u00e8s <a href=\"https:\/\/www.programme-tv.net\/news\/tv\/373128-on-n-y-croyait-pas-du-tout-cyril-hanouna-choque-par-les-audiences-de-tpmp-il-fait-le-bilan-de-la-premiere-semaine-de-l-emission-apres-l-arret-de-c8\/\" data-api-deeplink=\"teleloisirs:\/\/news\/373128\" target=\"_blank\" rel=\"noopener\">la suppression de C8<\/a>. Lors d&rsquo;un sujet sur la nouvelle \u00e9tape exig\u00e9e par la SNCF pour prendre des billets de train \u00e0 un guichet, Isabelle Morini-Bosc a t\u00e9moign\u00e9 d&rsquo;une mauvaise exp\u00e9rience \u00e0 la garde de Saint-Lazare \u00e0 Paris. D\u00e9sormais, les usagers sont pri\u00e9s de prendre un rendez-vous en ligne afin d&rsquo;acheter un billet de train. Ignorant cette nouveaut\u00e9, <a href=\"https:\/\/www.programme-tv.net\/news\/people\/388775-on-a-fait-trois-tonneaux-sur-l-autoroute-isabelle-morini-bosc-et-gilles-verdez-racontent-les-accidents-traumatisants-qu-ils-ont-vecus\/\" data-api-deeplink=\"teleloisirs:\/\/news\/388775\" target=\"_blank\" rel=\"noopener\">la chroniqueuse de TBT9 <\/a>a \u00e9t\u00e9 recal\u00e9e en guichet alors que les guichetiers \u00e9taient inoccup\u00e9s. <a href=\"https:\/\/www.programme-tv.net\/biographie\/179572-verdez-gilles\/\" data-link-people=\"ebe64c94-3790-4a64-a7a4-a4fd083b9cf4\" target=\"_blank\" rel=\"noopener\">Gilles Verdez<\/a> a exig\u00e9 des preuves de la part de sa coll\u00e8gue qui a pris son sac pour sortir son billet de train. Malheureusement pour elle, Cyril Hanouna a alors d\u00e9couvert qu&rsquo;elle avait commis un vol dans les loges de l&rsquo;\u00e9mission.<\/p>\n<p>                        Cyril Hanouna d\u00e9couvre un vol commis par Isabelle Morini-Bosc dans Tout beau, tout neuf sur W9<\/p>\n<p>Apr\u00e8s avoir \u00e9cout\u00e9 Isabelle Morini-Bosc, Cyril Hanouna lui a demand\u00e9 des preuves concernant son r\u00e9cit. \u00ab\u00a0Il est o\u00f9 le billet ?\u00a0\u00bb, a interrog\u00e9 l&rsquo;animateur. \u00ab\u00a0Il est l\u00e0 !\u00a0\u00bb, a assur\u00e9 la chroniqueuse en direction de son sac \u00e0 main. \u00ab\u00a0Attendez&#8230;\u00a0\u00bb, a-t-elle tent\u00e9 de le ralentir avant qu&rsquo;il d\u00e9couvre de nombreuses confiseries dans son sac. <b>\u00ab\u00a0Les ch\u00e9ris, elle nous a vol\u00e9 les bonbons dans la loge !\u00a0\u00bb<\/b>, a d\u00e9nonc\u00e9 Cyril Hanouna. Suite \u00e0 cette r\u00e9v\u00e9lation, Isabelle Morini-Bosc a \u00e9t\u00e9 hu\u00e9e par le public et Gilles Verdez en a profit\u00e9 pour la taquiner : \u00ab\u00a0Menteuse et voleuse !\u00a0\u00bb<\/p>\n<p>Tout beau, tout neuf : Cyril Hanouna annonce une bonne nouvelle aux t\u00e9l\u00e9spectateurs<\/p>\n<p>La veille, <a href=\"https:\/\/www.programme-tv.net\/news\/tv\/389432-cyril-hanouna-sera-t-il-a-l-antenne-dans-tout-beau-tout-neuf-pendant-les-vacances-de-la-toussaint-il-repond\/\" data-api-deeplink=\"teleloisirs:\/\/news\/389432\" target=\"_blank\" rel=\"noopener\">Cyril Hanouna a annonc\u00e9 une tr\u00e8s bonne nouvelle<\/a> aux t\u00e9l\u00e9spectateurs de Tout beau, tout neuf. L&rsquo;\u00e9mission sera diffus\u00e9e sur W9 pendant les vacances scolaires de la Toussaint. \u00ab\u00a0Ne vous inqui\u00e9tez pas, on sera l\u00e0 ! Il n&rsquo;y a pas de vacances pour nous\u00a0\u00bb, a r\u00e9v\u00e9l\u00e9 l&rsquo;animateur de TBT9 avant d&rsquo;expliquer : \u00ab\u00a0Vous avez eu des vacances pendant six mois quand ils ont ferm\u00e9 la cha\u00eene, c&rsquo;est bon. Je pense que \u00e7a y est.\u00a0\u00bb<\/p>\n","protected":false},"excerpt":{"rendered":"Ce vendredi 10 octobre dans Tout beau, tout neuf sur W9, Cyril Hanouna a accus\u00e9 Isabelle Morini-Bosc d&rsquo;avoir&hellip;\n","protected":false},"author":2,"featured_media":453456,"comment_status":"","ping_status":"","sticky":false,"template":"","format":"standard","meta":{"footnotes":""},"categories":[1356],"tags":[244,1083,58,59,1011,27,16182,252,22497,49534,1364,2395,1630],"class_list":{"0":"post-453455","1":"post","2":"type-post","3":"status-publish","4":"format-standard","5":"has-post-thumbnail","7":"category-television","8":"tag-commentaire","9":"tag-cyril-hanouna","10":"tag-divertissement","11":"tag-entertainment","12":"tag-fr","13":"tag-france","14":"tag-isabelle-morini-bosc","15":"tag-television","16":"tag-tout-beau","17":"tag-tout-n9uf","18":"tag-tv","19":"tag-w9","20":"tag-zapping"},"share_on_mastodon":{"url":"https:\/\/pubeurope.com\/@fr\/115351990090063402","error":""},"_links":{"self":[{"href":"https:\/\/www.europesays.com\/fr\/wp-json\/wp\/v2\/posts\/453455","targetHints":{"allow":["GET"]}}],"collection":[{"href":"https:\/\/www.europesays.com\/fr\/wp-json\/wp\/v2\/posts"}],"about":[{"href":"https:\/\/www.europesays.com\/fr\/wp-json\/wp\/v2\/types\/post"}],"author":[{"embeddable":true,"href":"https:\/\/www.europesays.com\/fr\/wp-json\/wp\/v2\/users\/2"}],"replies":[{"embeddable":true,"href":"https:\/\/www.europesays.com\/fr\/wp-json\/wp\/v2\/comments?post=453455"}],"version-history":[{"count":0,"href":"https:\/\/www.europesays.com\/fr\/wp-json\/wp\/v2\/posts\/453455\/revisions"}],"wp:featuredmedia":[{"embeddable":true,"href":"https:\/\/www.europesays.com\/fr\/wp-json\/wp\/v2\/media\/453456"}],"wp:attachment":[{"href":"https:\/\/www.europesays.com\/fr\/wp-json\/wp\/v2\/media?parent=453455"}],"wp:term":[{"taxonomy":"category","embeddable":true,"href":"https:\/\/www.europesays.com\/fr\/wp-json\/wp\/v2\/categories?post=453455"},{"taxonomy":"post_tag","embeddable":true,"href":"https:\/\/www.europesays.com\/fr\/wp-json\/wp\/v2\/tags?post=453455"}],"curies":[{"name":"wp","href":"https:\/\/api.w.org\/{rel}","templated":true}]}}