{"id":453457,"date":"2025-10-10T21:27:13","date_gmt":"2025-10-10T21:27:13","guid":{"rendered":"https:\/\/www.europesays.com\/fr\/453457\/"},"modified":"2025-10-10T21:27:13","modified_gmt":"2025-10-10T21:27:13","slug":"tim-lambesis-assure-que-le-retour-das-i-lay-dying-nest-pas-motive-par-largent","status":"publish","type":"post","link":"https:\/\/www.europesays.com\/fr\/453457\/","title":{"rendered":"Tim Lambesis assure que le retour d\u2019As I Lay Dying n\u2019est pas motiv\u00e9 par l\u2019argent"},"content":{"rendered":"<p><strong>Tim Lambesis, chanteur et figure controvers\u00e9e d\u2019<a href=\"https:\/\/www.metalzone.fr\/as-i-lay-dying\/\" rel=\"nofollow noopener\" target=\"_blank\">As I Lay Dying<\/a>, a tenu \u00e0 r\u00e9pondre aux accusations selon lesquelles la relance du groupe ne viserait qu\u2019un objectif financier. Il d\u00e9ment et assure, au contraire, avoir tout sacrifi\u00e9 par passion pour remettre le projet sur pied.<\/strong><\/p>\n<p>Tim Lambesis r\u00e9fute les accusations de \u201cmoney grab\u201d<\/p>\n<p>Alors qu\u2019As I Lay Dying a d\u00e9voil\u00e9 Echoes, un nouveau single cens\u00e9 ouvrir une \u00e8re renouvel\u00e9e pour le groupe, Tim Lambesis fait face, une nouvelle fois, aux critiques. Sur Instagram, un commentaire l\u2019a accus\u00e9 de relancer le projet uniquement pour l\u2019argent. Le chanteur a r\u00e9pliqu\u00e9 sans d\u00e9tour : \u201cAucune chance que tu aies la moindre id\u00e9e de comment fonctionne l\u2019industrie musicale. J\u2019ai vendu toutes mes motos juste pour remettre ce projet sur les rails. C\u2019est de la passion pure.\u201d (comme l\u2019a rapport\u00e9 <a href=\"https:\/\/lambgoat.com\/news\/49921\/as-i-lay-dyings-tim-lambesis-i-sold-all-my-motorcycles-just-to-get-this-back-on-track\/\" target=\"_blank\" rel=\"noopener nofollow\">Lambgoat<\/a>).<\/p>\n<p>La d\u00e9claration, relay\u00e9e sur son compte personnel ainsi que sur celui du groupe, s\u2019inscrit dans une volont\u00e9 de transparence face \u00e0 un public partag\u00e9 : certains saluent le retour, d\u2019autres y voient une op\u00e9ration opportuniste.<\/p>\n<p>Un retour port\u00e9 par un line-up enti\u00e8rement renouvel\u00e9<\/p>\n<p>D\u00e9voil\u00e9 le 8 octobre, Echoes marque une \u00e9tape importante dans l\u2019histoire d\u2019As I Lay Dying. Le morceau aborde le renouveau et la reconstruction, en phase avec l\u2019actualit\u00e9 du groupe. Tim Lambesis s\u2019entoure d\u00e9sormais de Chris Clancy (chant clair, basse), Bill Hudson et Don Vedda (guitares), et Tim Yeung (batterie). Le titre a re\u00e7u un accueil positif, notamment de la part de <a href=\"https:\/\/www.metalzone.fr\/tommy-vext\/\" rel=\"nofollow noopener\" target=\"_blank\">Tommy Vext<\/a> (ex-<a href=\"https:\/\/www.metalzone.fr\/bad-wolves\/\" rel=\"nofollow noopener\" target=\"_blank\">Bad Wolves<\/a>), qui salue Clancy comme \u201cla meilleure voix m\u00e9lodique que le groupe ait jamais eue\u201d.<\/p>\n<p>Le groupe s\u2019appr\u00eate \u00e9galement \u00e0 entamer une tourn\u00e9e europ\u00e9enne pour c\u00e9l\u00e9brer les 20 ans de Shadows Are Security, avec des arr\u00eats en Allemagne, Russie, Italie et aux Pays-Bas. Ce nouveau chapitre s\u2019annonce sous le signe d\u2019un renouveau \u00e0 la fois artistique et humain.<\/p>\n<p>Un pass\u00e9 qui continue de peser<\/p>\n<p>Ce retour intervient toutefois dans un contexte tendu. Fin 2024, les anciens membres ont quitt\u00e9 le navire, \u00e9voquant un climat \u201cpsychologiquement insoutenable\u201d. Des vid\u00e9os controvers\u00e9es montrant Lambesis dans des situations violentes ont ensuite refait surface, ravivant les critiques li\u00e9es \u00e0 son pass\u00e9 judiciaire. Pour rappel, le chanteur a \u00e9t\u00e9 condamn\u00e9 en 2014 pour avoir tent\u00e9 d\u2019engager un tueur \u00e0 gages afin d\u2019assassiner son ex-femme, avant d\u2019\u00eatre lib\u00e9r\u00e9 en 2016.<\/p>\n<p>Malgr\u00e9 ce passif, Lambesis poursuit son projet avec d\u00e9termination. Echoes se veut une tentative de renaissance, port\u00e9e par une nouvelle \u00e9quipe et un discours de reconstruction personnelle.<\/p>\n<p>Echoes d\u2019As I Lay Dying :<\/p>\n","protected":false},"excerpt":{"rendered":"Tim Lambesis, chanteur et figure controvers\u00e9e d\u2019As I Lay Dying, a tenu \u00e0 r\u00e9pondre aux accusations selon lesquelles&hellip;\n","protected":false},"author":2,"featured_media":453458,"comment_status":"","ping_status":"","sticky":false,"template":"","format":"standard","meta":{"footnotes":""},"categories":[1355],"tags":[58,59,1011,27,1361,873],"class_list":{"0":"post-453457","1":"post","2":"type-post","3":"status-publish","4":"format-standard","5":"has-post-thumbnail","7":"category-musique","8":"tag-divertissement","9":"tag-entertainment","10":"tag-fr","11":"tag-france","12":"tag-music","13":"tag-musique"},"share_on_mastodon":{"url":"https:\/\/pubeurope.com\/@fr\/115351994014743974","error":""},"_links":{"self":[{"href":"https:\/\/www.europesays.com\/fr\/wp-json\/wp\/v2\/posts\/453457","targetHints":{"allow":["GET"]}}],"collection":[{"href":"https:\/\/www.europesays.com\/fr\/wp-json\/wp\/v2\/posts"}],"about":[{"href":"https:\/\/www.europesays.com\/fr\/wp-json\/wp\/v2\/types\/post"}],"author":[{"embeddable":true,"href":"https:\/\/www.europesays.com\/fr\/wp-json\/wp\/v2\/users\/2"}],"replies":[{"embeddable":true,"href":"https:\/\/www.europesays.com\/fr\/wp-json\/wp\/v2\/comments?post=453457"}],"version-history":[{"count":0,"href":"https:\/\/www.europesays.com\/fr\/wp-json\/wp\/v2\/posts\/453457\/revisions"}],"wp:featuredmedia":[{"embeddable":true,"href":"https:\/\/www.europesays.com\/fr\/wp-json\/wp\/v2\/media\/453458"}],"wp:attachment":[{"href":"https:\/\/www.europesays.com\/fr\/wp-json\/wp\/v2\/media?parent=453457"}],"wp:term":[{"taxonomy":"category","embeddable":true,"href":"https:\/\/www.europesays.com\/fr\/wp-json\/wp\/v2\/categories?post=453457"},{"taxonomy":"post_tag","embeddable":true,"href":"https:\/\/www.europesays.com\/fr\/wp-json\/wp\/v2\/tags?post=453457"}],"curies":[{"name":"wp","href":"https:\/\/api.w.org\/{rel}","templated":true}]}}