{"id":453459,"date":"2025-10-10T21:28:16","date_gmt":"2025-10-10T21:28:16","guid":{"rendered":"https:\/\/www.europesays.com\/fr\/453459\/"},"modified":"2025-10-10T21:28:16","modified_gmt":"2025-10-10T21:28:16","slug":"%f0%9f%8e%ac-fifac-2025-la-realisatrice-arlette-pacquit-explore-une-martinique-qui-navigue-entre-oubli-et-resistance","status":"publish","type":"post","link":"https:\/\/www.europesays.com\/fr\/453459\/","title":{"rendered":"\ud83c\udfac Fifac 2025. La r\u00e9alisatrice Arlette Pacquit explore une Martinique qui navigue entre oubli et r\u00e9sistance"},"content":{"rendered":"<p>Dans Ne prends pas la mer pour une grande Savane, la r\u00e9alisatrice martiniquaise Arlette Pacquit explore, \u00e0 travers la place centrale de Fort-de-France, la m\u00e9moire d\u2019une \u00eele en tension. Le film est projet\u00e9, ce vendredi soir au Camp de la transportation, \u00e0 19 heures, est en comp\u00e9tition pour le Grand Prix Fifac 2025.<\/p>\n<p>Ne prends pas la mer pour une grande Savane explore la m\u00e9moire de la Martinique \u00e0 travers La Savane, place embl\u00e9matique de Fort-de-France. Jadis symbole du pouvoir colonial puis lieu d\u2019\u00e9mancipation sous C\u00e9saire, cet espace appara\u00eet aujourd\u2019hui en suspens, vid\u00e9 de sa vitalit\u00e9 mais charg\u00e9 d\u2019histoire.<\/p>\n<p>Entre archives et images du pr\u00e9sent, le film r\u00e9alis\u00e9 par la Martiniquaise Arlette Pacquit r\u00e9v\u00e8le la tension entre oubli et m\u00e9moire, d\u00e9pendance et libert\u00e9, o\u00f9 La Savane devient le miroir d\u2019un peuple en qu\u00eate de sens et d\u2019\u00e9mancipation face \u00e0 une pr\u00e9sence fran\u00e7aise toujours hant\u00e9e.<\/p>\n<p>                                    <img class=\"a-article__image lazy libre\" width=\"800\" height=\"450\" data-src=\"https:\/\/www.europesays.com\/fr\/wp-content\/uploads\/2025\/10\/2-68e91fe68132c923652717.png\" style=\"--img-placeholder: url('\/assets\/img\/placeholders\/article-800-450.svg');\" alt=\"Ne prends pas la mer pour une grande Savane\" aria-hidden=\"true\"\/><\/p>\n<p>                Ne prends pas la mer pour une grande Savane<br \/>\n                     \u2022<br \/>\n                            \u00a9Sanosi productions<\/p>\n<p>Entretien avec Arlette Pacquit<\/p>\n<p><strong>Qu\u2019est-ce qui vous a pouss\u00e9e \u00e0 choisir La Savane, place centrale de Fort-de-France, comme sujet de votre documentaire ?<\/strong><\/p>\n<p>Nous vivons une p\u00e9riode o\u00f9 les questions de transmission et de m\u00e9moire se posent avec une certaine urgence. J\u2019ai le sentiment que, de g\u00e9n\u00e9ration en g\u00e9n\u00e9ration. Il m\u2019a donc sembl\u00e9 essentiel de r\u00e9fl\u00e9chir \u00e0 ces questions \u00e0 partir des lieux, car certains espaces sont porteurs de m\u00e9moire. La Savane, notamment, existe depuis les d\u00e9buts de la colonisation : c\u2019\u00e9tait une place d\u2019armes, un espace travers\u00e9 par toutes les classes sociales.<\/p>\n<p>Une autre raison de mon choix tient \u00e0 la g\u00e9ologie du lieu. Le fort, construit dans la pierre, prolonge sa stabilit\u00e9 dans un \u00e9peron rocheux : il symbolise la solidit\u00e9, l\u2019ancrage.\u00a0<\/p>\n<blockquote class=\"ftvi_content_quote\">\n<p>                                    <img class=\"a-article__image lazy libre\" width=\"800\" height=\"450\" data-src=\"https:\/\/www.europesays.com\/fr\/wp-content\/uploads\/2025\/10\/4-68e91fda0edb8774055268.png\" style=\"--img-placeholder: url('\/assets\/img\/placeholders\/article-800-450.svg');\" alt=\"Arlette Pacquit, r\u00e9alisatrice\" aria-hidden=\"true\"\/><\/p>\n<p>                Arlette Pacquit, r\u00e9alisatrice<br \/>\n                     \u2022<br \/>\n                            \u00a9DR<\/p>\n<p class=\"ftvi_citation_quote\">Fort-de-France est une ville conquise sur la mer, marqu\u00e9e par un dialogue impossible avec la France, entre la force de la roche et l\u2019instabilit\u00e9 cr\u00e9atrice de la mangrove. Accepter notre instabilit\u00e9 souterraine, c\u2019est peut-\u00eatre trouver une mani\u00e8re d\u2019habiter nos contradictions, de les transformer en puissance de cr\u00e9ation<\/p>\n<\/blockquote>\n<p><strong>Vous d\u00e9crivez la place comme un personnage \u00e0 part enti\u00e8re&#8230;\u00a0<\/strong><\/p>\n<p>Oui, c\u2019\u00e9tait une v\u00e9ritable volont\u00e9. Pour moi, La Savane est un personnage vivant.\u00a0 Les premiers Kalinago ne faisaient d\u2019ailleurs pas de diff\u00e9rence entre la terre et la mer : la continuit\u00e9 du paysage effa\u00e7ait les fronti\u00e8res.<\/p>\n<blockquote class=\"ftvi_content_quote\">\n<p class=\"ftvi_citation_quote\">La place de La Savane, \u00e0 Fort-de-France, se prolonge dans l\u2019espace vert, vers la mer, on ne sait jamais vraiment o\u00f9 commence l\u2019une et o\u00f9 finit l\u2019autre<\/p>\n<\/blockquote>\n<p><strong>Expliquez le titre de votre documentaire\u2026<\/strong><\/p>\n<p>Une expression cr\u00e9ole m\u2019a beaucoup marqu\u00e9e : \u00ab Mwen ka ba\u2019w an vol\u00e9, ou k\u00e9 pran lanm\u00e8 pou an gran Savann \u00bb, Je vais tellement te frapper que tu prendras la mer pour une grande savane. Cette phrase m\u2019a inspir\u00e9e: \u00eatre dans un \u00e9tat des lieux de la confusion, accepter ce d\u00e9sordre pour chercher la voie qui peut nous aider \u00e0 avancer.<\/p>\n<p><strong>Pourquoi \u00e9tait-il important de faire dialoguer archives et images du pr\u00e9sent ?<\/strong><\/p>\n<p>J\u2019ai cherch\u00e9 \u00e0 utiliser le moins d\u2019images d\u2019archives possible, mais leur pr\u00e9sence restait n\u00e9cessaire. Elles r\u00e9v\u00e8lent une r\u00e9p\u00e9tition des choix historiques, un cycle de d\u00e9cisions et de conflits qui se rejouent sans cesse.<\/p>\n<p>J\u2019ai choisi volontairement des journaux qui ne questionnaient pas explicitement notre relation \u00e0 la France, pour mieux montrer les silences et les angles morts. La voix off, celle de l\u2019\u00c9tat, est en r\u00e9alit\u00e9 un collage de discours officiels prononc\u00e9s depuis 1946 jusqu\u2019\u00e0 Macron. J\u2019ai lu et m\u00e9lang\u00e9 tous ces discours afin de ne pas construire un r\u00e9cit lin\u00e9aire, mais plut\u00f4t une confusion organis\u00e9e, \u00e0 l\u2019image de notre propre histoire.<\/p>\n<p><strong>Le film explore aussi le silence actuel de la place\u2026<\/strong><\/p>\n<p>Oui, on a tendance \u00e0 oublier son importance pass\u00e9e. Aujourd\u2019hui, La Savane est devenue un espace de consommation, travers\u00e9 mais rarement habit\u00e9. Pourtant, elle garde une forme d\u2019esp\u00e9rance.<\/p>\n<p><strong>Quel impact esp\u00e9rez-vous que le film ait sur le public?<\/strong><\/p>\n<p>Lors de l\u2019avant-premi\u00e8re en Martinique, beaucoup ont ressenti une impossibilit\u00e9 de faire face \u00e0 la r\u00e9alit\u00e9 montr\u00e9e \u00e0 l\u2019\u00e9cran. J\u2019esp\u00e8re que le film ouvrira des discussions au-del\u00e0 de la salle, que les gens reverront la Savane autrement, qu\u2019ils se la r\u00e9approprieront sans attendre que la municipalit\u00e9 ou des associations organisent quelque chose. Pourquoi ne pas y imaginer des contes, du th\u00e9\u00e2tre, des r\u00e9cits partag\u00e9s ? Que La Savane redevienne un lieu vivant, pas seulement un d\u00e9cor.\u00a0<\/p>\n<blockquote class=\"ftvi_content_quote\">\n<p class=\"ftvi_citation_quote\">Qu&rsquo;est-ce que j&rsquo;attends des spectateurs ? Je n&rsquo;attends rien, dans le sens d&rsquo;une utilit\u00e9 attendue du cin\u00e9ma. J&rsquo;attends une rencontre, un d\u00e9bat, une interpellation, un d\u00e9rangement<\/p>\n<\/blockquote>\n<p>                                    <img class=\"a-article__image lazy libre\" width=\"800\" height=\"450\" data-src=\"https:\/\/www.europesays.com\/fr\/wp-content\/uploads\/2025\/10\/3-68e91fdfd2471412054728.png\" style=\"--img-placeholder: url('\/assets\/img\/placeholders\/article-800-450.svg');\" alt=\"Ne prends pas la mer pour une grande Savane\" aria-hidden=\"true\"\/><\/p>\n<p>                Ne prends pas la mer pour une grande Savane<br \/>\n                     \u2022<br \/>\n                            \u00a9Sanosi productions<\/p>\n","protected":false},"excerpt":{"rendered":"Dans Ne prends pas la mer pour une grande Savane, la r\u00e9alisatrice martiniquaise Arlette Pacquit explore, \u00e0 travers&hellip;\n","protected":false},"author":2,"featured_media":453460,"comment_status":"","ping_status":"","sticky":false,"template":"","format":"standard","meta":{"footnotes":""},"categories":[1354],"tags":[58,59,1346,1011,27,1360],"class_list":{"0":"post-453459","1":"post","2":"type-post","3":"status-publish","4":"format-standard","5":"has-post-thumbnail","7":"category-films","8":"tag-divertissement","9":"tag-entertainment","10":"tag-films","11":"tag-fr","12":"tag-france","13":"tag-movies"},"share_on_mastodon":{"url":"https:\/\/pubeurope.com\/@fr\/115351998013016119","error":""},"_links":{"self":[{"href":"https:\/\/www.europesays.com\/fr\/wp-json\/wp\/v2\/posts\/453459","targetHints":{"allow":["GET"]}}],"collection":[{"href":"https:\/\/www.europesays.com\/fr\/wp-json\/wp\/v2\/posts"}],"about":[{"href":"https:\/\/www.europesays.com\/fr\/wp-json\/wp\/v2\/types\/post"}],"author":[{"embeddable":true,"href":"https:\/\/www.europesays.com\/fr\/wp-json\/wp\/v2\/users\/2"}],"replies":[{"embeddable":true,"href":"https:\/\/www.europesays.com\/fr\/wp-json\/wp\/v2\/comments?post=453459"}],"version-history":[{"count":0,"href":"https:\/\/www.europesays.com\/fr\/wp-json\/wp\/v2\/posts\/453459\/revisions"}],"wp:featuredmedia":[{"embeddable":true,"href":"https:\/\/www.europesays.com\/fr\/wp-json\/wp\/v2\/media\/453460"}],"wp:attachment":[{"href":"https:\/\/www.europesays.com\/fr\/wp-json\/wp\/v2\/media?parent=453459"}],"wp:term":[{"taxonomy":"category","embeddable":true,"href":"https:\/\/www.europesays.com\/fr\/wp-json\/wp\/v2\/categories?post=453459"},{"taxonomy":"post_tag","embeddable":true,"href":"https:\/\/www.europesays.com\/fr\/wp-json\/wp\/v2\/tags?post=453459"}],"curies":[{"name":"wp","href":"https:\/\/api.w.org\/{rel}","templated":true}]}}