{"id":453481,"date":"2025-10-10T21:39:12","date_gmt":"2025-10-10T21:39:12","guid":{"rendered":"https:\/\/www.europesays.com\/fr\/453481\/"},"modified":"2025-10-10T21:39:12","modified_gmt":"2025-10-10T21:39:12","slug":"avec-chilly-gonzales-et-whiplash-le-chapiteau-sest-mis-en-route-ce-jeudi","status":"publish","type":"post","link":"https:\/\/www.europesays.com\/fr\/453481\/","title":{"rendered":"avec Chilly Gonzales et Whiplash, le Chapiteau s\u2019est mis en route ce jeudi"},"content":{"rendered":"<p>Premi\u00e8re pour Nancy Jazz Pulsations, ce jeudi soir. Le Chapiteau s\u2019est \u00e9veill\u00e9 et lanc\u00e9 son festival avec un exercice p\u00e9rilleux et exigeant avec un cin\u00e9-concert. En fil conducteur, le film \u00ab\u00a0Whiplash\u00a0\u00bb et son batteur surdou\u00e9. Et alors qu\u2019\u00e0 Poirel, Ganavya et Feni Kuti ont illumin\u00e9 la salle, Chilly Gonzales a clos la soir\u00e9e avec un r\u00e9cital millim\u00e9tr\u00e9 dans un P\u00e9pini\u00e8re d\u00e9j\u00e0 en f\u00eate\u00a0!<\/p>\n","protected":false},"excerpt":{"rendered":"Premi\u00e8re pour Nancy Jazz Pulsations, ce jeudi soir. Le Chapiteau s\u2019est \u00e9veill\u00e9 et lanc\u00e9 son festival avec un&hellip;\n","protected":false},"author":2,"featured_media":453482,"comment_status":"","ping_status":"","sticky":false,"template":"","format":"standard","meta":{"footnotes":""},"categories":[9635],"tags":[1111,11,1704,1777,674,1795,1011,27,2798,775,3457,1702,21112,12,3456,25,273],"class_list":{"0":"post-453481","1":"post","2":"type-post","3":"status-publish","4":"format-standard","5":"has-post-thumbnail","7":"category-nancy","8":"tag-actu","9":"tag-actualites","10":"tag-edition-nancy-et-agglomeration","11":"tag-eu","12":"tag-europe","13":"tag-fil-web","14":"tag-fr","15":"tag-france","16":"tag-galerie-photo","17":"tag-grand-est","18":"tag-meurthe-et-moselle","19":"tag-nancy","20":"tag-nancy-jazz-pulsations","21":"tag-news","22":"tag-region-lorraine","23":"tag-republique-francaise","24":"tag-selection-de-la-redaction"},"share_on_mastodon":{"url":"https:\/\/pubeurope.com\/@fr\/115352041261745855","error":""},"_links":{"self":[{"href":"https:\/\/www.europesays.com\/fr\/wp-json\/wp\/v2\/posts\/453481","targetHints":{"allow":["GET"]}}],"collection":[{"href":"https:\/\/www.europesays.com\/fr\/wp-json\/wp\/v2\/posts"}],"about":[{"href":"https:\/\/www.europesays.com\/fr\/wp-json\/wp\/v2\/types\/post"}],"author":[{"embeddable":true,"href":"https:\/\/www.europesays.com\/fr\/wp-json\/wp\/v2\/users\/2"}],"replies":[{"embeddable":true,"href":"https:\/\/www.europesays.com\/fr\/wp-json\/wp\/v2\/comments?post=453481"}],"version-history":[{"count":0,"href":"https:\/\/www.europesays.com\/fr\/wp-json\/wp\/v2\/posts\/453481\/revisions"}],"wp:featuredmedia":[{"embeddable":true,"href":"https:\/\/www.europesays.com\/fr\/wp-json\/wp\/v2\/media\/453482"}],"wp:attachment":[{"href":"https:\/\/www.europesays.com\/fr\/wp-json\/wp\/v2\/media?parent=453481"}],"wp:term":[{"taxonomy":"category","embeddable":true,"href":"https:\/\/www.europesays.com\/fr\/wp-json\/wp\/v2\/categories?post=453481"},{"taxonomy":"post_tag","embeddable":true,"href":"https:\/\/www.europesays.com\/fr\/wp-json\/wp\/v2\/tags?post=453481"}],"curies":[{"name":"wp","href":"https:\/\/api.w.org\/{rel}","templated":true}]}}