{"id":453524,"date":"2025-10-10T22:04:11","date_gmt":"2025-10-10T22:04:11","guid":{"rendered":"https:\/\/www.europesays.com\/fr\/453524\/"},"modified":"2025-10-10T22:04:11","modified_gmt":"2025-10-10T22:04:11","slug":"keziah-jones-le-bluefunk-passionne-a-la-fiesta-des-suds","status":"publish","type":"post","link":"https:\/\/www.europesays.com\/fr\/453524\/","title":{"rendered":"Keziah Jones, le bluefunk passionn\u00e9 \u00e0 la Fiesta des Suds"},"content":{"rendered":"<p>Quelques notes accrocheuses de sa guitare suffisaient \u00e0 rameuter en un clin d\u2019\u0153il un public jusqu\u2019ici diss\u00e9min\u00e9 sur l\u2019ensemble du festival. Au moment de lancer son set \u00e0 la nuit tomb\u00e9e hier, Keziah Jones rappelait combien il \u00e9tait un des artistes les plus attendus de cette <a href=\"https:\/\/www.laprovence.com\/article\/culture-loisirs\/1876478661352714\/la-34e-fiesta-des-suds-a-marseille-sera-celle-de-lamour\" target=\"_blank\" rel=\"noopener\">34e Fiesta des Suds<\/a>.<\/p>\n<p>Apr\u00e8s le show tr\u00e8s appr\u00e9ci\u00e9 des Anglais de Morcheeba en ouverture, les amoureux du <a href=\"https:\/\/www.laprovence.com\/article\/culture-loisirs\/68670775956461\/morcheeba-ensorcelle-la-fiesta-des-suds-a-marseille\" target=\"_blank\" rel=\"noopener\">dernier festival<\/a> un \u00e9t\u00e9 \u00e9largit ne demandaient qu\u2019\u00e0 prolonger le plaisir.<\/p>\n<p>Et vu son grand sourire en montant sur la sc\u00e8ne principale, le guitariste nig\u00e9rian n\u2019attendait que \u00e7a. On dit de l\u2019artiste et de ses trois musiciens qu\u2019ils composent leur concert en direct, sans suivre une setlist d\u00e9finie en amont. Sans surprise, mais non sans plaisir, le show d\u00e9marrait au son de Kpafuca. Un classique du r\u00e9pertoire de Keziah Jones d\u00e9di\u00e9 \u00e0 l\u2019identit\u00e9 et \u00e0 r\u00e9silience. Parfait pour faire danser le public heureux de remettre \u00e7a tout au long du concert, et ce d\u00e8s le morceau suivant\u00a0: Million Miles From Home, un autre incontournable.<\/p>\n<p>Youssoupha retrouve Marseille<\/p>\n<p>Dans un d\u00e9bardeur d\u00e9voilant sa forme physique toujours impeccable, l\u2019artiste \u00e2g\u00e9 de 57\u00a0ans jouait avec le rythme de la <a href=\"https:\/\/www.laprovence.com\/article\/culture-loisirs\/68670775956461\/morcheeba-ensorcelle-la-fiesta-des-suds-a-marseille\" target=\"_blank\" rel=\"noopener\">soir\u00e9e<\/a>. Des spectateurs qui mettent un peu moins d\u2019\u00e9&#8230;<\/p>\n","protected":false},"excerpt":{"rendered":"Quelques notes accrocheuses de sa guitare suffisaient \u00e0 rameuter en un clin d\u2019\u0153il un public jusqu\u2019ici diss\u00e9min\u00e9 sur&hellip;\n","protected":false},"author":2,"featured_media":453525,"comment_status":"","ping_status":"","sticky":false,"template":"","format":"standard","meta":{"footnotes":""},"categories":[2814],"tags":[17,1111,11,57899,1102,154,1777,674,3274,1011,27,57898,57897,884,12,10101,882,16,25,57674],"class_list":{"0":"post-453524","1":"post","2":"type-post","3":"status-publish","4":"format-standard","5":"has-post-thumbnail","7":"category-marseille","8":"tag-17","9":"tag-actu","10":"tag-actualites","11":"tag-bluefunk","12":"tag-breakingnews","13":"tag-des","14":"tag-eu","15":"tag-europe","16":"tag-fiesta","17":"tag-fr","18":"tag-france","19":"tag-jones","20":"tag-keziah","21":"tag-marseille","22":"tag-news","23":"tag-passionne","24":"tag-provence-alpes-cote-dazur","25":"tag-region","26":"tag-republique-francaise","27":"tag-suds"},"share_on_mastodon":{"url":"https:\/\/pubeurope.com\/@fr\/115352139486416625","error":""},"_links":{"self":[{"href":"https:\/\/www.europesays.com\/fr\/wp-json\/wp\/v2\/posts\/453524","targetHints":{"allow":["GET"]}}],"collection":[{"href":"https:\/\/www.europesays.com\/fr\/wp-json\/wp\/v2\/posts"}],"about":[{"href":"https:\/\/www.europesays.com\/fr\/wp-json\/wp\/v2\/types\/post"}],"author":[{"embeddable":true,"href":"https:\/\/www.europesays.com\/fr\/wp-json\/wp\/v2\/users\/2"}],"replies":[{"embeddable":true,"href":"https:\/\/www.europesays.com\/fr\/wp-json\/wp\/v2\/comments?post=453524"}],"version-history":[{"count":0,"href":"https:\/\/www.europesays.com\/fr\/wp-json\/wp\/v2\/posts\/453524\/revisions"}],"wp:featuredmedia":[{"embeddable":true,"href":"https:\/\/www.europesays.com\/fr\/wp-json\/wp\/v2\/media\/453525"}],"wp:attachment":[{"href":"https:\/\/www.europesays.com\/fr\/wp-json\/wp\/v2\/media?parent=453524"}],"wp:term":[{"taxonomy":"category","embeddable":true,"href":"https:\/\/www.europesays.com\/fr\/wp-json\/wp\/v2\/categories?post=453524"},{"taxonomy":"post_tag","embeddable":true,"href":"https:\/\/www.europesays.com\/fr\/wp-json\/wp\/v2\/tags?post=453524"}],"curies":[{"name":"wp","href":"https:\/\/api.w.org\/{rel}","templated":true}]}}