{"id":453526,"date":"2025-10-10T22:05:11","date_gmt":"2025-10-10T22:05:11","guid":{"rendered":"https:\/\/www.europesays.com\/fr\/453526\/"},"modified":"2025-10-10T22:05:11","modified_gmt":"2025-10-10T22:05:11","slug":"hockey-sur-glace-ligue-magnus-les-spartiates-de-marseille-impitoyables-avec-les-bordelais","status":"publish","type":"post","link":"https:\/\/www.europesays.com\/fr\/453526\/","title":{"rendered":"Hockey sur glace &#8211; Ligue Magnus : les Spartiates de Marseille impitoyables avec les Bordelais"},"content":{"rendered":"<p>Les rencontres entre Marseillais et Bordelais ont toujours un parfum particulier. Malgr\u00e9 un v\u00e9cu encore limit\u00e9 en Ligue Magnus, que les Spartiates ont rejoint \u00e0 l&rsquo;\u00e9t\u00e9 2023, les Boxers sont les adversaires qu&rsquo;ils ont le plus rencontr\u00e9s.<\/p>\n<p>Aux quatre classiques de la saison r\u00e9guli\u00e8re, les deux \u00e9quipes y ont ajout\u00e9 deux quarts de finale, tous remport\u00e9s par les Girondins, <a href=\"https:\/\/www.laprovence.com\/article\/sports\/6714722467712114\/hockey-sur-glace-playoffs-ligue-magnus-la-saison-sarrete-encore-en-quarts-de-finale-pour-les-spartiates\" target=\"_blank\" rel=\"noopener\">au terme de s\u00e9ries qui se sont \u00e9tir\u00e9es en longueur<\/a>. Tant et si bien que le Marseille &#8211; Bordeaux de ce vendredi \u00e9tait la 22e opposition entre les deux clubs depuis 2023.<\/p>\n<p>Et m\u00eame si les effectifs sont renouvel\u00e9s dans leurs grandes largeurs \u00e0 chaque intersaison, les deux clubs se connaissent bien, les dirigeants s&rsquo;appr\u00e9cient mais les supporters des deux camps ont fait de ces rendez-vous leur v\u00e9ritable classique.<\/p>\n<p>Ce n&rsquo;est donc pas un hasard si la rencontre d&rsquo;hier a \u00e9t\u00e9 la premi\u00e8re de la saison \u00e0 se d\u00e9rouler \u00e0 guichets ferm\u00e9s au Pomge. Et les joueurs de <a href=\"https:\/\/www.laprovence.com\/article\/sports\/6676230071905714\/hockey-sur-glace-jai-pris-enormement-de-plaisir-a-coacher-ces-gars-sourit-luc-tardif-malgre-lelimination-des-spartiates\" target=\"_blank\" rel=\"noopener\">Luc Tardif<\/a>, qui n&rsquo;avaient jusqu&rsquo;ici remport\u00e9 que huit confrontations face aux Boxers, avaient \u00e0 c\u0153ur de r\u00e9\u00e9quilibrer la balance.<\/p>\n<p>Quand l&rsquo;un est en confiance et l&rsquo;autre pas&#8230;<\/p>\n<p>Les affaires \u00e9taient tr\u00e8s bien engag\u00e9es \u00e0 l&rsquo;issue du premier tiers o\u00f9 Alexandre Lavoie et Jan Dufek inscrivaient deux buts dont l&rsquo;un \u00e9tait presque la copie conforme de l&rsquo;autre. Apr\u00e8s avoir embarqu\u00e9 les d\u00e9fenseurs et le gardien bordelais d&rsquo;un c\u00f4t\u00e9, l&rsquo;attaquant marseillais trouvait la faille au second poteau.<\/p>\n<p>Mais au retour des vestiaires, les Boxers retrouvaient du mordant et un but de Jakub Kindl permettait aux Girondins d&rsquo;esp\u00e9rer. Butant \u00e0 plusieurs reprises sur Libor Kasik encore une fois inspir\u00e9, les Bordelais se faisaient punir coup sur coup par Enzo Cantagallo et Paul Joubert. La r\u00e9duction de l&rsquo;\u00e9cart par Mathieu Pompei, \u00e0 cinq minutes de la fin, relevait de l&rsquo;anecdote puisque Albin Lindgren, d&rsquo;un lob astucieux depuis sa propre cage, profitait de la sortie du gardien bordelais pour inscrire le cinqui\u00e8me but marseillais.<\/p>\n<p>\u00ab\u00a0Ce que j&rsquo;ai pr\u00e9f\u00e9r\u00e9 dans ce match, c&rsquo;est notre gestion dans le troisi\u00e8me tiers, analysait l&rsquo;entra\u00eeneur marseillais, Luc Tardif. Sur l&rsquo;ensemble de la rencontre, c&rsquo;est un succ\u00e8s m\u00e9rit\u00e9.\u00a0\u00bb Toute la diff\u00e9rence en somme entre une \u00e9quipe en pleine confiance et une autre qui n&rsquo;est pas habitu\u00e9e \u00e0 \u00e9voluer dans les profondeurs du classement.<\/p>\n<p>Marseille 5 &#8211; 2 Bordeaux<\/p>\n<p>8e journ\u00e9e. Palais Omnisports Marseille Grand Est.<br \/>Arbitres : MM. Scolari et Laboulais. <br \/>Spectateurs : 5783 (guichets ferm\u00e9s). <br \/>Les tiers-temps : 2-0, 2-1, 1-1. <br \/>Buts &#8211; Marseille : Lavoie (13&rsquo;03\u00a0\u00bb, assist. Thompson, Colotti), Dufek (18&rsquo;16\u00a0\u00bb, assist. Thompson, Lavoie), Cantagallo (32&rsquo;46\u00a0\u00bb), Joubert (37&rsquo;16\u00a0\u00bb, assist. Stromberg, Dufek), Lindgren (58&rsquo;22\u00a0\u00bb, assist. Thompson, cage vide).<br \/>Bordeaux : Kindl (29&rsquo;18\u00a0\u00bb, assist. Pompei, Poudrier), Pompei (54&rsquo;23\u00a0\u00bb, assist. Farnier, Dusseau). <br \/>P\u00e9nalit\u00e9s &#8211; Marseille : 1&#215;2&prime;. Bordeaux : 1&#215;2&prime;. <br \/>Gardiens &#8211; Marseille : Kasik (60&prime;, 20 arr\u00eats). <br \/>Bordeaux : Dubeau (59&prime;, 17 arr\u00eats).<\/p>\n","protected":false},"excerpt":{"rendered":"Les rencontres entre Marseillais et Bordelais ont toujours un parfum particulier. Malgr\u00e9 un v\u00e9cu encore limit\u00e9 en Ligue&hellip;\n","protected":false},"author":2,"featured_media":453527,"comment_status":"","ping_status":"","sticky":false,"template":"","format":"standard","meta":{"footnotes":""},"categories":[2814],"tags":[17,1111,11,1777,674,1011,27,10854,4488,151,3022,57771,884,12,882,25,11824,60,3356],"class_list":{"0":"post-453526","1":"post","2":"type-post","3":"status-publish","4":"format-standard","5":"has-post-thumbnail","7":"category-marseille","8":"tag-17","9":"tag-actu","10":"tag-actualites","11":"tag-eu","12":"tag-europe","13":"tag-fr","14":"tag-france","15":"tag-glace","16":"tag-hockey","17":"tag-les","18":"tag-ligue","19":"tag-magnus","20":"tag-marseille","21":"tag-news","22":"tag-provence-alpes-cote-dazur","23":"tag-republique-francaise","24":"tag-spartiates","25":"tag-sports","26":"tag-sur"},"share_on_mastodon":{"url":"https:\/\/pubeurope.com\/@fr\/115352143412338184","error":""},"_links":{"self":[{"href":"https:\/\/www.europesays.com\/fr\/wp-json\/wp\/v2\/posts\/453526","targetHints":{"allow":["GET"]}}],"collection":[{"href":"https:\/\/www.europesays.com\/fr\/wp-json\/wp\/v2\/posts"}],"about":[{"href":"https:\/\/www.europesays.com\/fr\/wp-json\/wp\/v2\/types\/post"}],"author":[{"embeddable":true,"href":"https:\/\/www.europesays.com\/fr\/wp-json\/wp\/v2\/users\/2"}],"replies":[{"embeddable":true,"href":"https:\/\/www.europesays.com\/fr\/wp-json\/wp\/v2\/comments?post=453526"}],"version-history":[{"count":0,"href":"https:\/\/www.europesays.com\/fr\/wp-json\/wp\/v2\/posts\/453526\/revisions"}],"wp:featuredmedia":[{"embeddable":true,"href":"https:\/\/www.europesays.com\/fr\/wp-json\/wp\/v2\/media\/453527"}],"wp:attachment":[{"href":"https:\/\/www.europesays.com\/fr\/wp-json\/wp\/v2\/media?parent=453526"}],"wp:term":[{"taxonomy":"category","embeddable":true,"href":"https:\/\/www.europesays.com\/fr\/wp-json\/wp\/v2\/categories?post=453526"},{"taxonomy":"post_tag","embeddable":true,"href":"https:\/\/www.europesays.com\/fr\/wp-json\/wp\/v2\/tags?post=453526"}],"curies":[{"name":"wp","href":"https:\/\/api.w.org\/{rel}","templated":true}]}}