{"id":453540,"date":"2025-10-10T22:13:10","date_gmt":"2025-10-10T22:13:10","guid":{"rendered":"https:\/\/www.europesays.com\/fr\/453540\/"},"modified":"2025-10-10T22:13:10","modified_gmt":"2025-10-10T22:13:10","slug":"concert-de-booba-a-paris-la-defense-arena-une-incroyable-entree-un-orchestre-symphonique-et-2h30-epoustouflantes","status":"publish","type":"post","link":"https:\/\/www.europesays.com\/fr\/453540\/","title":{"rendered":"Concert de Booba \u00e0 Paris La D\u00e9fense Arena\u00a0: une incroyable entr\u00e9e, un orchestre symphonique et 2h30 \u00e9poustouflantes"},"content":{"rendered":"<p class=\"paragraph text_align_left lp-f-body-02\">Et un et deux et trois <a href=\"https:\/\/www.leparisien.fr\/booba\/\" target=\"_blank\" rel=\"noreferrer nofollow noopener\">Booba<\/a>. \u00c0 Paris La D\u00e9fense Arena, le poids lourd du rap fran\u00e7ais <a href=\"https:\/\/www.leparisien.fr\/culture-loisirs\/musique\/booba-en-concert-a-paris-la-defense-arena-ou-trouver-les-dernieres-places-pour-ses-trois-shows-09-10-2025-M66HBLCVRZEDXNPUEEHUFINNTY.php\" target=\"_self\" rel=\"nofollow noopener\">r\u00e9alise un tripl\u00e9 jusqu\u2019\u00e0 dimanche<\/a>. Trois concerts devant pr\u00e8s de 40 000 personnes chaque soir tout acquises \u00e0 sa cause. Comme ce vendredi soir, pour le premier, o\u00f9 chacun attend patiemment l\u2019artiste, venu avec ce show in\u00e9dit baptis\u00e9 \u00ab Nemesis \u00bb. Une figure de la mythologie &#8211; de la vengeance et de la justice &#8211; pour un artiste de 48 ans, figure embl\u00e9matique du rap fran\u00e7ais.<\/p>\n<p class=\"paragraph text_align_left lp-f-body-02\">Il faut au moins \u00e7a pour un spectacle unique, con\u00e7u sp\u00e9cialement dans la plus grande salle d\u2019Europe. Booba <a href=\"https:\/\/www.leparisien.fr\/culture-loisirs\/musique\/a-la-defense-arena-c-etait-la-fete-a-booba-13-10-2018-7918317.php\" target=\"_blank\" rel=\"noreferrer nofollow noopener\">l\u2019avait d\u00e9j\u00e0 remplie en 2018<\/a>. Il la conna\u00eet mais doit forc\u00e9ment faire mieux que la derni\u00e8re fois. Et c\u2019est d\u2019abord un speaker qui c\u00e9l\u00e8bre la star du soir. Un concert de louange avant un concert tout court. \u00ab Il a march\u00e9 seul\u2026 Les noms passent mais la l\u00e9gende reste. Le boss c\u2019est lui 30 ans de r\u00e8gne. Z\u00e9ro compromis. Ce n\u2019est pas un concert c\u2019est une prise de pouvoir. \u00bb N\u2019en jetez plus !<\/p>\n","protected":false},"excerpt":{"rendered":"Et un et deux et trois Booba. \u00c0 Paris La D\u00e9fense Arena, le poids lourd du rap fran\u00e7ais&hellip;\n","protected":false},"author":2,"featured_media":453541,"comment_status":"","ping_status":"","sticky":false,"template":"","format":"standard","meta":{"footnotes":""},"categories":[1888],"tags":[11,872,1777,674,1011,27,873,12,626,25],"class_list":{"0":"post-453540","1":"post","2":"type-post","3":"status-publish","4":"format-standard","5":"has-post-thumbnail","7":"category-paris","8":"tag-actualites","9":"tag-culture-et-loisirs","10":"tag-eu","11":"tag-europe","12":"tag-fr","13":"tag-france","14":"tag-musique","15":"tag-news","16":"tag-paris","17":"tag-republique-francaise"},"share_on_mastodon":{"url":"https:\/\/pubeurope.com\/@fr\/115352174862922898","error":""},"_links":{"self":[{"href":"https:\/\/www.europesays.com\/fr\/wp-json\/wp\/v2\/posts\/453540","targetHints":{"allow":["GET"]}}],"collection":[{"href":"https:\/\/www.europesays.com\/fr\/wp-json\/wp\/v2\/posts"}],"about":[{"href":"https:\/\/www.europesays.com\/fr\/wp-json\/wp\/v2\/types\/post"}],"author":[{"embeddable":true,"href":"https:\/\/www.europesays.com\/fr\/wp-json\/wp\/v2\/users\/2"}],"replies":[{"embeddable":true,"href":"https:\/\/www.europesays.com\/fr\/wp-json\/wp\/v2\/comments?post=453540"}],"version-history":[{"count":0,"href":"https:\/\/www.europesays.com\/fr\/wp-json\/wp\/v2\/posts\/453540\/revisions"}],"wp:featuredmedia":[{"embeddable":true,"href":"https:\/\/www.europesays.com\/fr\/wp-json\/wp\/v2\/media\/453541"}],"wp:attachment":[{"href":"https:\/\/www.europesays.com\/fr\/wp-json\/wp\/v2\/media?parent=453540"}],"wp:term":[{"taxonomy":"category","embeddable":true,"href":"https:\/\/www.europesays.com\/fr\/wp-json\/wp\/v2\/categories?post=453540"},{"taxonomy":"post_tag","embeddable":true,"href":"https:\/\/www.europesays.com\/fr\/wp-json\/wp\/v2\/tags?post=453540"}],"curies":[{"name":"wp","href":"https:\/\/api.w.org\/{rel}","templated":true}]}}