{"id":453568,"date":"2025-10-10T22:29:16","date_gmt":"2025-10-10T22:29:16","guid":{"rendered":"https:\/\/www.europesays.com\/fr\/453568\/"},"modified":"2025-10-10T22:29:16","modified_gmt":"2025-10-10T22:29:16","slug":"parlons-motogp-jose-antonio-rueda-a-ecrase-la-concurrence-mais-ce-nest-pas-tout","status":"publish","type":"post","link":"https:\/\/www.europesays.com\/fr\/453568\/","title":{"rendered":"Parlons MotoGP\u00a0: Jos\u00e9 Antonio Rueda a \u00e9cras\u00e9 la concurrence, mais ce n\u2019est pas tout"},"content":{"rendered":"<p><strong>Si l\u2019attention \u00e9tait concentr\u00e9e autour de Marc Marquez<br \/>\net Fermin Aldeguer le week-end dernier, il ne faut pas oublier que<br \/>\nla cat\u00e9gorie Moto3 a un nouveau champion, en la personne de Jos\u00e9<br \/>\nAntonio Rueda, pilote Red Bull KTM Ajo. Autant vous dire qu\u2019il n\u2019y<br \/>\na pas eu le moindre suspense cette saison dans la plus petite des<br \/>\ncat\u00e9gories tant il a domin\u00e9.<\/strong><\/p>\n<p>\u00a0<\/p>\n<p>Lui et les autres<\/p>\n<p>\u00a0<\/p>\n<p>Cette ann\u00e9e, qu\u2019il d\u00e9butait en favori apr\u00e8s le d\u00e9part des<br \/>\nanciens pilotes principaux vers le Moto2 (Veijer, Holgado, Alonso<br \/>\net Ortola), Rueda a tout \u00e9cras\u00e9. J\u2019ai eu l\u2019occasion de suivre de<br \/>\ntr\u00e8s pr\u00e8s ses exploits, et force est de constater qu\u2019il est<br \/>\nexcellent\u00a0; en plus d\u2019\u00eatre rapide et de savoir s\u2019imposer, il<br \/>\nposs\u00e8de une qualit\u00e9 assez rare de nos jours\u00a0: il est, toutes<br \/>\ncat\u00e9gories confondues, l\u2019un des plus r\u00e9guliers. <strong>En 2025,<br \/>\nRueda ne compte toujours aucune chute en course\u00a0! \u00c0 savoir que<br \/>\nson unique abandon, au Qatar, \u00e9tait d\u2019origine m\u00e9canique<\/strong>.<br \/>\nQuand il ne pouvait pas gagner, il pr\u00e9f\u00e9rait assurer les gros<br \/>\npoints, en ayant le recul n\u00e9cessaire pour accepter des positions<br \/>\nauxquelles il n\u2019\u00e9tait d\u00e9j\u00e0 plus habitu\u00e9.<\/p>\n<p>\u00a0<\/p>\n<p><img loading=\"lazy\" decoding=\"async\" aria-describedby=\"caption-attachment-1337545\" class=\"size-full wp-image-1337545\" src=\"https:\/\/www.europesays.com\/fr\/wp-content\/uploads\/2025\/10\/Rueda-2-1-e1760100902700.jpg\" alt=\"Rueda\" width=\"800\" height=\"571\"\/><\/p>\n<p id=\"caption-attachment-1337545\" class=\"wp-caption-text\">Ajo<br \/>\naccroche encore un nouveau succ\u00e8s. Photo : Ajo<\/p>\n<p>\u00a0<\/p>\n<p>Et quand il peut \u00e9craser tout le monde, il ne s\u2019en prive pas.<br \/>\n<strong><a href=\"https:\/\/www.paddock-gp.com\/parlons-motogp-jorge-lorenzo-est-de-retour\/\" target=\"_blank\" rel=\"noopener nofollow\">Sa plus grosse perf\u2019, d\u2019apr\u00e8s moi,<br \/>\ncette saison, n\u2019est autre que son Grand Prix d\u2019Espagne. Parti<br \/>\ndernier en raison d\u2019une p\u00e9nalit\u00e9, il a remont\u00e9 tout le peloton \u00e0 la<br \/>\nmani\u00e8re de Brad Binder et Marc Marquez avant lui<\/a><\/strong>,<br \/>\nmais, par dessus le march\u00e9, a coll\u00e9 plus de quatre secondes \u00e0 ses<br \/>\nconcurrents\u00a0! <strong>En tant qu\u2019adversaire, comment vous<br \/>\nremettez-vous d\u2019une telle le\u00e7on\u00a0?<\/strong><\/p>\n<p>F\u00e9licitations \u00e0 lui, il a parfaitement g\u00e9r\u00e9 et confirme son<br \/>\nstatut de \u00ab\u00a0crack\u00a0\u00bb. En effet, il fut le premier pilote \u00e0<br \/>\nremporter, la m\u00eame ann\u00e9e (2022), le Championnat JuniorGP et la Red<br \/>\nBull Rookies Cup. Il y avait ainsi beaucoup d\u2019attentes autour de<br \/>\nRueda, et, apr\u00e8s une ann\u00e9e 2024 assez d\u00e9cevante de mon point de<br \/>\nvue, <strong>il confirme enfin qu\u2019il a le talent des plus<br \/>\ngrands<\/strong>.<\/p>\n<p>\u00a0<\/p>\n<p>Rueda peut-il convertir\u00a0?<\/p>\n<p>\u00a0<\/p>\n<p>Certes, Jos\u00e9 Antonio Rueda est un immense champion, qui affiche<br \/>\ndes statistiques impressionnantes. <strong>Il est d\u00e9j\u00e0 \u00e0 neuf<br \/>\nvictoires, cinq poles, et quatre autres podiums<\/strong>. Ce n\u2019est<br \/>\nfinalement pas si loin de l\u2019exploit r\u00e9alis\u00e9 par David Alonso<br \/>\nl\u2019ann\u00e9e pass\u00e9e, et, \u00e0 bien des \u00e9gards, c\u2019\u00e9tait parfois tout aussi<br \/>\nimpressionnant.<\/p>\n<p>Maintenant, posons-nous la vraie question\u00a0: Jos\u00e9 Antonio<br \/>\nRueda a-t-il les qualit\u00e9s pour r\u00e9ussir en Moto2, et, pourquoi pas,<br \/>\nen <a href=\"https:\/\/www.motogp.com\/fr\/\" target=\"_blank\" rel=\"noopener nofollow\">MotoGP\u00a0<\/a>? Honn\u00eatement, je n\u2019en sais rien.<br \/>\nVoyez-vous, cela fait maintenant plusieurs ann\u00e9es que je vous parle<br \/>\ndu manque de pertinence du championnat Moto3 actuel.<br \/>\n<strong>D\u2019apr\u00e8s mon analyse, il n\u2019est pas si repr\u00e9sentatif que<br \/>\n\u00e7a<\/strong>.<\/p>\n<p>\u00c9tant donn\u00e9 que les pilotes de la plus petite classe \u00e9voluent<br \/>\navec ces machines depuis tr\u00e8s longtemps, ils en deviennent des<br \/>\nsp\u00e9cialistes<strong>. Mais leur talent ne se v\u00e9rifie pas toujours<br \/>\ndans les cat\u00e9gories sup\u00e9rieures<\/strong>. <strong><a href=\"https:\/\/www.paddock-gp.com\/parlons-motogp-maximo-quiles-est-excellent-oui-mais-apres\/\" target=\"_blank\" rel=\"noopener nofollow\">J\u2019avais d\u00e9j\u00e0 abord\u00e9 ce sujet lorsque<br \/>\nje parlais du nouveau ph\u00e9nom\u00e8ne Maximo Quiles, dans un article que<br \/>\nvous pouvez retrouver en cliquant ici.<\/a><\/strong><\/p>\n<p>\u00a0<\/p>\n<p><img loading=\"lazy\" decoding=\"async\" aria-describedby=\"caption-attachment-1337546\" class=\"size-full wp-image-1337546\" src=\"https:\/\/www.europesays.com\/fr\/wp-content\/uploads\/2025\/10\/Rueda-3-e1760101061234.jpg\" alt=\"Rueda\" width=\"800\" height=\"533\"\/><\/p>\n<p id=\"caption-attachment-1337546\" class=\"wp-caption-text\">Jos\u00e9<br \/>\nAntonio Rueda a imm\u00e9diatement remerci\u00e9 Dieu pour son succ\u00e8s. \u00c0<br \/>\nnotre \u00e9poque, c\u2019est pour le moins \u00e9tonnant, mais j\u2019aime que les<br \/>\npilotes s\u2019affirment. Photo : Ajo<\/p>\n<p>\u00a0<\/p>\n<p>Je dois vous avouer que je suis assez d\u00e9\u00e7u de la saison 2025 de<br \/>\nDavid Alonso en Moto2. Vous pouvez me trouver dur, mais, en 2024,<br \/>\nil n\u2019avait pas fait qu\u2019une bonne saison Moto3\u00a0; <strong>le<br \/>\nColombien avait sign\u00e9 l\u2019une des meilleures prestations de<br \/>\nl\u2019histoire du sport motocycliste\u00a0!<\/strong> Ainsi, je<br \/>\nm\u2019attendais \u00e0 ce qu\u2019il d\u00e9barque, un peu comme Marc Marquez en 2011,<br \/>\net qu\u2019il se mette \u00e0 jouer le titre car il semblait d\u00e9tenir toutes<br \/>\nles qualit\u00e9s pour le faire. Pourtant, le meilleur rookie est Daniel<br \/>\nHolgado, que j\u2019attendais beaucoup moins.<\/p>\n<p><strong><a href=\"https:\/\/www.paddock-gp.com\/parlons-motogp-le-moto3-court-un-grand-danger-et-personne-nen-parle-1-2\/\" target=\"_blank\" rel=\"noopener nofollow\">C\u2019est pour cette raison que la FIM<br \/>\ntravaille d\u2019arrache-pied, en ce moment, pour combler l\u2019\u00e9cart entre<br \/>\nle Moto3 et le Moto2, car \u00e7a ne va pas<\/a><\/strong>. Les meilleurs<br \/>\npilotes Moto2, n\u2019ont, pour la plupart, pas r\u00e9ellement brill\u00e9 en<br \/>\nMoto3 \u2013 voire n\u2019y ont jamais mis les pieds \u2013, <strong>et ce n\u2019est<br \/>\npas viable pour l\u2019\u00e9cosyst\u00e8me MotoGP.<\/strong><\/p>\n<p>Prenant cela en compte, je suis en droit d\u2019\u00e9mettre des doutes<br \/>\nquant au futur de Jos\u00e9 Antonio Rueda. Il pourrait r\u00e9ussir, oui,<br \/>\nc\u2019est certain. Mais il pourrait aussi sombrer dans l\u2019indiff\u00e9rence<br \/>\nla plus totale, car, apr\u00e8s tout, <strong>n\u2019est-il pas l\u2019arch\u00e9type<br \/>\nparfait du sp\u00e9cialiste du Moto3\u00a0?<\/strong> Lui qui a \u00e9cum\u00e9 les<br \/>\ncat\u00e9gories de promotion depuis sa plus tendre enfance\u00a0?<br \/>\nMalheureusement, \u00e7a ne serait pas le premier champion du monde<br \/>\nMoto3 qui dispara\u00eetrait totalement des radars, et, probablement pas<br \/>\nle dernier en attendant une r\u00e9forme. C\u2019est contre-intuitif, mais<br \/>\n<strong>il y a m\u00eame plus de chances que cela se produise<br \/>\nstatistiquement quand l\u2019on suit la progression des tr\u00e8s bons<br \/>\npilotes Moto3 ces derni\u00e8res ann\u00e9es<\/strong>.<\/p>\n<p>Je suis curieux de savoir ce que vous avez pens\u00e9 de la saison de<br \/>\nJos\u00e9 Antonio Rueda, alors, <strong>dites-le-moi en<br \/>\ncommentaires\u00a0!<\/strong><\/p>\n<p>Pour rappel, cet article ne refl\u00e8te que la pens\u00e9e de son auteur,<br \/>\net pas de l\u2019enti\u00e8ret\u00e9 de la r\u00e9daction.<\/p>\n<p>\u00a0<\/p>\n<p><img loading=\"lazy\" decoding=\"async\" aria-describedby=\"caption-attachment-1337551\" class=\"size-full wp-image-1337551\" src=\"https:\/\/www.europesays.com\/fr\/wp-content\/uploads\/2025\/10\/Moto3-1-e1760101194918.jpg\" alt=\"\" width=\"800\" height=\"533\"\/><\/p>\n<p id=\"caption-attachment-1337551\" class=\"wp-caption-text\">Quiles,<br \/>\nle prochain ? En tout cas, c\u2019est mon pronostic. Photo : Aspar<br \/>\nTeam<\/p>\n<p>\u00a0<\/p>\n<p>Photo de couverture : Red Bull KTM Ajo<\/p>\n","protected":false},"excerpt":{"rendered":"Si l\u2019attention \u00e9tait concentr\u00e9e autour de Marc Marquez et Fermin Aldeguer le week-end dernier, il ne faut pas&hellip;\n","protected":false},"author":2,"featured_media":453569,"comment_status":"","ping_status":"","sticky":false,"template":"","format":"standard","meta":{"footnotes":""},"categories":[1413],"tags":[1011,27,1457,1456,60],"class_list":{"0":"post-453568","1":"post","2":"type-post","3":"status-publish","4":"format-standard","5":"has-post-thumbnail","7":"category-moto","8":"tag-fr","9":"tag-france","10":"tag-moto","11":"tag-motocycle","12":"tag-sports"},"share_on_mastodon":{"url":"https:\/\/pubeurope.com\/@fr\/115352238394164679","error":""},"_links":{"self":[{"href":"https:\/\/www.europesays.com\/fr\/wp-json\/wp\/v2\/posts\/453568","targetHints":{"allow":["GET"]}}],"collection":[{"href":"https:\/\/www.europesays.com\/fr\/wp-json\/wp\/v2\/posts"}],"about":[{"href":"https:\/\/www.europesays.com\/fr\/wp-json\/wp\/v2\/types\/post"}],"author":[{"embeddable":true,"href":"https:\/\/www.europesays.com\/fr\/wp-json\/wp\/v2\/users\/2"}],"replies":[{"embeddable":true,"href":"https:\/\/www.europesays.com\/fr\/wp-json\/wp\/v2\/comments?post=453568"}],"version-history":[{"count":0,"href":"https:\/\/www.europesays.com\/fr\/wp-json\/wp\/v2\/posts\/453568\/revisions"}],"wp:featuredmedia":[{"embeddable":true,"href":"https:\/\/www.europesays.com\/fr\/wp-json\/wp\/v2\/media\/453569"}],"wp:attachment":[{"href":"https:\/\/www.europesays.com\/fr\/wp-json\/wp\/v2\/media?parent=453568"}],"wp:term":[{"taxonomy":"category","embeddable":true,"href":"https:\/\/www.europesays.com\/fr\/wp-json\/wp\/v2\/categories?post=453568"},{"taxonomy":"post_tag","embeddable":true,"href":"https:\/\/www.europesays.com\/fr\/wp-json\/wp\/v2\/tags?post=453568"}],"curies":[{"name":"wp","href":"https:\/\/api.w.org\/{rel}","templated":true}]}}